{"id":348008,"date":"2025-08-27T16:40:10","date_gmt":"2025-08-27T16:40:10","guid":{"rendered":"https:\/\/www.europesays.com\/fr\/348008\/"},"modified":"2025-08-27T16:40:10","modified_gmt":"2025-08-27T16:40:10","slug":"berlin-de-la-ville-rouge-au-champ-de-ruines-liberation","status":"publish","type":"post","link":"https:\/\/www.europesays.com\/fr\/348008\/","title":{"rendered":"Berlin, de la ville rouge au champ de ruines \u2013 Lib\u00e9ration"},"content":{"rendered":"<p class=\"sc-ksZaOG ehjQrN text-element\">Les nazis, Hitler en t\u00eate, ha\u00efssaient Berlin, une ville corrompue \u00e0 leurs yeux. Mais plut\u00f4t que de la rabaisser, le F\u00fchrer r\u00eavait de la m\u00e9tamorphoser pour qu\u2019elle brille dans son Reich de mille ans. Tel est le paradoxe qu\u2019explore dans un livre stimulant St\u00e9phane F\u00fczess\u00e9ry. En rappelant d\u2019abord la croissance inou\u00efe de la capitale du Reich : peu peupl\u00e9e au XIXe si\u00e8cle, la cit\u00e9 \u00e9tait devenue \u00e0 la veille de la Grande Guerre une ville g\u00e9ante de 878 km\u00b2 (contre 86 km\u00b2 pour Paris), peupl\u00e9e de 4,4 millions d\u2019habitants. Une croissance qui obligea \u00e0 une double adaptation : la ville devait s\u2019acclimater \u00e0 sa population ; et la population devait s\u2019acclimater \u00e0 la ville. Une mission d\u00e9licate. Aucun plan directeur ne r\u00e9gissait l\u2019urbanisme ce qui amena les \u00e9diles \u00e0 opter pour une dispersion contr\u00f4l\u00e9e de l\u2019expansion dans des faubourgs pour r\u00e9gler le lancinant probl\u00e8me du logement. Et il fallut aussi domestiquer les migrants pour transformer les campagnards en citadins : leur apprendre \u00e0 traverser les rues sans se faire renverser ; \u00e0 descendre d\u2019un tramway en marche sans tomber ; \u00e0 emprunter les transports en commun en respectant des r\u00e8gles minimales de civilit\u00e9. Feux rouges, panneaux de signalisation\u2026 et agents de police s\u2019en charg\u00e8rent.<\/p>\n<p class=\"sc-ksZaOG ehjQrN text-element\">Malgr\u00e9 de rudes obstacles, Berlin devint bient\u00f4t un phare. Si les masses populaires continuaient \u00e0 s\u2019entasser dans de sinistres casernes locatives (Mietskasernen), elles b\u00e9n\u00e9fici\u00e8rent bient\u00f4t d\u2019un excellent r\u00e9seau de transport (tramway d\u2019abord, m\u00e9tro e<\/p>\n","protected":false},"excerpt":{"rendered":"Les nazis, Hitler en t\u00eate, ha\u00efssaient Berlin, une ville corrompue \u00e0 leurs yeux. Mais plut\u00f4t que de la&hellip;\n","protected":false},"author":2,"featured_media":348009,"comment_status":"","ping_status":"","sticky":false,"template":"","format":"standard","meta":{"footnotes":""},"categories":[1357],"tags":[672,1379,10488,58,59,1011,27,1380],"class_list":{"0":"post-348008","1":"post","2":"type-post","3":"status-publish","4":"format-standard","5":"has-post-thumbnail","7":"category-livres","8":"tag-allemagne","9":"tag-books","10":"tag-cahier-livres","11":"tag-divertissement","12":"tag-entertainment","13":"tag-fr","14":"tag-france","15":"tag-livres"},"share_on_mastodon":{"url":"https:\/\/pubeurope.com\/@fr\/115101724081619787","error":""},"_links":{"self":[{"href":"https:\/\/www.europesays.com\/fr\/wp-json\/wp\/v2\/posts\/348008","targetHints":{"allow":["GET"]}}],"collection":[{"href":"https:\/\/www.europesays.com\/fr\/wp-json\/wp\/v2\/posts"}],"about":[{"href":"https:\/\/www.europesays.com\/fr\/wp-json\/wp\/v2\/types\/post"}],"author":[{"embeddable":true,"href":"https:\/\/www.europesays.com\/fr\/wp-json\/wp\/v2\/users\/2"}],"replies":[{"embeddable":true,"href":"https:\/\/www.europesays.com\/fr\/wp-json\/wp\/v2\/comments?post=348008"}],"version-history":[{"count":0,"href":"https:\/\/www.europesays.com\/fr\/wp-json\/wp\/v2\/posts\/348008\/revisions"}],"wp:featuredmedia":[{"embeddable":true,"href":"https:\/\/www.europesays.com\/fr\/wp-json\/wp\/v2\/media\/348009"}],"wp:attachment":[{"href":"https:\/\/www.europesays.com\/fr\/wp-json\/wp\/v2\/media?parent=348008"}],"wp:term":[{"taxonomy":"category","embeddable":true,"href":"https:\/\/www.europesays.com\/fr\/wp-json\/wp\/v2\/categories?post=348008"},{"taxonomy":"post_tag","embeddable":true,"href":"https:\/\/www.europesays.com\/fr\/wp-json\/wp\/v2\/tags?post=348008"}],"curies":[{"name":"wp","href":"https:\/\/api.w.org\/{rel}","templated":true}]}}