{"id":348018,"date":"2025-08-27T16:46:11","date_gmt":"2025-08-27T16:46:11","guid":{"rendered":"https:\/\/www.europesays.com\/fr\/348018\/"},"modified":"2025-08-27T16:46:11","modified_gmt":"2025-08-27T16:46:11","slug":"deces-dalain-belmondo-le-frere-de-jean-paul-producteur-du-vieux-fusil-borsalino-le-magnifique-et-bien-dautres-films-avec-bebel","status":"publish","type":"post","link":"https:\/\/www.europesays.com\/fr\/348018\/","title":{"rendered":"D\u00e9c\u00e8s d&rsquo;Alain Belmondo, le fr\u00e8re de Jean-Paul, producteur du \u00ab\u00a0Vieux fusil\u00a0\u00bb, \u00ab\u00a0Borsalino\u00a0\u00bb, \u00ab\u00a0Le Magnifique\u00a0\u00bb et bien d&rsquo;autres films avec B\u00e9bel"},"content":{"rendered":"<p class=\"ap-StoryElement ap-StoryElement--mb ap-StoryText\">L&rsquo;information a \u00e9t\u00e9 donn\u00e9e par les r\u00e9seaux sociaux du compositeur de musiques de film Fran\u00e7ois de Roubaix, elle est confirm\u00e9e par la DH: Alain Belmondo est d\u00e9c\u00e9d\u00e9 ce mercredi 27 ao\u00fbt au matin.<\/p>\n<p class=\"ap-StoryElement ap-StoryElement--mb ap-StoryText\">Le fr\u00e8re de Jean-Paul Belmondo avait 93 ans. Il a produit, en tant que producteur ex\u00e9cutif, producteur d\u00e9l\u00e9gu\u00e9 ou r\u00e9gisseur de production, de nombreux films qui restent tr\u00e8s populaires dans la m\u00e9moire collective. On pense au Vieux fusil de Robert Enrico, avec Philippe Noiret et Romy Schneider.<\/p>\n<p><a href=\"https:\/\/www.dhnet.be\/medias\/2024\/10\/17\/la-famille-de-jean-paul-belmondo-se-dechire-autour-de-100-millions-dheritage-XNRPTUU7RFHH5C3DAVCKUN5YYQ\/\" target=\"_blank\" rel=\"noopener noreferrer nofollow\" class=\"ap-StoryInterstitialLink ap-StoryElement ap-StoryElement--mb\">La famille de Jean-Paul Belmondo se d\u00e9chire autour de 100 millions d&rsquo;h\u00e9ritage<\/a><\/p>\n<p class=\"ap-StoryElement ap-StoryElement--mb ap-StoryText\">Mais ce sont surtout les films avec Jean-Paul Belmondo qui constituent l&rsquo;essentiel de la filmographie. Il a contribu\u00e9 \u00e0 Borsalino de Jacques Deray (1970), film dans lequel B\u00e9bel partage l&rsquo;affiche avec Alain Delon, producteur du long m\u00e9trage, Catherine Rouvel et Michel Bouquet. Mais aussi : Le Magnifique de Philippe de Broca (1973), Stavisky d&rsquo;Alain Renais (1974), Flic ou voyou (1979), Le Guignolo (1980) et Le Professionnel (1981) de Georges Lautner et L&rsquo;As des as de G\u00e9rard Oury (1982).<\/p>\n<p class=\"ap-StoryElement ap-StoryElement--mb ap-StoryText\">Ajoutons \u00e0 la liste Indochine de R\u00e9gis Wargnier en 1992, avec Catherine Deneuve.<\/p>\n<p class=\"ap-StoryElement ap-StoryElement--mb ap-StoryText\">En tant que r\u00e9gisseur de production, il a pass\u00e9 de nombreuses semaines \u00e0 Bruxelles pour le tournage de <a href=\"https:\/\/fondationbrel.be\/oeuvre\/la-bande-a-bonnot\/?utm_source=chatgpt.com\" target=\"_self\" rel=\"nofollow noopener\">La bande \u00e0 Bono, film de 1968 avec Jacques Brel<\/a>.<\/p>\n<p class=\"ap-StoryElement ap-StoryElement--mb ap-StoryText\">Alain Belmondo \u00e9tait tr\u00e8s respect\u00e9 dans le monde du cin\u00e9ma parce que c&rsquo;\u00e9tait un homme vrai et franc, nous a gliss\u00e9 un de ses proches.<\/p>\n","protected":false},"excerpt":{"rendered":"L&rsquo;information a \u00e9t\u00e9 donn\u00e9e par les r\u00e9seaux sociaux du compositeur de musiques de film Fran\u00e7ois de Roubaix, elle&hellip;\n","protected":false},"author":2,"featured_media":348019,"comment_status":"","ping_status":"","sticky":false,"template":"","format":"standard","meta":{"footnotes":""},"categories":[8],"tags":[58,59,2081,1011,27,1227],"class_list":{"0":"post-348018","1":"post","2":"type-post","3":"status-publish","4":"format-standard","5":"has-post-thumbnail","7":"category-divertissement","8":"tag-divertissement","9":"tag-entertainment","10":"tag-film","11":"tag-fr","12":"tag-france","13":"tag-horizontal"},"share_on_mastodon":{"url":"https:\/\/pubeurope.com\/@fr\/115101747497429261","error":""},"_links":{"self":[{"href":"https:\/\/www.europesays.com\/fr\/wp-json\/wp\/v2\/posts\/348018","targetHints":{"allow":["GET"]}}],"collection":[{"href":"https:\/\/www.europesays.com\/fr\/wp-json\/wp\/v2\/posts"}],"about":[{"href":"https:\/\/www.europesays.com\/fr\/wp-json\/wp\/v2\/types\/post"}],"author":[{"embeddable":true,"href":"https:\/\/www.europesays.com\/fr\/wp-json\/wp\/v2\/users\/2"}],"replies":[{"embeddable":true,"href":"https:\/\/www.europesays.com\/fr\/wp-json\/wp\/v2\/comments?post=348018"}],"version-history":[{"count":0,"href":"https:\/\/www.europesays.com\/fr\/wp-json\/wp\/v2\/posts\/348018\/revisions"}],"wp:featuredmedia":[{"embeddable":true,"href":"https:\/\/www.europesays.com\/fr\/wp-json\/wp\/v2\/media\/348019"}],"wp:attachment":[{"href":"https:\/\/www.europesays.com\/fr\/wp-json\/wp\/v2\/media?parent=348018"}],"wp:term":[{"taxonomy":"category","embeddable":true,"href":"https:\/\/www.europesays.com\/fr\/wp-json\/wp\/v2\/categories?post=348018"},{"taxonomy":"post_tag","embeddable":true,"href":"https:\/\/www.europesays.com\/fr\/wp-json\/wp\/v2\/tags?post=348018"}],"curies":[{"name":"wp","href":"https:\/\/api.w.org\/{rel}","templated":true}]}}