{"id":348020,"date":"2025-08-27T16:47:11","date_gmt":"2025-08-27T16:47:11","guid":{"rendered":"https:\/\/www.europesays.com\/fr\/348020\/"},"modified":"2025-08-27T16:47:11","modified_gmt":"2025-08-27T16:47:11","slug":"comment-la-terre-sest-transformee-en-boule-de-neige-il-y-a-717-millions-dannees","status":"publish","type":"post","link":"https:\/\/www.europesays.com\/fr\/348020\/","title":{"rendered":"Comment la Terre s\u2019est transform\u00e9e en \u00abboule de neige\u00bb, il y a 717 millions d\u2019ann\u00e9es"},"content":{"rendered":"<p><strong>D\u00c9CRYPTAGE <\/strong>&#8211; Une \u00e9tude tente d\u2019expliquer les m\u00e9canismes qui ont entra\u00een\u00e9 cet \u00e9pisode de glaciation totale, consid\u00e9r\u00e9 comme \u00abl\u2019un des \u00e9v\u00e9nements les plus extr\u00eames de l\u2019histoire climatique de la plan\u00e8te\u00bb.<\/p>\n<p class=\"fig-paragraph\">\u00c0 au moins trois reprises depuis sa formation, notre plan\u00e8te a \u00e9t\u00e9 enti\u00e8rement couverte de glace, des p\u00f4les \u00e0 l\u2019\u00e9quateur. Autrefois contest\u00e9s, ces \u00e9pisodes de \u00ab\u00a0Terre boule de neige\u00a0\u00bb (\u00ab\u00a0Snowball Earth\u00a0\u00bb en anglais) sont attest\u00e9s notamment par des traces de glaciers d\u00e9couvertes sur des territoires qui se trouvaient alors au niveau des tropiques. \u00ab\u00a0Ces glaciations mondiales comptent parmi les \u00e9v\u00e9nements les plus extr\u00eames de l\u2019histoire climatique de la plan\u00e8te et ont probablement eu un impact profond sur l\u2019\u00e9volution de la vie, note Charlotte Minsky, chercheuse au d\u00e9partement des sciences de la Terre et des plan\u00e8tes de l\u2019universit\u00e9 am\u00e9ricaine de\u00a0<a href=\"http:\/\/www.lefigaro.fr\/international\/etats-unis-harvard-pourrait-signer-un-accord-historique-avec-l-administration-trump-20250812\" data-fig-type=\"Article\" data-gtm-custom-categorie=\"navigation\" data-gtm-custom-action=\"crossclick\" data-gtm-custom-label=\"Contextuel\" data-gtm-event=\"customEventSPE\" data-fig-domain=\"LEFIGARO\" target=\"_blank\" rel=\"noopener\">Harvard<\/a>. Mais leurs causes sont longtemps rest\u00e9es un myst\u00e8re.\u00a0\u00bb<\/p>\n<p class=\"fig-paragraph\">Dans un article publi\u00e9 dans le\u00a0<a href=\"https:\/\/agupubs.onlinelibrary.wiley.com\/doi\/10.1029\/2024JE008701?af=R\" target=\"_blank\" rel=\"sponsored noopener\" data-gtm-custom-categorie=\"navigation\" data-gtm-custom-action=\"crossclick\" data-gtm-custom-label=\"Contextuel\" data-gtm-event=\"customEventSPE\">Journal of Geophysical Research\u00a0: Planets<\/a>, son \u00e9quipe s\u2019est pench\u00e9e sur l\u2019origine de l\u2019un de ces \u00e9v\u00e9nements extr\u00eames, la glaciation sturtienne, qui s\u2019est enclench\u00e9e il y a 717\u00a0millions d\u2019ann\u00e9es et a dur\u00e9 environ 60\u00a0millions d\u2019ann\u00e9es. Les\u2026<\/p>\n<p class=\"fig-premium-paywall__infos\">\n        Cet article est r\u00e9serv\u00e9 aux abonn\u00e9s.        Il vous reste 85% \u00e0 d\u00e9couvrir.\n    <\/p>\n<p>                <img  data- alt=\"Le Figaro\" class=\"fig-img--complete fig-img\"\/><\/p>\n<p class=\"fig-premium-paywall__title\">Vente Flash<\/p>\n<p class=\"fig-premium-paywall__subtitle\">4,99\u20ac par mois pendant 12 mois. Sans engagement<\/p>\n<p class=\"fig-premium-paywall__connect\">\n                D\u00e9j\u00e0 abonn\u00e9\u00a0?                <a class=\"fig-premium-paywall__connect-link\" href=\"https:\/\/connect.lefigaro.fr\/login?client=horizon_web&amp;type=main&amp;redirect_uri=https%3A%2F%2Fwww.lefigaro.fr%2Fsciences%2Fcomment-la-terre-s-est-transformee-en-boule-de-neige-il-y-a-717-millions-d-annees-20250827\" data-js-gtm=\"{&quot;customCategorie&quot;: &quot;conversion&quot;, &quot;customAction&quot;: &quot;before_Landing_Connexion_paywall_auto&quot;, &quot;customLabel&quot;: &quot;bGVmaWdhcm8uZnJfXzFmMDcyMDAxLWUyMmMtNjdkNC05MTM0LTAxZjdhNTZkNmU2ZV9fQXJ0aWNsZQ==_Comment la Terre s\u2019est transform\u00e9e en \u00abboule de neige\u00bb, il y a 717 millions d\u2019ann\u00e9es_271&quot;, &quot;customIDSPE&quot;: &quot;bGVmaWdhcm8uZnJfXzFmMDcyMDAxLWUyMmMtNjdkNC05MTM0LTAxZjdhNTZkNmU2ZV9fQXJ0aWNsZQ==&quot;, &quot;event&quot;: &quot;customEventSPE&quot;}\" target=\"_blank\" rel=\"noopener\"><br \/>\n                    Connectez-vous<br \/>\n                <\/a>\n            <\/p>\n","protected":false},"excerpt":{"rendered":"D\u00c9CRYPTAGE &#8211; Une \u00e9tude tente d\u2019expliquer les m\u00e9canismes qui ont entra\u00een\u00e9 cet \u00e9pisode de glaciation totale, consid\u00e9r\u00e9 comme&hellip;\n","protected":false},"author":2,"featured_media":348021,"comment_status":"","ping_status":"","sticky":false,"template":"","format":"standard","meta":{"footnotes":""},"categories":[7],"tags":[1129,1011,27,52,43,40,41,39,42,44],"class_list":{"0":"post-348020","1":"post","2":"type-post","3":"status-publish","4":"format-standard","5":"has-post-thumbnail","7":"category-sciences-et-technologies","8":"tag-climat","9":"tag-fr","10":"tag-france","11":"tag-planete","12":"tag-science","13":"tag-science-and-technology","14":"tag-sciences","15":"tag-sciences-et-technologies","16":"tag-technologies","17":"tag-technology"},"share_on_mastodon":{"url":"https:\/\/pubeurope.com\/@fr\/115101751358269125","error":""},"_links":{"self":[{"href":"https:\/\/www.europesays.com\/fr\/wp-json\/wp\/v2\/posts\/348020","targetHints":{"allow":["GET"]}}],"collection":[{"href":"https:\/\/www.europesays.com\/fr\/wp-json\/wp\/v2\/posts"}],"about":[{"href":"https:\/\/www.europesays.com\/fr\/wp-json\/wp\/v2\/types\/post"}],"author":[{"embeddable":true,"href":"https:\/\/www.europesays.com\/fr\/wp-json\/wp\/v2\/users\/2"}],"replies":[{"embeddable":true,"href":"https:\/\/www.europesays.com\/fr\/wp-json\/wp\/v2\/comments?post=348020"}],"version-history":[{"count":0,"href":"https:\/\/www.europesays.com\/fr\/wp-json\/wp\/v2\/posts\/348020\/revisions"}],"wp:featuredmedia":[{"embeddable":true,"href":"https:\/\/www.europesays.com\/fr\/wp-json\/wp\/v2\/media\/348021"}],"wp:attachment":[{"href":"https:\/\/www.europesays.com\/fr\/wp-json\/wp\/v2\/media?parent=348020"}],"wp:term":[{"taxonomy":"category","embeddable":true,"href":"https:\/\/www.europesays.com\/fr\/wp-json\/wp\/v2\/categories?post=348020"},{"taxonomy":"post_tag","embeddable":true,"href":"https:\/\/www.europesays.com\/fr\/wp-json\/wp\/v2\/tags?post=348020"}],"curies":[{"name":"wp","href":"https:\/\/api.w.org\/{rel}","templated":true}]}}