{"id":348032,"date":"2025-08-27T16:53:11","date_gmt":"2025-08-27T16:53:11","guid":{"rendered":"https:\/\/www.europesays.com\/fr\/348032\/"},"modified":"2025-08-27T16:53:11","modified_gmt":"2025-08-27T16:53:11","slug":"astor-piazzolla-a-ete-pour-moi-un-second-pere","status":"publish","type":"post","link":"https:\/\/www.europesays.com\/fr\/348032\/","title":{"rendered":"\u00ab\u00a0Astor Piazzolla a \u00e9t\u00e9 pour moi un second p\u00e8re\u00a0\u00bb"},"content":{"rendered":"<blockquote class=\"question\"><p>Un concert en Allemagne (Br\u00eame) le mardi, un autre en Italie (Citt\u00e0 di Castello) le dimanche et entre les deux, une repr\u00e9sentation \u00e0 Saint-Victor-sur-Loire. Comment g\u00e9rez-vous tous ces d\u00e9placements internationaux\u00a0?<\/p><\/blockquote>\n<p>\u00ab\u00a0C\u2019est toute l\u2019ann\u00e9e comme \u00e7a\u00a0: des concerts et des voyages. Et toujours autour de projets diff\u00e9rents. Cet \u00e9t\u00e9, j\u2019ai fait des repr\u00e9sentations en solo, des concerts avec des big bands en Sicile et en Autriche, des concerts avec des orchestres symphoniques\u2026 \u00c7a fait rire les gens mais moi ce qui me fatigue, c\u2019est le repos. Quand je suis \u00e0 la maison, que je sens que l\u2019adr\u00e9naline redescend et que je commence \u00e0 \u00eatre fatigu\u00e9, j\u2019\u00e9prouve, comme un app\u00e9tit qu\u2019il faut assouvir, le besoin de jouer du piano, de l\u2019accord\u00e9on, de r\u00e9gler mes instruments.\u00a0\u00bb<\/p>\n<p>\u00ab\u00a0Je vais avoir 75 ans mais dans ma t\u00eate j\u2019ai toujours quinze ans\u00a0\u00bb<\/p>\n<blockquote class=\"question\"><p>Comment avez-vous \u00e9t\u00e9 approch\u00e9 par le festival BWd12\u00a0?<\/p><\/blockquote>\n<p>\u00ab\u00a0Je suis tr\u00e8s ami avec <a href=\"https:\/\/www.leprogres.fr\/culture-loisirs\/2024\/08\/21\/au-festival-bwd12-je-me-sens-comme-chez-moi\" target=\"_blank\" rel=\"noopener\">Nicolas Dautricourt<\/a> (le violoniste international fait partie de l\u2019\u00e9quipe fondatrice du festival&#8230;<\/p>\n","protected":false},"excerpt":{"rendered":"Un concert en Allemagne (Br\u00eame) le mardi, un autre en Italie (Citt\u00e0 di Castello) le dimanche et entre&hellip;\n","protected":false},"author":2,"featured_media":348033,"comment_status":"","ping_status":"","sticky":false,"template":"","format":"standard","meta":{"footnotes":""},"categories":[9653],"tags":[1111,11,2430,1687,7539,1777,674,1011,27,873,12,25,4001,7538,3140],"class_list":{"0":"post-348032","1":"post","2":"type-post","3":"status-publish","4":"format-standard","5":"has-post-thumbnail","7":"category-saint-etienne","8":"tag-actu","9":"tag-actualites","10":"tag-auvergne-rhone-alpes","11":"tag-culture-loisirs","12":"tag-edition-loire-sud","13":"tag-eu","14":"tag-europe","15":"tag-fr","16":"tag-france","17":"tag-musique","18":"tag-news","19":"tag-republique-francaise","20":"tag-saint-etienne","21":"tag-saint-etienne-ville","22":"tag-spectacle"},"share_on_mastodon":{"url":"https:\/\/pubeurope.com\/@fr\/115101774959054949","error":""},"_links":{"self":[{"href":"https:\/\/www.europesays.com\/fr\/wp-json\/wp\/v2\/posts\/348032","targetHints":{"allow":["GET"]}}],"collection":[{"href":"https:\/\/www.europesays.com\/fr\/wp-json\/wp\/v2\/posts"}],"about":[{"href":"https:\/\/www.europesays.com\/fr\/wp-json\/wp\/v2\/types\/post"}],"author":[{"embeddable":true,"href":"https:\/\/www.europesays.com\/fr\/wp-json\/wp\/v2\/users\/2"}],"replies":[{"embeddable":true,"href":"https:\/\/www.europesays.com\/fr\/wp-json\/wp\/v2\/comments?post=348032"}],"version-history":[{"count":0,"href":"https:\/\/www.europesays.com\/fr\/wp-json\/wp\/v2\/posts\/348032\/revisions"}],"wp:featuredmedia":[{"embeddable":true,"href":"https:\/\/www.europesays.com\/fr\/wp-json\/wp\/v2\/media\/348033"}],"wp:attachment":[{"href":"https:\/\/www.europesays.com\/fr\/wp-json\/wp\/v2\/media?parent=348032"}],"wp:term":[{"taxonomy":"category","embeddable":true,"href":"https:\/\/www.europesays.com\/fr\/wp-json\/wp\/v2\/categories?post=348032"},{"taxonomy":"post_tag","embeddable":true,"href":"https:\/\/www.europesays.com\/fr\/wp-json\/wp\/v2\/tags?post=348032"}],"curies":[{"name":"wp","href":"https:\/\/api.w.org\/{rel}","templated":true}]}}