{"id":348051,"date":"2025-08-27T17:03:15","date_gmt":"2025-08-27T17:03:15","guid":{"rendered":"https:\/\/www.europesays.com\/fr\/348051\/"},"modified":"2025-08-27T17:03:15","modified_gmt":"2025-08-27T17:03:15","slug":"grenoble-trois-vetetistes-secourus-ce-mercredi","status":"publish","type":"post","link":"https:\/\/www.europesays.com\/fr\/348051\/","title":{"rendered":"Grenoble. Trois v\u00e9t\u00e9tistes secourus ce mercredi"},"content":{"rendered":"<p>Les \u00e9quipes de la CRS Alpes, du Samu et de la S\u00e9curit\u00e9 civile ont port\u00e9 secours ce mercredi \u00e0 trois v\u00e9t\u00e9tistes bless\u00e9s.<\/p>\n<p>Un premier aux Deux-Alpes pour des l\u00e9sions \u00e0 une cheville et \u00e0 la clavicule, une deuxi\u00e8me pour une luxation d\u2019\u00e9paule en amont de Vif, un troisi\u00e8me \u00e0 Vaujany pour une suspicion de fracture de col du f\u00e9mur.<\/p>\n<p>Les trois victimes ont \u00e9t\u00e9 h\u00e9liport\u00e9es \u00e0 l\u2019h\u00f4pital.<\/p>\n","protected":false},"excerpt":{"rendered":"Les \u00e9quipes de la CRS Alpes, du Samu et de la S\u00e9curit\u00e9 civile ont port\u00e9 secours ce mercredi&hellip;\n","protected":false},"author":2,"featured_media":348052,"comment_status":"","ping_status":"","sticky":false,"template":"","format":"standard","meta":{"footnotes":""},"categories":[9566],"tags":[119,1111,11,2430,112,1777,674,274,1011,27,2731,2732,108,12,25],"class_list":{"0":"post-348051","1":"post","2":"type-post","3":"status-publish","4":"format-standard","5":"has-post-thumbnail","7":"category-grenoble","8":"tag-accident","9":"tag-actu","10":"tag-actualites","11":"tag-auvergne-rhone-alpes","12":"tag-edition-grenoble-agglomeration","13":"tag-eu","14":"tag-europe","15":"tag-faits-divers-justice","16":"tag-fr","17":"tag-france","18":"tag-grenoble","19":"tag-grenoble-bassin","20":"tag-isere","21":"tag-news","22":"tag-republique-francaise"},"share_on_mastodon":{"url":"https:\/\/pubeurope.com\/@fr\/115101814249152254","error":""},"_links":{"self":[{"href":"https:\/\/www.europesays.com\/fr\/wp-json\/wp\/v2\/posts\/348051","targetHints":{"allow":["GET"]}}],"collection":[{"href":"https:\/\/www.europesays.com\/fr\/wp-json\/wp\/v2\/posts"}],"about":[{"href":"https:\/\/www.europesays.com\/fr\/wp-json\/wp\/v2\/types\/post"}],"author":[{"embeddable":true,"href":"https:\/\/www.europesays.com\/fr\/wp-json\/wp\/v2\/users\/2"}],"replies":[{"embeddable":true,"href":"https:\/\/www.europesays.com\/fr\/wp-json\/wp\/v2\/comments?post=348051"}],"version-history":[{"count":0,"href":"https:\/\/www.europesays.com\/fr\/wp-json\/wp\/v2\/posts\/348051\/revisions"}],"wp:featuredmedia":[{"embeddable":true,"href":"https:\/\/www.europesays.com\/fr\/wp-json\/wp\/v2\/media\/348052"}],"wp:attachment":[{"href":"https:\/\/www.europesays.com\/fr\/wp-json\/wp\/v2\/media?parent=348051"}],"wp:term":[{"taxonomy":"category","embeddable":true,"href":"https:\/\/www.europesays.com\/fr\/wp-json\/wp\/v2\/categories?post=348051"},{"taxonomy":"post_tag","embeddable":true,"href":"https:\/\/www.europesays.com\/fr\/wp-json\/wp\/v2\/tags?post=348051"}],"curies":[{"name":"wp","href":"https:\/\/api.w.org\/{rel}","templated":true}]}}