{"id":348053,"date":"2025-08-27T17:04:11","date_gmt":"2025-08-27T17:04:11","guid":{"rendered":"https:\/\/www.europesays.com\/fr\/348053\/"},"modified":"2025-08-27T17:04:11","modified_gmt":"2025-08-27T17:04:11","slug":"un-conducteur-de-trottinette-meurt-percute-par-un-camion-a-rennes","status":"publish","type":"post","link":"https:\/\/www.europesays.com\/fr\/348053\/","title":{"rendered":"Un conducteur de trottinette meurt percut\u00e9 par un camion \u00e0 Rennes"},"content":{"rendered":"<p>Un accident mortel s\u2019est produit \u00e0 Rennes ce mercredi 27 ao\u00fbt. Vers 15 h 40, un conducteur de trottinette qui circulait square des hautes Chalais, dans le quartier Br\u00e9quigny, a \u00e9t\u00e9 violemment percut\u00e9 par un camion.<\/p>\n<p>\u00c0 l\u2018arriv\u00e9e des pompiers, l\u2019homme, \u00e2g\u00e9 de 53 ans, \u00e9tait en arr\u00eat cardio-respiratoire. Il a \u00e9t\u00e9 d\u00e9clar\u00e9 d\u00e9c\u00e9d\u00e9 par le m\u00e9decin du Samu. Choqu\u00e9, le conducteur du camion a \u00e9t\u00e9 pris en charge.<\/p>\n<p>Une enqu\u00eate a \u00e9t\u00e9 ouverte par la police pour \u00e9claircir les circonstances de cet accident.<\/p>\n","protected":false},"excerpt":{"rendered":"Un accident mortel s\u2019est produit \u00e0 Rennes ce mercredi 27 ao\u00fbt. Vers 15 h 40, un conducteur de&hellip;\n","protected":false},"author":2,"featured_media":348054,"comment_status":"","ping_status":"","sticky":false,"template":"","format":"standard","meta":{"footnotes":""},"categories":[2821],"tags":[1111,11,829,765,1777,674,118,3383,1011,27,848,12,584,25],"class_list":{"0":"post-348053","1":"post","2":"type-post","3":"status-publish","4":"format-standard","5":"has-post-thumbnail","7":"category-rennes","8":"tag-actu","9":"tag-actualites","10":"tag-bretagne","11":"tag-en-continu","12":"tag-eu","13":"tag-europe","14":"tag-faits-divers","15":"tag-faits-divers-a-rennes","16":"tag-fr","17":"tag-france","18":"tag-ille-et-vilaine","19":"tag-news","20":"tag-rennes","21":"tag-republique-francaise"},"share_on_mastodon":{"url":"https:\/\/pubeurope.com\/@fr\/115101818195264954","error":""},"_links":{"self":[{"href":"https:\/\/www.europesays.com\/fr\/wp-json\/wp\/v2\/posts\/348053","targetHints":{"allow":["GET"]}}],"collection":[{"href":"https:\/\/www.europesays.com\/fr\/wp-json\/wp\/v2\/posts"}],"about":[{"href":"https:\/\/www.europesays.com\/fr\/wp-json\/wp\/v2\/types\/post"}],"author":[{"embeddable":true,"href":"https:\/\/www.europesays.com\/fr\/wp-json\/wp\/v2\/users\/2"}],"replies":[{"embeddable":true,"href":"https:\/\/www.europesays.com\/fr\/wp-json\/wp\/v2\/comments?post=348053"}],"version-history":[{"count":0,"href":"https:\/\/www.europesays.com\/fr\/wp-json\/wp\/v2\/posts\/348053\/revisions"}],"wp:featuredmedia":[{"embeddable":true,"href":"https:\/\/www.europesays.com\/fr\/wp-json\/wp\/v2\/media\/348054"}],"wp:attachment":[{"href":"https:\/\/www.europesays.com\/fr\/wp-json\/wp\/v2\/media?parent=348053"}],"wp:term":[{"taxonomy":"category","embeddable":true,"href":"https:\/\/www.europesays.com\/fr\/wp-json\/wp\/v2\/categories?post=348053"},{"taxonomy":"post_tag","embeddable":true,"href":"https:\/\/www.europesays.com\/fr\/wp-json\/wp\/v2\/tags?post=348053"}],"curies":[{"name":"wp","href":"https:\/\/api.w.org\/{rel}","templated":true}]}}