{"id":348055,"date":"2025-08-27T17:05:10","date_gmt":"2025-08-27T17:05:10","guid":{"rendered":"https:\/\/www.europesays.com\/fr\/348055\/"},"modified":"2025-08-27T17:05:10","modified_gmt":"2025-08-27T17:05:10","slug":"pourquoi-certains-eleves-ne-se-leveront-plus-a-la-meme-heure-cette-annee","status":"publish","type":"post","link":"https:\/\/www.europesays.com\/fr\/348055\/","title":{"rendered":"pourquoi certains \u00e9l\u00e8ves ne se l\u00e8veront plus \u00e0 la m\u00eame heure, cette ann\u00e9e\u00a0?"},"content":{"rendered":"<p>            Par<br \/>\n        <strong><br \/>\n            <a href=\"https:\/\/actu.fr\/auteur\/brian-legoff\" title=\"Consulter tous les articles de Brian Le Goff\" target=\"_blank\" rel=\"noopener\">Brian Le Goff<\/a><br \/>\n        <\/strong><\/p>\n<p>        Publi\u00e9 le<\/p>\n<p>            27 ao\u00fbt 2025 \u00e0 18h08        <\/p>\n<p><strong>Durant l\u2019ann\u00e9e scolaire, la ligne B<\/strong> du <a href=\"https:\/\/actu.fr\/tag\/metro-de-rennes\" target=\"_blank\" rel=\"noopener\">m\u00e9tro \u00e0 Rennes<\/a>, <a href=\"https:\/\/actu.fr\/bretagne\/rennes_35238\/direct-ligne-b-du-metro-a-rennes-suivez-en-direct-le-depart-de-la-premiere-rame_53895007.html\" target=\"_blank\" rel=\"noopener\">inaugur\u00e9e en 2022<\/a>, conna\u00eet une <strong>surfr\u00e9quentation le matin<\/strong>. Cette derni\u00e8re a un <strong>impact<\/strong> sur le service de transports en commun. En effet, la M\u00e9tropole et Keolis Rennes, gestionnaire du <a href=\"https:\/\/actu.fr\/tag\/reseau-star\" target=\"_blank\" rel=\"noopener\">r\u00e9seau Star<\/a>, constatent que, durant ces pics, <strong>plusieurs dizaines d\u2019usagers peuvent rester \u00e0 quai, faute de place.<\/strong> C\u2019est notamment le cas <strong>entre 7h30 et 8h<\/strong>, <strong>puis aux alentours de 8h40<\/strong> en semaine. Face \u00e0 cette probl\u00e9matique, les parties prenantes ont ainsi cherch\u00e9 une solution.<\/p>\n<p>Le Bureau des temps mobilis\u00e9<\/p>\n<p class=\" wall-content\">Dans les faits, le <strong>Bureau des temps,<\/strong> service de la Ville de Rennes qui a pour mission d\u2019am\u00e9liorer l\u2019organisation temporelle du territoire, a, entre\u00a02023 et\u00a02025, <strong>travaill\u00e9<\/strong> sur la fr\u00e9quentation de la ligne B.<\/p>\n<p class=\" wall-content\"><strong>Billettique<\/strong> du r\u00e9seau de transport, donn\u00e9es de <strong>comptage<\/strong> aux portes pali\u00e8res de la ligne b du m\u00e9tro (par tranche de cinq minutes), <strong>volumes aux stations et heures congestionn\u00e9es,<\/strong> volumes et horaires de d\u00e9but des cours des \u00e9tablissements\u2026 Plusieurs donn\u00e9es ont permis de r\u00e9aliser une analyse compl\u00e8te, en compl\u00e9ment d\u2019<strong>observations de terrain<\/strong> en station et sur le campus Beaulieu, indique la M\u00e9tropole dans un communiqu\u00e9.<\/p>\n<p class=\" wall-content\"><strong>Un diagnostic<\/strong> et <strong>une sc\u00e9narisation<\/strong> de solutions ont \u00e9t\u00e9 ainsi \u00e9tablis.<\/p>\n<p>Deux stations fortement congestionn\u00e9es<\/p>\n<p class=\" wall-content\">Cette analyse confirme le chevauchement d\u2019un <strong>pic d\u2019\u00e9l\u00e8ves du secondaire<\/strong> et d\u2019un<strong> pic d\u2019\u00e9tudiants <\/strong>pendant l\u2019<strong>hyperpointe de 7h35<\/strong>.<\/p>\n<p class=\" wall-content\">Deux <strong>stations<\/strong> sont<strong> fortement congestionn\u00e9es<\/strong> \u00e0 ce moment-l\u00e0\u2009: <strong>Beaulieu-Universit\u00e9<\/strong> (\u00e0 7h30) et<strong> Joliot-Curie \u2013 Chateaubriand<\/strong> (\u00e0 7h40). Ce ph\u00e9nom\u00e8ne co\u00efncide avec les heures de d\u00e9marrage des cours des <strong>18\u00a0\u00e9tablissements scolaires et universitaires de la zone<\/strong>.<\/p>\n<p>Votre r\u00e9gion, votre actu !<\/p>\n<p>Recevez chaque jour les infos qui comptent pour vous.<\/p>\n<p>\t<a href=\"https:\/\/actu.fr\/newsletter\" class=\"ac-btn ac-btn--corner ac-btn--medium ac-btn--blue800\" target=\"_blank\" rel=\"noopener\">S&rsquo;incrire<\/a><br \/>\nPlus de la moiti\u00e9 des lyc\u00e9ens prend le m\u00e9tro<\/p>\n<p class=\" wall-content\">Le diagnostic, pr\u00e9sent\u00e9 \u00e0 tous les acteurs, a permis d\u2019identifier les<strong> \u00e9tablissements les plus concern\u00e9s<\/strong>\u2009: les lyc\u00e9es Joliot-Curie, Chateaubriand, de La Salle et le coll\u00e8ge-lyc\u00e9e Assomption (<strong>5\u2009700\u00a0\u00e9l\u00e8ves et \u00e9tudiants au total<\/strong>) et le campus Beaulieu de l\u2019Universit\u00e9 (<strong>11\u2009000 \u00e9tudiants<\/strong>).<\/p>\n<p class=\" wall-content\">Dans les lyc\u00e9es, plus de la moiti\u00e9 des \u00e9l\u00e8ves ont affirm\u00e9 utiliser la ligne B, <strong>premier mode transport<\/strong> quel que soit le jour de la semaine.<\/p>\n<p class=\" wall-content\"><strong>Entre\u00a02009 et\u00a02012,<\/strong> une analyse similaire avait \u00e9t\u00e9 r\u00e9alis\u00e9e sur <strong>la ligne A<\/strong>, entre Sainte-Anne et Villejean-Universit\u00e9. Et, \u00e0 l\u2019\u00e9poque, la solution avait \u00e9t\u00e9 de d\u00e9caler de 15\u00a0minutes le d\u00e9but des cours pour une partie des \u00e9tudiants. Suite \u00e0 ce changement, la premi\u00e8re ligne de m\u00e9tro de Rennes avait connu <strong>une baisse de 14\u2009% de sa charge moyenne<\/strong>.<\/p>\n<p class=\" wall-content\">Forte cette exp\u00e9rience, la M\u00e9tropole de Rennes a ainsi conclu un accord avec les quatre lyc\u00e9es pr\u00e9sents sur le trac\u00e9 nord de la ligne B.<\/p>\n<p>Les cours retard\u00e9s de 5 \u00e0 15\u00a0minutes dans trois lyc\u00e9es<\/p>\n<p class=\" wall-content\">Dans le d\u00e9tail, <strong>l\u2019exp\u00e9rimentation d\u00e9bute le 1\u1d49\u02b3 septembre<\/strong>, jour de la rentr\u00e9e scolaire. L\u2019horaire du d\u00e9but des cours sera retard\u00e9 de\u2009:<\/p>\n<ul class=\" wall-content\">\n<li><strong>15\u00a0minutes,<\/strong> soit un d\u00e9but des cours \u00e0 <strong>8h15<\/strong> pour les lyc\u00e9ens et les \u00e9l\u00e8ves des Classes Pr\u00e9paratoires aux Grandes \u00c9coles (CPGE) de <strong>Chateaubriand<\/strong>, avec une option de maintien d\u2019une partie des CPGE \u00e0 8h. <strong>1\u2009900\u00a0\u00e9l\u00e8ves sont concern\u00e9s\u2009;<\/strong><\/li>\n<li><strong>15\u00a0minutes<\/strong>, soit un d\u00e9but des cours \u00e0<strong> 8h25<\/strong> pour les lyc\u00e9ens et les \u00e9l\u00e8ves de BTS de <strong>Joliot-Curie<\/strong>. <strong>1\u2009000\u00a0\u00e9l\u00e8ves<\/strong> concern\u00e9s\u2009;<\/li>\n<li><strong>Cinq minutes,<\/strong> soit un d\u00e9but des cours \u00e0<strong> 8h15<\/strong> pour les coll\u00e9giens et lyc\u00e9ens \u00e0 <strong>Assomption<\/strong>. <strong>1\u2009200 jeunes<\/strong> sont concern\u00e9s\u2009;<\/li>\n<li>Le<strong> lyc\u00e9e de La Salle<\/strong>, \u00e9galement signataire de la charte,<strong> s\u2019engage \u00e0 ne pas d\u00e9caler ses horaires<\/strong> pour la bonne r\u00e9gulation des flux sur la zone.<\/li>\n<\/ul>\n<p class=\" wall-content\">L\u2019enjeu pour la Collectivit\u00e9\u2009: <strong>limiter les p\u00e9riodes avec plus de 500 descentes<\/strong> du m\u00e9tro en 5\u00a0minutes en cumul\u00e9 dans les sept stations, de Jules Ferry \u00e0 Cesson-Viasilva, dans le sens Saint-Jacques-Gait\u00e9 \u2013 Cesson-Viasilva et r\u00e9guler l\u2019emport de passagers (nombre de passagers \u00e0 bord de chaque rame \u00e0 tout instant) \u00e0 un<strong> maximum de 160 voyageurs<\/strong> par rame.<\/p>\n<p class=\" wall-content\">En hyperpointes, les stations Joliot-Curie \u2013 Chateaubriand et Beaulieu-Universit\u00e9 comptabilisent d\u00e9j\u00e0 respectivement jusqu\u2019\u00e0 200 et jusqu\u2019\u00e0 170 descentes en cinq minutes.<\/p>\n<p class=\" wall-content\">Personnalisez votre actualit\u00e9 en ajoutant vos villes et m\u00e9dias en favori avec <a href=\"https:\/\/moncompte.actu.fr\" title=\"D\u00e9couvez Mon Actu\" rel=\"nofollow noopener\" data-trk=\"{&quot;cta&quot;:{&quot;action&quot;:&quot;https:\\\/\\\/moncompte.actu.fr&quot;,&quot;category&quot;:&quot;mon compte&quot;,&quot;from&quot;:&quot;article footer&quot;,&quot;name&quot;:&quot;Mon actu&quot;,&quot;type&quot;:&quot;cta&quot;}}\" target=\"_blank\">Mon Actu<\/a>.<\/p>\n","protected":false},"excerpt":{"rendered":"Par Brian Le Goff Publi\u00e9 le 27 ao\u00fbt 2025 \u00e0 18h08 Durant l\u2019ann\u00e9e scolaire, la ligne B du&hellip;\n","protected":false},"author":2,"featured_media":348056,"comment_status":"","ping_status":"","sticky":false,"template":"","format":"standard","meta":{"footnotes":""},"categories":[2821],"tags":[1111,11,829,1777,674,1011,27,5000,12,584,25,5001,104],"class_list":{"0":"post-348055","1":"post","2":"type-post","3":"status-publish","4":"format-standard","5":"has-post-thumbnail","7":"category-rennes","8":"tag-actu","9":"tag-actualites","10":"tag-bretagne","11":"tag-eu","12":"tag-europe","13":"tag-fr","14":"tag-france","15":"tag-metro-de-rennes","16":"tag-news","17":"tag-rennes","18":"tag-republique-francaise","19":"tag-reseau-star","20":"tag-societe"},"share_on_mastodon":{"url":"https:\/\/pubeurope.com\/@fr\/115101822125695711","error":""},"_links":{"self":[{"href":"https:\/\/www.europesays.com\/fr\/wp-json\/wp\/v2\/posts\/348055","targetHints":{"allow":["GET"]}}],"collection":[{"href":"https:\/\/www.europesays.com\/fr\/wp-json\/wp\/v2\/posts"}],"about":[{"href":"https:\/\/www.europesays.com\/fr\/wp-json\/wp\/v2\/types\/post"}],"author":[{"embeddable":true,"href":"https:\/\/www.europesays.com\/fr\/wp-json\/wp\/v2\/users\/2"}],"replies":[{"embeddable":true,"href":"https:\/\/www.europesays.com\/fr\/wp-json\/wp\/v2\/comments?post=348055"}],"version-history":[{"count":0,"href":"https:\/\/www.europesays.com\/fr\/wp-json\/wp\/v2\/posts\/348055\/revisions"}],"wp:featuredmedia":[{"embeddable":true,"href":"https:\/\/www.europesays.com\/fr\/wp-json\/wp\/v2\/media\/348056"}],"wp:attachment":[{"href":"https:\/\/www.europesays.com\/fr\/wp-json\/wp\/v2\/media?parent=348055"}],"wp:term":[{"taxonomy":"category","embeddable":true,"href":"https:\/\/www.europesays.com\/fr\/wp-json\/wp\/v2\/categories?post=348055"},{"taxonomy":"post_tag","embeddable":true,"href":"https:\/\/www.europesays.com\/fr\/wp-json\/wp\/v2\/tags?post=348055"}],"curies":[{"name":"wp","href":"https:\/\/api.w.org\/{rel}","templated":true}]}}