{"id":348061,"date":"2025-08-27T17:08:11","date_gmt":"2025-08-27T17:08:11","guid":{"rendered":"https:\/\/www.europesays.com\/fr\/348061\/"},"modified":"2025-08-27T17:08:11","modified_gmt":"2025-08-27T17:08:11","slug":"perruches-pigeons-colombes-perroquets-oiseaux-exotiques-147-volatiles-saisis-dans-deux-appartements-a-nice","status":"publish","type":"post","link":"https:\/\/www.europesays.com\/fr\/348061\/","title":{"rendered":"Perruches, pigeons, colombes, perroquets, oiseaux exotiques&#8230; 147 volatiles saisis dans deux appartements \u00e0 Nice"},"content":{"rendered":"<p>Monticules de fientes, une couche de graines \u00e9parpill\u00e9es sur le sol et une odeur naus\u00e9abonde. L\u2019op\u00e9ration de saisie \u00e0 laquelle le collectif UPA06 a particip\u00e9 ce mercredi 27 ao\u00fbt au matin \u00e9tait d\u2019une ampleur assez in\u00e9dite. Assist\u00e9s par la police ni\u00e7oise, les b\u00e9n\u00e9voles ont proc\u00e9d\u00e9 \u00e0 la saisie surprise de 147 oiseaux de diverses esp\u00e8ces dans deux appartements de la rue Lamartine, \u00e0 Nice.<\/p>\n<p>Les deux logements, situ\u00e9s face \u00e0 face sur le m\u00eame palier, appartiennent \u00e0 un couple d\u2019une soixantaine d\u2019ann\u00e9es. Depuis leur emm\u00e9nagement il y a plus d\u2019une trentaine d\u2019ann\u00e9es, ils accumulaient les volatiles: de nombreuses esp\u00e8ces de perruches, mais aussi deux couples d\u2019ins\u00e9parables, des pigeons, des colombes, des perroquets, des tourterelles ou encore des oiseaux exotiques. Avec eux, deux chats et deux chiens.<\/p>\n<p>\u00ab\u00a0Des conditions horribles et insalubres\u00a0\u00bb<\/p>\n<p>\u00ab\u00a0Ils sont l\u00e0 dans des conditions insalubres et horribles: tous entass\u00e9s, dans des cages minuscules et des graines jusqu\u2019aux pattes\u00a0\u00bb,\u00a0d\u00e9crit Marine Longeard, b\u00e9n\u00e9vole pour le collectif UPA06. Pour l\u2019assister, elle avait sollicit\u00e9 l\u2019association Lavoli\u00e8re, sp\u00e9cialis\u00e9e dans le sauvetage des oiseaux. Tous \u00e9taient venus \u00e9quip\u00e9s de surchaussures, gants et masques. \u00ab\u00a0Dans les appartements, c\u2019est tr\u00e8s dur. C\u2019est tellement sale et poussi\u00e9reux\u00a0\u00bb, pr\u00e9vient Muriel Caron, de l\u2019association Lavoli\u00e8re.<\/p>\n<p>La presse n\u2019a pas \u00e9t\u00e9 autoris\u00e9e \u00e0 p\u00e9n\u00e9trer \u00e0 l\u2019int\u00e9rieur des logements, d\u00e9crits par UPA06 comme des appartements \u00ab\u00a0de l\u2019horreur\u00a0\u00bb. Mais le collectif raconte: des cages entass\u00e9es dans la cuisine, dans la salle de bains et sur les lits et le sol jonch\u00e9 d\u2019une \u00e9paisseur de plusieurs centim\u00e8tres de graines dans l\u2019un des appartements.<\/p>\n<p>Ce mercredi 27 ao\u00fbt, les riverains ont donc assist\u00e9 \u00e0 un ballet de cages remplies d\u2019oiseaux de toutes les couleurs, descendues dans un camion. Les piaillements, inhabituels dans cette rue de Nice, ont attir\u00e9 plusieurs curieux, quand les cages crasseuses en ont repouss\u00e9 certains. \u00ab\u00a0Quelle horreur!\u00a0\u00bb, glisse en faisant la moue une passante.<\/p>\n<p>\u00ab\u00a0Une des pires saisies\u00a0\u00bb<\/p>\n<p>              <img ci-src=\"https:\/\/www.nicematin.com\/animaux\/protec\/DATA_ART_16140742-P5UKqHa8.jpg?vh=3d764e&amp;ci_seal=f228bd5414\" alt=\"\"\/><br \/>\n        Les nombreuses cages ont \u00e9t\u00e9 dispos\u00e9es dans un camion par les b\u00e9n\u00e9voles, aid\u00e9s de la police. <strong>Photo Justine Meddah.<\/strong> <\/p>\n<p>\u00ab\u00a0J\u2019ai d\u00e9j\u00e0 fait plusieurs saisies. Mais celle-ci, c\u2019est une des pires. Il y avait des b\u00e9b\u00e9s perruches, des \u0153ufs \u00e9clat\u00e9s, certains oiseaux avaient des tumeurs. Et plein de poux\u00a0\u00bb, d\u00e9crit Muriel Caron. Aupr\u00e8s de la police, le mari a admis qu\u2019il y avait \u00ab\u00a0un probl\u00e8me\u00a0\u00bb avec les oiseaux. Aucun n\u2019a \u00e9t\u00e9 retrouv\u00e9 mort ou en libert\u00e9, d\u2019apr\u00e8s les associations. Mais les b\u00eates avaient bien pris possession de l\u2019appartement. \u00ab\u00a0On ne sait m\u00eame pas comment le couple faisait pour dormir\u00a0\u00bb, s\u2019interroge Marine Longeard. D\u2019apr\u00e8s plusieurs sources, ils roupillaient parfois sur un fauteuil ou sur le balcon.<\/p>\n<p>C\u2019est lors d\u2019une visite d\u2019huissiers pour une tout autre affaire que des policiers ont d\u00e9couvert l\u2019\u00e9tat de l\u2019appartement. Ils ont ensuite donn\u00e9 l\u2019alerte, qui a donn\u00e9 lieu \u00e0 un d\u00e9p\u00f4t de plainte d\u2019UPA06. \u00ab\u00a0Si nous n\u2019\u00e9tions pas tomb\u00e9s dessus par hasard, les oiseaux y seraient encore. Et combien y a-t-il d\u2019appartements dans ce cas-l\u00e0 \u00e0 Nice?\u00a0\u00bb, s\u2019inqui\u00e8te H\u00e9l\u00e8na, b\u00e9n\u00e9vole pour le collectif.<\/p>\n<p>Quel devenir pour les oiseaux?<\/p>\n<p>De son c\u00f4t\u00e9, la propri\u00e9taire a assist\u00e9, impuissante, \u00e0 la saisie de ses volatiles. \u00ab\u00a0Vous les mettrez bien \u00e0 part pour que je puisse les r\u00e9cup\u00e9rer\u00a0\u00bb, a-t-elle insist\u00e9. Car pour le moment, les oiseaux r\u00e9quisitionn\u00e9s par la justice ont \u00e9t\u00e9 plac\u00e9s provisoirement en quarantaine dans les serres varoises de l\u2019association, mais ne peuvent pas \u00eatre confi\u00e9s \u00e0 l\u2019adoption. \u00ab\u00a0Tant que la justice n\u2019a pas rendu un verdict d\u00e9finitif et incontestable, la propri\u00e9taire peut toujours demander \u00e0 r\u00e9cup\u00e9rer ses animaux\u00a0\u00bb, d\u00e9taille Marine Longeard. Selon elle, la dame pourrait \u00eatre atteinte d\u2019un syndrome de No\u00e9, un trouble mental qui conduit \u00e0 accumuler les animaux domestiques au point d\u2019\u00eatre d\u00e9pass\u00e9.<\/p>\n<p>\u00ab\u00a0Elle n\u2019\u00e9tait pas comme \u00e7a \u00e0 l\u2019origine. Elle parlait bien, mais elle s\u2019est progressivement renferm\u00e9e sur elle-m\u00eame. Je pense qu\u2019elle a des troubles psychologiques\u00a0\u00bb, confie une habitante de l\u2019immeuble. Au quotidien, les chants d\u2019oiseaux ne la g\u00eanaient pas, mais elle \u00e9tait incommod\u00e9e par les odeurs et la salet\u00e9 du palier.<\/p>\n<p>Suite au d\u00e9p\u00f4t de plainte de trois associations pour maltraitance, l\u2019affaire est d\u00e9sormais entre les mains du parquet de Nice, qui devra dire dans les jours prochains s\u2019il poursuit les propri\u00e9taires de l\u2019appartement ou s\u2019il classe l\u2019affaire sans suite. Il y a deux ans, <a href=\"https:\/\/www.nicematin.com\/faits-divers\/c-est-l-enfer-ici-une-centaine-de-chats-denutris-des-chiots-et-des-cadavres-d-animaux-retrouves-dans-un-appartement-du-centre-de-nice-860764\" target=\"_blank\" rel=\"noopener\">la rue Lamartine avait \u00e9t\u00e9 le th\u00e9\u00e2tre d\u2019une sc\u00e8ne similaire<\/a>: 159 chats et 7 chiens avaient \u00e9t\u00e9 saisis dans un appartement de 50m\u00b2. La proc\u00e9dure n\u2019est pas termin\u00e9e car les propri\u00e9taires ont fait appel.<\/p>\n<p>              <img ci-src=\"https:\/\/www.nicematin.com\/animaux\/protec\/DATA_ART_16143324-N8GIprvV.jpg?vh=457cb9&amp;ci_seal=e6ee1ecdd6\" alt=\"\"\/><br \/>\n        La police ni\u00e7oise a mis la main \u00e0 la p\u00e2te pour descendre les cages de l\u2019appartement au camion.  <strong>Photo Justine Meddah.<\/strong> <\/p>\n","protected":false},"excerpt":{"rendered":"Monticules de fientes, une couche de graines \u00e9parpill\u00e9es sur le sol et une odeur naus\u00e9abonde. L\u2019op\u00e9ration de saisie&hellip;\n","protected":false},"author":2,"featured_media":348062,"comment_status":"","ping_status":"","sticky":false,"template":"","format":"standard","meta":{"footnotes":""},"categories":[2819],"tags":[1111,11,1867,1777,674,1011,27,12,2401,882,25],"class_list":{"0":"post-348061","1":"post","2":"type-post","3":"status-publish","4":"format-standard","5":"has-post-thumbnail","7":"category-nice","8":"tag-actu","9":"tag-actualites","10":"tag-animaux","11":"tag-eu","12":"tag-europe","13":"tag-fr","14":"tag-france","15":"tag-news","16":"tag-nice","17":"tag-provence-alpes-cote-dazur","18":"tag-republique-francaise"},"share_on_mastodon":{"url":"https:\/\/pubeurope.com\/@fr\/115101833906679539","error":""},"_links":{"self":[{"href":"https:\/\/www.europesays.com\/fr\/wp-json\/wp\/v2\/posts\/348061","targetHints":{"allow":["GET"]}}],"collection":[{"href":"https:\/\/www.europesays.com\/fr\/wp-json\/wp\/v2\/posts"}],"about":[{"href":"https:\/\/www.europesays.com\/fr\/wp-json\/wp\/v2\/types\/post"}],"author":[{"embeddable":true,"href":"https:\/\/www.europesays.com\/fr\/wp-json\/wp\/v2\/users\/2"}],"replies":[{"embeddable":true,"href":"https:\/\/www.europesays.com\/fr\/wp-json\/wp\/v2\/comments?post=348061"}],"version-history":[{"count":0,"href":"https:\/\/www.europesays.com\/fr\/wp-json\/wp\/v2\/posts\/348061\/revisions"}],"wp:featuredmedia":[{"embeddable":true,"href":"https:\/\/www.europesays.com\/fr\/wp-json\/wp\/v2\/media\/348062"}],"wp:attachment":[{"href":"https:\/\/www.europesays.com\/fr\/wp-json\/wp\/v2\/media?parent=348061"}],"wp:term":[{"taxonomy":"category","embeddable":true,"href":"https:\/\/www.europesays.com\/fr\/wp-json\/wp\/v2\/categories?post=348061"},{"taxonomy":"post_tag","embeddable":true,"href":"https:\/\/www.europesays.com\/fr\/wp-json\/wp\/v2\/tags?post=348061"}],"curies":[{"name":"wp","href":"https:\/\/api.w.org\/{rel}","templated":true}]}}