{"id":348063,"date":"2025-08-27T17:09:12","date_gmt":"2025-08-27T17:09:12","guid":{"rendered":"https:\/\/www.europesays.com\/fr\/348063\/"},"modified":"2025-08-27T17:09:12","modified_gmt":"2025-08-27T17:09:12","slug":"les-obseques-du-streamer-se-sont-tenues-a-nice-ce-mercredi","status":"publish","type":"post","link":"https:\/\/www.europesays.com\/fr\/348063\/","title":{"rendered":"les obs\u00e8ques du streamer se sont tenues \u00e0 Nice ce mercredi"},"content":{"rendered":"<p>Les obs\u00e8ques de Rapha\u00ebl Graven, alias Jean Pormanove, dont <a target=\"_self\" href=\"https:\/\/www.lanouvellerepublique.fr\/a-la-une\/clara-chappaz-ministre-deleguee-chargee-du-numerique-saisit-l-arcom-apres-la-mort-en-direct-du-streamer-jean-pormanove-1755619622\" rel=\"nofollow noopener\">la mort en direct sur Internet a fait scandale<\/a>, se sont d\u00e9roul\u00e9es dans l\u2019intimit\u00e9 mercredi 27\u00a0ao\u00fbt pr\u00e8s de Nice. Apr\u00e8s une c\u00e9r\u00e9monie de mise en bi\u00e8re en d\u00e9but d\u2019apr\u00e8s-midi, quelques dizaines de proches du streamer, dont sa m\u00e8re et son fr\u00e8re, se sont rendus en cort\u00e8ge au cr\u00e9matorium de Nice, pour un adieu qui a dur\u00e9 plus d\u2019une heure.<\/p>\n<p>Owen Cenazandotti et Safine Hamadi, les deux streamers que Jean Pormanove qualifiait de \u00ab\u00a0petits fr\u00e8res\u00a0\u00bb mais qui avaient \u00e9t\u00e9 plac\u00e9s en garde \u00e0 vue en janvier dans le cadre d\u2019une enqu\u00eate ouverte notamment pour \u00ab\u00a0violences volontaires en r\u00e9union sur personnes vuln\u00e9rables\u00a0\u00bb, \u00e9taient \u00e9galement pr\u00e9sents, ont constat\u00e9 des journalistes.<\/p>\n<p>\u00ab\u00a0Il y avait ses amis, ses coll\u00e8gues, tous ceux qui ont particip\u00e9 aux concepts. Pour beaucoup, cela a \u00e9t\u00e9 tr\u00e8s difficile\u00a0\u00bb, a expliqu\u00e9 Abdel Aridi, 32\u00a0ans, \u00e9galement streamer. \u00ab\u00a0La maman a demand\u00e9 de prendre un moment pour pleurer et d\u2019avoir aussi ce sourire pour JP.\u00a0\u00bb \u00ab\u00a0Il \u00e9tait dr\u00f4le, gentil, protecteur\u2026 C\u2019\u00e9tait quelqu\u2019un d\u2019adorable\u00a0\u00bb, a-t-il ajout\u00e9.<\/p>\n<p>\u00ab\u00a0Tout le monde prend cher dans ces concepts\u00a0\u00bb<\/p>\n<p>Rapha\u00ebl Graven, 46\u00a0ans, est d\u00e9c\u00e9d\u00e9 pr\u00e8s de Nice lors d\u2019une diffusion en direct le 18\u00a0ao\u00fbt sur la plateforme de vid\u00e9os australienne Kick apr\u00e8s plus de 12 jours de direct le montrant, ainsi qu\u2019un autre homme, violent\u00e9 et humili\u00e9 par Owen Cenazandotti et Safine Hamadi.<\/p>\n<p>Suivie par pr\u00e8s de 200.000 personnes, la cha\u00eene \u00ab\u00a0jeanpormanove\u00a0\u00bb montrait depuis des mois Rapha\u00ebl Graven se faire insulter, frapper, tirer les cheveux, menacer ou encore tirer dessus sans protection avec des projectiles de paintball.\u00a0Des contenus sc\u00e9naris\u00e9s, selon les promoteurs de la cha\u00eene. \u00ab\u00a0Au d\u00e9but, c\u2019\u00e9tait juste une bande de potes. On faisait des pranks (canulars, NDLR), des d\u00e9fis, du contenu o\u00f9 on d\u00e9conne. Tout le monde prend cher dans ces concepts\u00a0\u00bb, a expliqu\u00e9 Abdel Aridi.<\/p>\n<p>L\u2019autopsie r\u00e9alis\u00e9e la semaine derni\u00e8re a conclu que le d\u00e9c\u00e8s de\u00a0Rapha\u00ebl Graven n\u2019\u00e9tait pas d\u00fb \u00e0 l\u2019intervention d\u2019un tiers mais probablement \u00e0 des causes d\u2019origines m\u00e9dicales ou toxicologiques.<\/p>\n<p>La diffusion des humiliations et s\u00e9vices r\u00e9p\u00e9t\u00e9s ainsi que du d\u00e9c\u00e8s en direct continue cependant de faire scandale. Mardi, le <a target=\"_self\" href=\"https:\/\/www.lanouvellerepublique.fr\/a-la-une\/mort-de-jean-pormanove-le-parquet-de-paris-annonce-l-ouverture-d-une-enquete-sur-la-plateforme-kick-1756211097\" rel=\"nofollow noopener\">parquet de Paris a ouvert une enqu\u00eate contre la plateforme Kick<\/a>, qui diffusait la cha\u00eene, et le gouvernement annonc\u00e9 son intention d\u2019attaquer l\u2019entreprise pour \u00ab\u00a0manquement\u00a0\u00bb. La plateforme australienne a annonc\u00e9 mercredi qu\u2019elle entendait coop\u00e9rer avec les autorit\u00e9s fran\u00e7aises.<\/p>\n","protected":false},"excerpt":{"rendered":"Les obs\u00e8ques de Rapha\u00ebl Graven, alias Jean Pormanove, dont la mort en direct sur Internet a fait scandale,&hellip;\n","protected":false},"author":2,"featured_media":348064,"comment_status":"","ping_status":"","sticky":false,"template":"","format":"standard","meta":{"footnotes":""},"categories":[2819],"tags":[328,1111,11,1777,674,274,1011,27,329,12,2401,882,25,938],"class_list":{"0":"post-348063","1":"post","2":"type-post","3":"status-publish","4":"format-standard","5":"has-post-thumbnail","7":"category-nice","8":"tag-a-la-une","9":"tag-actu","10":"tag-actualites","11":"tag-eu","12":"tag-europe","13":"tag-faits-divers-justice","14":"tag-fr","15":"tag-france","16":"tag-france-monde","17":"tag-news","18":"tag-nice","19":"tag-provence-alpes-cote-dazur","20":"tag-republique-francaise","21":"tag-reseaux-sociaux"},"share_on_mastodon":{"url":"https:\/\/pubeurope.com\/@fr\/115101837849189582","error":""},"_links":{"self":[{"href":"https:\/\/www.europesays.com\/fr\/wp-json\/wp\/v2\/posts\/348063","targetHints":{"allow":["GET"]}}],"collection":[{"href":"https:\/\/www.europesays.com\/fr\/wp-json\/wp\/v2\/posts"}],"about":[{"href":"https:\/\/www.europesays.com\/fr\/wp-json\/wp\/v2\/types\/post"}],"author":[{"embeddable":true,"href":"https:\/\/www.europesays.com\/fr\/wp-json\/wp\/v2\/users\/2"}],"replies":[{"embeddable":true,"href":"https:\/\/www.europesays.com\/fr\/wp-json\/wp\/v2\/comments?post=348063"}],"version-history":[{"count":0,"href":"https:\/\/www.europesays.com\/fr\/wp-json\/wp\/v2\/posts\/348063\/revisions"}],"wp:featuredmedia":[{"embeddable":true,"href":"https:\/\/www.europesays.com\/fr\/wp-json\/wp\/v2\/media\/348064"}],"wp:attachment":[{"href":"https:\/\/www.europesays.com\/fr\/wp-json\/wp\/v2\/media?parent=348063"}],"wp:term":[{"taxonomy":"category","embeddable":true,"href":"https:\/\/www.europesays.com\/fr\/wp-json\/wp\/v2\/categories?post=348063"},{"taxonomy":"post_tag","embeddable":true,"href":"https:\/\/www.europesays.com\/fr\/wp-json\/wp\/v2\/tags?post=348063"}],"curies":[{"name":"wp","href":"https:\/\/api.w.org\/{rel}","templated":true}]}}