{"id":348065,"date":"2025-08-27T17:10:13","date_gmt":"2025-08-27T17:10:13","guid":{"rendered":"https:\/\/www.europesays.com\/fr\/348065\/"},"modified":"2025-08-27T17:10:13","modified_gmt":"2025-08-27T17:10:13","slug":"un-week-end-pour-feter-la-renaissance-dun-monument","status":"publish","type":"post","link":"https:\/\/www.europesays.com\/fr\/348065\/","title":{"rendered":"un week-end pour f\u00eater \u00ab\u00a0la renaissance d&rsquo;un monument\u00a0\u00bb"},"content":{"rendered":"<p>            Par<br \/>\n        <strong><br \/>\n            <a href=\"https:\/\/actu.fr\/auteur\/thomas-bernard\" title=\"Consulter tous les articles de Thomas Bernard\" target=\"_blank\" rel=\"noopener\">Thomas Bernard<\/a><br \/>\n        <\/strong><\/p>\n<p>        Publi\u00e9 le<\/p>\n<p>            27 ao\u00fbt 2025 \u00e0 18h36        <\/p>\n<p>Le 18\u00a0juillet 2020, les Nantais d\u00e9couvraient<a href=\"https:\/\/actu.fr\/pays-de-la-loire\/nantes_44109\/nantes-incendie-a-la-cathedrale-premier-ministre-jean-castex-attendu_35024075.html\" target=\"_blank\" rel=\"noopener\"> la cath\u00e9drale Saint-Pierre et Saint-Paul en proie aux flammes<\/a>. Cinq ans apr\u00e8s <a href=\"https:\/\/actu.fr\/pays-de-la-loire\/nantes_44109\/cathedrale-de-nantes-incendiee-un-an-apres-que-sait-on-de-ce-drame_43510352.html\" target=\"_blank\" rel=\"noopener\">l\u2019incendie criminel<\/a>, l\u2019\u00e9difice va partiellement ouvrir ses portes au public <strong>le week-end du 27 et 28\u00a0septembre 2025<\/strong>. Des festivit\u00e9s sont programm\u00e9es pour c\u00e9l\u00e9brer l\u2019\u00e9v\u00e9nement.<\/p>\n<p class=\" wall-content\">Ce mercredi 27\u00a0ao\u00fbt 2025, l\u2019\u00c9tat, la Ville de Nantes et le Dioc\u00e8se de Nantes ont d\u00e9voil\u00e9 les animations.<\/p>\n<p>Le programme des festivit\u00e9s<\/p>\n<p class=\" wall-content\">\u00ab\u2009Apr\u00e8s cinq ans d\u2019engagement, nous avons jou\u00e9 \u00e0 la nantaise, en \u00e9quipe\u2009\u00bb, salue, via une m\u00e9taphore footballistique, Monseigneur Laurent Percerou, \u00e9v\u00eaque de Nantes. La r\u00e9ouverture du monument patrimonial nantais sera c\u00e9l\u00e9br\u00e9e lors d\u2019une c\u00e9r\u00e9monie, ponctu\u00e9e d\u2019animations d\u00e9di\u00e9es au grand public, <strong>le samedi 27\u00a0septembre<\/strong>\u2009:<\/p>\n<ul class=\" wall-content\">\n<li>14h30\u2009: c\u00e9r\u00e9monie en l\u2019honneur des artisans de la restauration, place Roger-Salengro, ouvert au public.<\/li>\n<li>15h15\u2009: concert fanfare et bagad de la 9e brigade d\u2019infanterie et de marine, place Roger-Salengro, ouvert au public.<\/li>\n<li>16h\u2009: inauguration de la r\u00e9ouverture de la cath\u00e9drale Saint-Pierre et Saint-Pau, place Saint-Pierre, ouvert au public.<\/li>\n<li>16h30\u2009: c\u00e9r\u00e9monie en l\u2019honneur des sapeurs-pompiers et des forces de l\u2019ordre, place Saint-Pierre, ouvert au public.<\/li>\n<li>17h15\u2009: spectacle \u00c9l\u00e9vation, cr\u00e9\u00e9 par Fred Deb\u2019et concert de l\u2019orchestre Stradivaria, place Saint-Pierre, ouvert au public.<\/li>\n<li>18h\u2009: d\u00e9fil\u00e9 de la fanfare et bagad, place Saint-Pierre, ouvert au public.<\/li>\n<li>19h\u2009: r\u00e9veil de l\u2019orgue et v\u00eapres, dans la cath\u00e9drale, sur invitation.<\/li>\n<li>20h30\u2009: concert de la Ma\u00eetrise, des ch\u0153urs de la cath\u00e9drale et du quintet de cuivre de l\u2019ONPL, dans la cath\u00e9drale, sur r\u00e9servation <a href=\"http:\/\/www.musiquesacree-nantes.fr\/\" target=\"_blank\" rel=\"noopener\">internet<\/a>.<\/li>\n<\/ul>\n<p class=\" wall-content\">\u00ab\u2009Le 27\u00a0septembre est le fruit d\u2019un travail collectif pour accueillir <strong>le public sur le plan liturgique mais aussi le public nantais dans sa dimension touristique et patrimoniale\u2009\u00bb<\/strong>, explique Fabrice Rigoulet-Roze, pr\u00e9fet de Loire-Atlantique.<\/p>\n<p>    <img   decoding=\"async\" loading=\"lazy\" src=\"https:\/\/www.europesays.com\/fr\/wp-content\/uploads\/2025\/08\/cathedrale-de-nantes-960x640.jpeg\" alt=\"D\u00e8s le mois de septembre 2025, le chantier de restauration se concentrera sur le massif occidental. \" width=\"960\" height=\"640\"\/><br \/>\n    Cinq apr\u00e8s l\u2019incendie, la r\u00e9ouverture partielle de la cath\u00e9drale de Nantes approche. (\u00a9Archives Thomas Bernard \/ actu Nantes)<\/p>\n<p class=\" wall-content\"><strong>La premi\u00e8re messe aura lieu le dimanche 28\u00a0septembre \u00e0 15h30.<\/strong> Des visites de la cath\u00e9drale (<a href=\"https:\/\/www.levoyageanantes.fr\/\" target=\"_blank\" rel=\"noopener\">sur inscription sur le site du Voyage \u00e0 Nantes<\/a>), anim\u00e9es par des m\u00e9diateurs du Voyage \u00e0 Nantes, seront organis\u00e9es de 9h \u00e0 13h, le 28\u00a0septembre.<\/p>\n<p>Votre r\u00e9gion, votre actu !<\/p>\n<p>Recevez chaque jour les infos qui comptent pour vous.<\/p>\n<p>\t<a href=\"https:\/\/actu.fr\/newsletter\" class=\"ac-btn ac-btn--corner ac-btn--medium ac-btn--blue800\" target=\"_blank\" rel=\"noopener\">S&rsquo;incrire<\/a><\/p>\n<p class=\" wall-content\">D\u00e8s le jeudi 4\u00a0septembre, <strong>des expositions photos<\/strong> seront consacr\u00e9es \u00e0 la cath\u00e9drale seront \u00e9galement visibles pr\u00e8s de la pr\u00e9fecture, sur le parvis de l\u2019\u00e9glise Sainte-Croix et dans un jardin pr\u00e8s de l\u2019h\u00f4tel de Ville.<\/p>\n<p class=\" wall-content\">Sur le parvis de la cath\u00e9drale, des d\u00e9monstrations mettant en avant le travail des artisans qui ont particip\u00e9 \u00e0 la restauration du monument, seront organis\u00e9es lors des journ\u00e9es europ\u00e9ennes du patrimoine (20 et 21\u00a0septembre).<\/p>\n<p>Une jauge pour la messe de r\u00e9ouverture<\/p>\n<p class=\" wall-content\">Pour des raisons de s\u00e9curit\u00e9 (poursuite des travaux), une jauge <strong>\u00ab\u2009d\u2019environ 900\u00a0personnes\u2009\u00bb<\/strong> a \u00e9t\u00e9 fix\u00e9e. Pour assister \u00e0 la c\u00e9r\u00e9monie, il faudra \u00eatre d\u00e9tenteur d\u2019une invitation donn\u00e9e par le dioc\u00e8se puis pr\u00e9senter un QR Code.<\/p>\n<p class=\" wall-content\">\u00ab\u2009Le Dioc\u00e8se sera en charge des invitations. Chaque paroisse du dioc\u00e8se aura une dizaine d\u2019invitations\u2009\u00bb, pr\u00e9cise Monseigneur Laurent Percerou. Soit l\u2019\u00e9quivalent de 600\u00a0personnes.<\/p>\n<p>Le point sur les travaux<\/p>\n<p class=\" wall-content\">L\u2019\u00c9tat, le Dioc\u00e8se et la Ville ont remerci\u00e9 tous les acteurs qui ont \u00e9t\u00e9 engag\u00e9s dans le sauvetage de l\u2019\u00e9difice et de sa reconstruction.<\/p>\n<p class=\" wall-content\">Les travaux (sous la ma\u00eetrise d\u2019ouvrage de la direction r\u00e9gionale des affaires culturelles) vont perdurer malgr\u00e9 l\u2019ouverture partielle au public, notamment sur le massif occidental, fortement impact\u00e9 lors du feu, dont le chantier prendra fin d\u2019ici la \u00ab\u20092027-2028\u2009\u00bb.<\/p>\n<p class=\" wall-content\">Cette phase s\u2019ach\u00e8vera par <strong>la cr\u00e9ation d\u2019une nouvelle verri\u00e8re<\/strong> et d\u2019un<strong> orgue de tribune<\/strong>, deux \u00e9l\u00e9ments qui doivent donner lieu \u00e0 l\u2019organisation d\u2019un concours d\u2019artistes.<\/p>\n<p>    <img   decoding=\"async\" loading=\"lazy\" src=\"https:\/\/www.europesays.com\/fr\/wp-content\/uploads\/2025\/08\/cathedrale-nantes-travaux-6-960x640.jpg\" alt=\"cath\u00e9drale nantes travaux (6)\" width=\"960\" height=\"640\"\/><br \/>\n    Des artisans sont encore mobilis\u00e9s pour les travaux de la cath\u00e9drale de Nantes. (\u00a9Archives Laure Gentil \/ Actu Nantes)<\/p>\n<p class=\" wall-content\">Actuellement, la fa\u00e7ade, qui n\u00e9cessite un remplacement quasi-total des pierres, est occult\u00e9e par un \u00e9chafaudage de 41\u00a0m\u00e8tres de hauteur. Une installation recouverte d\u2019une \u0153uvre graphique sur b\u00e2che r\u00e9alis\u00e9e par Christophe Cuzin.<\/p>\n<p class=\" wall-content\">Pour rappel, l\u2019\u00c9tat, propri\u00e9taire de la cath\u00e9drale, consacre une enveloppe de 32\u00a0millions d\u2019euros pour la reconstruction de la cath\u00e9drale. Selon Fabrice Rigoulet-Roze, pr\u00e9fet de Loire-Atlantique, <strong>22\u00a0millions d\u2019euros ont d\u2019ores et d\u00e9j\u00e0 \u00e9t\u00e9 investis<\/strong>.<\/p>\n<p class=\" wall-content\">Personnalisez votre actualit\u00e9 en ajoutant vos villes et m\u00e9dias en favori avec <a href=\"https:\/\/moncompte.actu.fr\" title=\"D\u00e9couvez Mon Actu\" rel=\"nofollow noopener\" data-trk=\"{&quot;cta&quot;:{&quot;action&quot;:&quot;https:\\\/\\\/moncompte.actu.fr&quot;,&quot;category&quot;:&quot;mon compte&quot;,&quot;from&quot;:&quot;article footer&quot;,&quot;name&quot;:&quot;Mon actu&quot;,&quot;type&quot;:&quot;cta&quot;}}\" target=\"_blank\">Mon Actu<\/a>.<\/p>\n","protected":false},"excerpt":{"rendered":"Par Thomas Bernard Publi\u00e9 le 27 ao\u00fbt 2025 \u00e0 18h36 Le 18\u00a0juillet 2020, les Nantais d\u00e9couvraient la cath\u00e9drale&hellip;\n","protected":false},"author":2,"featured_media":348066,"comment_status":"","ping_status":"","sticky":false,"template":"","format":"standard","meta":{"footnotes":""},"categories":[2818],"tags":[1111,11,1777,674,1011,27,766,12,2551,2636,25,104,2086],"class_list":{"0":"post-348065","1":"post","2":"type-post","3":"status-publish","4":"format-standard","5":"has-post-thumbnail","7":"category-nantes","8":"tag-actu","9":"tag-actualites","10":"tag-eu","11":"tag-europe","12":"tag-fr","13":"tag-france","14":"tag-nantes","15":"tag-news","16":"tag-patrimoine","17":"tag-pays-de-la-loire","18":"tag-republique-francaise","19":"tag-societe","20":"tag-travaux"},"share_on_mastodon":{"url":"https:\/\/pubeurope.com\/@fr\/115101842235537007","error":""},"_links":{"self":[{"href":"https:\/\/www.europesays.com\/fr\/wp-json\/wp\/v2\/posts\/348065","targetHints":{"allow":["GET"]}}],"collection":[{"href":"https:\/\/www.europesays.com\/fr\/wp-json\/wp\/v2\/posts"}],"about":[{"href":"https:\/\/www.europesays.com\/fr\/wp-json\/wp\/v2\/types\/post"}],"author":[{"embeddable":true,"href":"https:\/\/www.europesays.com\/fr\/wp-json\/wp\/v2\/users\/2"}],"replies":[{"embeddable":true,"href":"https:\/\/www.europesays.com\/fr\/wp-json\/wp\/v2\/comments?post=348065"}],"version-history":[{"count":0,"href":"https:\/\/www.europesays.com\/fr\/wp-json\/wp\/v2\/posts\/348065\/revisions"}],"wp:featuredmedia":[{"embeddable":true,"href":"https:\/\/www.europesays.com\/fr\/wp-json\/wp\/v2\/media\/348066"}],"wp:attachment":[{"href":"https:\/\/www.europesays.com\/fr\/wp-json\/wp\/v2\/media?parent=348065"}],"wp:term":[{"taxonomy":"category","embeddable":true,"href":"https:\/\/www.europesays.com\/fr\/wp-json\/wp\/v2\/categories?post=348065"},{"taxonomy":"post_tag","embeddable":true,"href":"https:\/\/www.europesays.com\/fr\/wp-json\/wp\/v2\/tags?post=348065"}],"curies":[{"name":"wp","href":"https:\/\/api.w.org\/{rel}","templated":true}]}}