{"id":348075,"date":"2025-08-27T17:15:13","date_gmt":"2025-08-27T17:15:13","guid":{"rendered":"https:\/\/www.europesays.com\/fr\/348075\/"},"modified":"2025-08-27T17:15:13","modified_gmt":"2025-08-27T17:15:13","slug":"le-wyld-open-air-festival-a-toulouse-ce-week-end-au-bord-de-leau","status":"publish","type":"post","link":"https:\/\/www.europesays.com\/fr\/348075\/","title":{"rendered":"Le \u00ab\u00a0Wyld Open Air Festival\u00a0\u00bb \u00e0 Toulouse ce week-end au bord de l&rsquo;eau"},"content":{"rendered":"<p>   <img decoding=\"async\" src=\"https:\/\/www.europesays.com\/fr\/wp-content\/uploads\/2025\/08\/1756314913_260_1200x680\" alt=\"illustration agrandir l'image\" style=\"--_image-preview:url('data:image\/jpeg;base64,\/9j\/2wBDACgcHiMeGSgjISMtKygwPGRBPDc3PHtYXUlkkYCZlo+AjIqgtObDoKrarYqMyP\/L2u71\/\/\/\/m8H\/\/\/\/6\/+b9\/\/j\/2wBDASstLTw1PHZBQXb4pYyl+Pj4+Pj4+Pj4+Pj4+Pj4+Pj4+Pj4+Pj4+Pj4+Pj4+Pj4+Pj4+Pj4+Pj4+Pj4+Pj4+Pj\/wAARCAAqACoDASIAAhEBAxEB\/8QAGAAAAwEBAAAAAAAAAAAAAAAAAQIDBAD\/xAAZEAEBAQEBAQAAAAAAAAAAAAAAAQISERP\/xAAXAQEBAQEAAAAAAAAAAAAAAAABAgMA\/8QAFxEBAQEBAAAAAAAAAAAAAAAAAAEREv\/aAAwDAQACEQMRAD8A0WltL0HrTWfJpVM6SGV2mRqzo\/TLNm+gVjHKpITOVs5TpDx1VmQuToS9Do9yXlTlM4UzkYeMZSEy65PBXAjcB81wIf\/Z');\" loading=\"eager\" fetchpriority=\"high\" aria-hidden=\"true\" class=\"svelte-1pnmlwx rounded\" onload=\"this.__e=event\" onerror=\"this.__e=event\"\/> \u00c7a se passe ici &#8211; ici Occitanie \u00a9 Radio France &#8211; Atelier Graphique &#8211; Chlo\u00e9 Akam &#8211; Flashpop    <\/p>\n<p class=\"g-ici-body-regular-3 info svelte-1a514ib\">Diffus\u00e9 le mercredi 27 ao\u00fbt 2025 \u00e0 18:14 <\/p>\n<p class=\"g-ici-body-regular-3 info svelte-1a514ib\">Publi\u00e9 le mercredi 27 ao\u00fbt 2025 \u00e0 18:14 <\/p>\n<ul class=\"SocialNetworks svelte-bt5901\">\n<li class=\"svelte-bt5901\"><\/li>\n<li class=\"svelte-bt5901\"><\/li>\n<li class=\"svelte-bt5901\"><\/li>\n<li class=\"svelte-bt5901\"><\/li>\n<li class=\"svelte-bt5901\"><\/li>\n<\/ul>\n<p class=\"g-ici-body-regular-3 description svelte-1vha4t1\">Tous les vendredis, recevez le meilleur de la semaine d\u2019ici Occitanie\u00a0: certifi\u00e9 100% local\u00a0!<\/p>\n<p>En cliquant sur \u00ab\u00a0S\u2019abonner\u00a0\u00bb, j&rsquo;accepte que les donn\u00e9es recueillies par<br \/>\n        Radio France soient destin\u00e9es \u00e0 l&rsquo;envoi par courrier \u00e9lectronique de<br \/>\n        contenus et d&rsquo;informations relatifs aux programmes. Plus d&rsquo;informations.<\/p>\n<p>Les \u00e9pisodes de l\u2019\u00e9mission\u00a0: \u00c7a se passe ici<\/p>\n<p class=\"IciLink ici-link disabled title no-color g-ici-title-5 svelte-lu7k6w\">Festival Zico Zilo jusqu&rsquo;au 20 septembre \u00e0 la Cartoucherie<\/p>\n<p class=\"IciLink ici-link disabled title no-color g-ici-title-5 svelte-lu7k6w\">Les derniers films des \u00ab\u00a0toiles du chateau\u00a0\u00bb \u00e0 voir cet \u00e9t\u00e9 \u00e0 Pinsaguel<\/p>\n<p class=\"IciLink ici-link disabled title no-color g-ici-title-5 svelte-lu7k6w\">William Mondeu\u00a0a mont\u00e9 une boutique en ligne particuli\u00e8re<\/p>\n<p class=\"IciLink ici-link disabled title no-color g-ici-title-5 svelte-lu7k6w\">Toulouse se pr\u00e9pare \u00e0 trois jours de pur groove et de culture hip-hop<\/p>\n<p>Sur le m\u00eame th\u00e8me<\/p>\n<ul slot=\"container\" class=\"content svelte-bu824\">\n<li class=\"IciCard  standard svelte-1m85qvx\">\n<p class=\"standfirst g-ici-body-regular-2 svelte-1m85qvx\">D\u00e9couvrez l&rsquo;histoire fascinante d&rsquo;un fauteuil en rotin marron d\u00e9fraichi, t\u00e9moin silencieux des vols extraordinaires de l&rsquo;A\u00e9ropostale. Plongez dans l&rsquo;univers du l\u00e9gendaire hydravion LAT\u00e9 28, symbole d&rsquo;innovation et de luxe pour son \u00e9poque.<\/p>\n<\/li>\n<li class=\"IciCard  standard svelte-1m85qvx\">\n<p class=\"standfirst g-ici-body-regular-2 svelte-1m85qvx\">Au c\u0153ur des jardins du mus\u00e9um de Toulouse existe un goyavier d&rsquo;Am\u00e9rique du Sud tr\u00e8s r\u00e9sistant au froid. Un arbre aussi beau que bon, puisque vous pouvez le consommer en salade.<\/p>\n<\/li>\n<\/ul>\n","protected":false},"excerpt":{"rendered":"\u00c7a se passe ici &#8211; ici Occitanie \u00a9 Radio France &#8211; Atelier Graphique &#8211; Chlo\u00e9 Akam &#8211; Flashpop&hellip;\n","protected":false},"author":2,"featured_media":11291,"comment_status":"","ping_status":"","sticky":false,"template":"","format":"standard","meta":{"footnotes":""},"categories":[2816],"tags":[1111,11,1777,674,1011,27,12,2680,25,2312],"class_list":{"0":"post-348075","1":"post","2":"type-post","3":"status-publish","4":"format-standard","5":"has-post-thumbnail","7":"category-toulouse","8":"tag-actu","9":"tag-actualites","10":"tag-eu","11":"tag-europe","12":"tag-fr","13":"tag-france","14":"tag-news","15":"tag-occitanie","16":"tag-republique-francaise","17":"tag-toulouse"},"share_on_mastodon":{"url":"https:\/\/pubeurope.com\/@fr\/115101861498134316","error":""},"_links":{"self":[{"href":"https:\/\/www.europesays.com\/fr\/wp-json\/wp\/v2\/posts\/348075","targetHints":{"allow":["GET"]}}],"collection":[{"href":"https:\/\/www.europesays.com\/fr\/wp-json\/wp\/v2\/posts"}],"about":[{"href":"https:\/\/www.europesays.com\/fr\/wp-json\/wp\/v2\/types\/post"}],"author":[{"embeddable":true,"href":"https:\/\/www.europesays.com\/fr\/wp-json\/wp\/v2\/users\/2"}],"replies":[{"embeddable":true,"href":"https:\/\/www.europesays.com\/fr\/wp-json\/wp\/v2\/comments?post=348075"}],"version-history":[{"count":0,"href":"https:\/\/www.europesays.com\/fr\/wp-json\/wp\/v2\/posts\/348075\/revisions"}],"wp:featuredmedia":[{"embeddable":true,"href":"https:\/\/www.europesays.com\/fr\/wp-json\/wp\/v2\/media\/11291"}],"wp:attachment":[{"href":"https:\/\/www.europesays.com\/fr\/wp-json\/wp\/v2\/media?parent=348075"}],"wp:term":[{"taxonomy":"category","embeddable":true,"href":"https:\/\/www.europesays.com\/fr\/wp-json\/wp\/v2\/categories?post=348075"},{"taxonomy":"post_tag","embeddable":true,"href":"https:\/\/www.europesays.com\/fr\/wp-json\/wp\/v2\/tags?post=348075"}],"curies":[{"name":"wp","href":"https:\/\/api.w.org\/{rel}","templated":true}]}}