{"id":348078,"date":"2025-08-27T17:17:30","date_gmt":"2025-08-27T17:17:30","guid":{"rendered":"https:\/\/www.europesays.com\/fr\/348078\/"},"modified":"2025-08-27T17:17:30","modified_gmt":"2025-08-27T17:17:30","slug":"giroud-buteur-resultats-et-mercato-ou-en-est-lille-le-prochain-adversaire-de-lorient","status":"publish","type":"post","link":"https:\/\/www.europesays.com\/fr\/348078\/","title":{"rendered":"Giroud buteur, r\u00e9sultats et mercato\u00a0: o\u00f9 en est Lille, le prochain adversaire de Lorient\u00a0?"},"content":{"rendered":"<p>Le joueur \u00e0 suivre<\/p>\n<p>On ne pr\u00e9sente plus <a href=\"https:\/\/www.letelegramme.fr\/sports\/football\/stade-brestois\/brest-lille-les-qualites-de-buteur-il-les-aura-jusquau-restant-de-ses-jours-olivier-giroud-lattraction-de-la-reprise-du-stade-brestois-en-ligue-1-6871840.php\" target=\"_blank\" rel=\"noopener\">Olivier Giroud<\/a>, l\u2019international fran\u00e7ais d\u00e9tenteur du record de buts avec l\u2018\u00e9quipe de France (57). L\u2019attaquant effectue un retour remarqu\u00e9 et remarquable dans l\u2019Hexagone apr\u00e8s avoir \u00e9cum\u00e9 les championnats \u00e9trangers en Angleterre, en Italie et aux \u00c9tats-Unis.<\/p>\n<p>D\u00e8s sa premi\u00e8re apparition en Ligue 1, le joueur de bient\u00f4t 39 ans \u2013 il les f\u00eatera le 30 septembre \u2013 <a href=\"https:\/\/www.letelegramme.fr\/sports\/football\/stade-brestois\/un-bon-petit-stade-une-bonne-ambiance-olivier-giroud-fete-son-retour-en-ligue-1-par-un-but-contre-brest-6872665.php\" target=\"_blank\" rel=\"noopener\">a marqu\u00e9 au stade Francis-Le Bl\u00e9<\/a> pour contribuer au match nul (3-3) contre le Stade Brestois.<\/p>\n<p>Olivier Giroud a d\u00e9bloqu\u00e9 la situation dimanche soir dans le temps additionnel face \u00e0 l\u2019AS Monaco (1-0). Son penalty manqu\u00e9 n\u2019a pas entam\u00e9 sa confiance et surtout pas celle de son entra\u00eeneur Bruno Genesio.<\/p>\n<p>L\u2019entame de championnat<\/p>\n<p>Pour sa premi\u00e8re sortie le 17 ao\u00fbt en Bretagne, le Losc s\u2019est content\u00e9 d\u2019un match nul (3-3) <a href=\"https:\/\/www.letelegramme.fr\/sports\/football\/stade-brestois\/direct-brest-lille-suivez-le-match-de-la-premiere-journee-de-ligue-1-6866881.php\" target=\"_blank\" rel=\"noopener\">dans une rencontre d\u00e9brid\u00e9e<\/a> apr\u00e8s avoir men\u00e9 au score jusqu\u2019\u00e0 la 75e minute de jeu.<\/p>\n<p>La victoire est arriv\u00e9e d\u00e8s la deuxi\u00e8me journ\u00e9e avec une mont\u00e9e en puissance des Lillois, cinqui\u00e8mes de Ligue 1 avec une place et un point d\u2019avance sur le FC Lorient, face des Mon\u00e9gasques entreprenants \u00e0 l\u2019image de Maghnes Akliouche. Les Lillois ont su monter en puissance collectivement jusqu\u2019\u00e0 l\u2019exploit r\u00e9alis\u00e9 par Olivier Giroud dos au but quand il a re\u00e7u le ballon.<\/p>\n<p>Un mercato qui reste ouvert<\/p>\n<p>Alors que la fin du mercato estival se profile ce lundi 1er septembre (20 h), Bruno Genesio a r\u00e9clam\u00e9 des renforts \u00e0 l\u2019issue de cette rencontre au stade Pierre-Mauroy \u00e0 Villeneuve-d\u2019Ascq. \u00ab On a encore besoin de joueurs \u00bb, a dit le technicien qui aimerait disposer de plus d\u2019exp\u00e9rience et de rotation. Il prend notamment en compte la blessure d\u2019Ousmane Tour\u00e9 (ligament crois\u00e9 ant\u00e9rieur du genou droit) contract\u00e9e \u00e0 Brest.<\/p>\n<p>Il y a d\u00e9j\u00e0 eu du mouvement dans les rangs lillois avec 14 arriv\u00e9es et 15 d\u00e9parts en incluant les retours de pr\u00eat. Le gardien de but Lucas Chevalier (PSG) figure parmi les partants comme Jonathan David (Juventus Turin), Bafod\u00e9 Diakit\u00e9 (Bournemouth), Gabriel Gudmonsson (Leeds) ou encore les fins de contrat Jonathan David (Juventus Turin), Angel Gomes (Marseille) et R\u00e9my Cabella (Olympiakos).<\/p>\n<p>Du c\u00f4t\u00e9 des arriv\u00e9es, Olivier Giroud a profit\u00e9 de sa fin de contrat pour d\u00e9barquer en provenance de Los Angeles. L\u2019attaquant est accompagn\u00e9 depuis la semaine derni\u00e8re par le portier turc Berke \u00d6zer (Ery\u00fcpspor) en plus de <a href=\"https:\/\/www.letelegramme.fr\/sports\/football\/stade-brestois\/stade-brestois-romain-perraud-le-foot-est-de-plus-en-plus-axe-sur-les-statistiques-3696515.php\" target=\"_blank\" rel=\"noopener\">l\u2019ancien Brestois Romain Perraud<\/a> (Betis Seville), Felix Correia (Gil Vicente) ou encore Nathan Ngoy (Standard Li\u00e8ge).<\/p>\n","protected":false},"excerpt":{"rendered":"Le joueur \u00e0 suivre On ne pr\u00e9sente plus Olivier Giroud, l\u2019international fran\u00e7ais d\u00e9tenteur du record de buts avec&hellip;\n","protected":false},"author":2,"featured_media":348079,"comment_status":"","ping_status":"","sticky":false,"template":"","format":"standard","meta":{"footnotes":""},"categories":[2815],"tags":[1111,11,1777,674,3317,63,1011,27,811,66,1307,1781,12,25,60],"class_list":{"0":"post-348078","1":"post","2":"type-post","3":"status-publish","4":"format-standard","5":"has-post-thumbnail","7":"category-lille","8":"tag-actu","9":"tag-actualites","10":"tag-eu","11":"tag-europe","12":"tag-fc-lorient","13":"tag-football","14":"tag-fr","15":"tag-france","16":"tag-hauts-de-france","17":"tag-ligue-1","18":"tag-lille","19":"tag-lorient","20":"tag-news","21":"tag-republique-francaise","22":"tag-sports"},"share_on_mastodon":{"url":"https:\/\/pubeurope.com\/@fr\/115101869667191261","error":""},"_links":{"self":[{"href":"https:\/\/www.europesays.com\/fr\/wp-json\/wp\/v2\/posts\/348078","targetHints":{"allow":["GET"]}}],"collection":[{"href":"https:\/\/www.europesays.com\/fr\/wp-json\/wp\/v2\/posts"}],"about":[{"href":"https:\/\/www.europesays.com\/fr\/wp-json\/wp\/v2\/types\/post"}],"author":[{"embeddable":true,"href":"https:\/\/www.europesays.com\/fr\/wp-json\/wp\/v2\/users\/2"}],"replies":[{"embeddable":true,"href":"https:\/\/www.europesays.com\/fr\/wp-json\/wp\/v2\/comments?post=348078"}],"version-history":[{"count":0,"href":"https:\/\/www.europesays.com\/fr\/wp-json\/wp\/v2\/posts\/348078\/revisions"}],"wp:featuredmedia":[{"embeddable":true,"href":"https:\/\/www.europesays.com\/fr\/wp-json\/wp\/v2\/media\/348079"}],"wp:attachment":[{"href":"https:\/\/www.europesays.com\/fr\/wp-json\/wp\/v2\/media?parent=348078"}],"wp:term":[{"taxonomy":"category","embeddable":true,"href":"https:\/\/www.europesays.com\/fr\/wp-json\/wp\/v2\/categories?post=348078"},{"taxonomy":"post_tag","embeddable":true,"href":"https:\/\/www.europesays.com\/fr\/wp-json\/wp\/v2\/tags?post=348078"}],"curies":[{"name":"wp","href":"https:\/\/api.w.org\/{rel}","templated":true}]}}