{"id":348080,"date":"2025-08-27T17:18:13","date_gmt":"2025-08-27T17:18:13","guid":{"rendered":"https:\/\/www.europesays.com\/fr\/348080\/"},"modified":"2025-08-27T17:18:13","modified_gmt":"2025-08-27T17:18:13","slug":"cci-paca-et-avignon-le-grand-chamboule-tout-de-lete","status":"publish","type":"post","link":"https:\/\/www.europesays.com\/fr\/348080\/","title":{"rendered":"CCI Paca et Avignon, le grand chamboule tout de l\u2019\u00e9t\u00e9"},"content":{"rendered":"<p>                                <a href=\"https:\/\/www.echodumardi.com\/economie\/cci-paca-et-avignon-le-grand-chamboule-tout-de-lete\/?print=pdf\" class=\"pdfprnt-button pdfprnt-button-pdf\" target=\"_blank\" rel=\"nofollow noopener\"><img decoding=\"async\" src=\"https:\/\/www.europesays.com\/fr\/wp-content\/uploads\/2025\/05\/pdf_button.jpg\" alt=\"image_pdf\" title=\"View PDF\"\/><\/a><a href=\"https:\/\/www.echodumardi.com\/economie\/cci-paca-et-avignon-le-grand-chamboule-tout-de-lete\/?print=print\" class=\"pdfprnt-button pdfprnt-button-print\" target=\"_blank\" rel=\"nofollow noopener\"><\/p>\n<p><strong>Il n\u2019y a plus que trois membres sur sept au Bureau de la Chambre de commerce et d\u2019industrie de Vaucluse. Les nouvelles \u00e9lections pour \u00e9lire le Bureau interviendront le 23 septembre prochain. Fin juillet, Philippe Renaudi, pr\u00e9sident de la CCI Provence-Alpes-C\u00f4te d\u2019Azur d\u00e9missionnait, l\u00e0 encore de nouvelles \u00e9lections sont pr\u00e9vues \u00e0 l\u2019automne, pour \u00e9lire le nouveau pr\u00e9sident pour moins de deux ans.<\/strong><\/p>\n<p><img loading=\"lazy\" decoding=\"async\" width=\"640\" height=\"480\" src=\"https:\/\/www.europesays.com\/fr\/wp-content\/uploads\/2025\/08\/IMG_6345-1.jpg\" alt=\"\" class=\"wp-image-130774\" style=\"width:940px;height:auto\"  \/><strong>CCI 84 Copyright MMH<\/strong><\/p>\n<p>Apr\u00e8s les d\u00e9missions de Bruno Delorme, dirigeant de la soci\u00e9t\u00e9 <a href=\"http:\/\/www.delorme-entreprises.fr\/\" target=\"_blank\" rel=\"noreferrer noopener nofollow\">B\u00e9ton Sud 84<\/a> -et secr\u00e9taire du Bureau de la CCI 84- intervenue en 2024 puis celles, le 30 juin de <a href=\"https:\/\/www.linkedin.com\/in\/thierry-francou-3b746097\/?originalSubdomain=fr\" target=\"_blank\" rel=\"noreferrer noopener nofollow\">Thierry Francou<\/a> \u2013tr\u00e9sorier et pr\u00e9sident d\u2019Eurenco- et, enfin de Nordine Saihi, secr\u00e9taire-adjoint pr\u00e9sident de l\u2019<a href=\"https:\/\/u2p-sud.fr\/u2p-du-vaucluse\/\" target=\"_blank\" rel=\"noreferrer noopener nofollow\">U2P Vaucluse<\/a> et de <a href=\"https:\/\/www.umih84.fr\/les-elus\/\" target=\"_blank\" rel=\"noreferrer noopener nofollow\">Richard H\u00e9min<\/a>, tr\u00e9sorier-adjoint du bureau et patron du <a href=\"https:\/\/www.grandcafebarretta.com\/\" target=\"_blank\" rel=\"noreferrer noopener nofollow\">Grand Barretta<\/a>, le 6 ao\u00fbt, la Chambre de commerce et d\u2019industrie de Vaucluse ne dispose plus de quorum -nombre minimum de membres pr\u00e9sents pour d\u00e9lib\u00e9rer- pour le Bureau et donc d\u2019instance d\u00e9cisionnelle. L\u2019institution est donc pass\u00e9e sous tutelle de la pr\u00e9fecture de Provence-Alpes-C\u00f4te d\u2019Azur le 20 ao\u00fbt.<\/p>\n<p><strong>De nouvelles \u00e9lections<br \/><\/strong>Une mesure temporaire selon le pr\u00e9sident <a href=\"https:\/\/www.linkedin.com\/in\/gilbert-marcelli-366b6b236\/?originalSubdomain=fr\" target=\"_blank\" rel=\"noreferrer noopener nofollow\">Gilbert Marcelli<\/a> qui, sans Bureau, ne peut plus \u0153uvrer comme il l\u2019entend. Pour m\u00e9moire, la CCI de Vaucluse avait \u00e9t\u00e9 mise sous tutelle entre 2018 et 2021 suite \u00e0 \u2018la querelle des chefs\u2019 qui opposait Jacques Br\u00e8s, ancien pr\u00e9sident de la f\u00e9d\u00e9 BTP 84 et du M\u00e9def Vaucluse, \u00e0 <a href=\"https:\/\/www.linkedin.com\/in\/bernard-vergier-4986a5b6\/?originalSubdomain=fr\" target=\"_blank\" rel=\"noreferrer noopener nofollow\">Bernard Vergier<\/a>, pr\u00e9sident de la CPME 84, tout deux en lice pour la pr\u00e9sidence de la CCI 84, notamment pour une remise en cause des \u00e9lections.<\/p>\n<p><strong>Plus d\u2019amplitude pour la formation<br \/><\/strong>La CCI de Vaucluse avait rachet\u00e9, via l\u2019Acad\u00e9mie Vaucluse Provence, <a href=\"https:\/\/nextechformation.fr\/\" target=\"_blank\" rel=\"noreferrer noopener nofollow\">Nextech<\/a>, en novembre 2024. En effet, le Tribunal judiciaire d\u2019Avignon avait retenu l\u2019offre de la CCI de Vaucluse, parmi 4 autres candidats repreneurs, lui attribuant ainsi la reprise de l\u2019\u00e9cole Nextech (<a href=\"https:\/\/nextechformation.fr\/formations\/\" target=\"_blank\" rel=\"noreferrer noopener nofollow\">informatique, industrie, chaudronnerie<\/a>). Lors du vote des salari\u00e9s, ces derniers s\u2019\u00e9taient prononc\u00e9s \u00e0 81,8% en faveur de l\u2019offre de la CCI Vaucluse. En difficult\u00e9 \u00e0 la suite de dysfonctionnements financiers et de gouvernance, la soci\u00e9t\u00e9 de formation avait \u00e9t\u00e9 plac\u00e9e en ao\u00fbt 2024 en redressement judiciaire.<\/p>\n<p><img loading=\"lazy\" decoding=\"async\" width=\"640\" height=\"480\" src=\"https:\/\/www.europesays.com\/fr\/wp-content\/uploads\/2025\/08\/IMG_6343.jpg\" alt=\"\" class=\"wp-image-130769\" style=\"width:969px;height:auto\"  \/><strong>Le Quai des saveurs Copyright MMH<\/strong><\/p>\n<p><strong>Cr\u00e9ation du Quai des saveurs<br \/><\/strong>Egalement, la Cci de Vaucluse a cr\u00e9\u00e9, en juin 2024, <a href=\"https:\/\/quaidessaveurs.fr\/\" target=\"_blank\" rel=\"noreferrer noopener nofollow\">Le quai des saveurs<\/a>, restaurant bistronomique o\u00f9 apprentis et \u00e9tudiants en restauration issus de l\u2019<a href=\"https:\/\/academie.vaucluse.cci.fr\/\" target=\"_blank\" rel=\"noreferrer noopener nofollow\">Acad\u00e9mie Vaucluse Provence<\/a> font leurs premi\u00e8res armes. Les prochaines \u00e9lections de la CCI, pour \u00e9lire le Bureau, auront lieu le 23 septembre prochain. Gilbert Marcelli, ancien pr\u00e9sident de l\u2019UIMM 84 \u2013Union des industries et m\u00e9tiers de la m\u00e9tallurgie de Vaucluse, qui a fusionn\u00e9 en juillet 2023 avec l\u2019instance Alpes-M\u00e9diterran\u00e9e-, avait \u00e9t\u00e9 \u00e9lu \u00e0 l\u2019unanimit\u00e9 \u2013des 34 membres titulaires- en novembre 2021. D\u00e9sormais, les membres restants du bureau sont <a href=\"https:\/\/www.linkedin.com\/in\/catherine-panattoni-46a7b3145\/?originalSubdomain=fr\" target=\"_blank\" rel=\"noreferrer noopener nofollow\">Catherine Panattoni<\/a>, vice-pr\u00e9sidente \u2018Services\u2019 et <a href=\"https:\/\/www.linkedin.com\/in\/dominique-damiano-237204223\/?originalSubdomain=fr\" target=\"_blank\" rel=\"noreferrer noopener nofollow\">Dominique Damiano<\/a>, vice-pr\u00e9sident \u2018Commerce\u2019, et bien s\u00fbr le pr\u00e9sident, Gilbert Marcelli.<\/p>\n<p><strong>De nouvelles \u00e9lections<br \/><\/strong>D\u00e9sormais, en l\u2019absence de quorum, due \u00e0 des d\u00e9missions en cha\u00eene, la CCI de Vaucluse devra se plier \u00e0 l\u2019organisation d\u2019une Assembl\u00e9e g\u00e9n\u00e9rale extraordinaire ou \u00e0 des \u00e9lections anticip\u00e9es pour renouveler les membres du Bureau, qui d\u00e9signeront ou conforteront, \u00e0 leur tour, le pr\u00e9sident. Pour m\u00e9moire, le Bureau d\u00e9termine les orientations strat\u00e9giques de la CCI, vote le budget et les comptes et adopte tous les actes de l\u2019\u00e9tablissement public. L\u2019organisation, les \u00e9lus et les collaborateurs de la CCI de Vaucluse <a href=\"https:\/\/www.vaucluse.cci.fr\/ma-cci\/organisation-elus-et-collaborateurs\" target=\"_blank\" rel=\"noreferrer noopener nofollow\">ici<\/a>.<\/p>\n<p><strong>Concernant la CCIR Paca<br \/><\/strong>Concernant la <a href=\"https:\/\/www.paca.cci.fr\/\" target=\"_blank\" rel=\"noreferrer noopener nofollow\">Chambre de Commerce et d\u2019Industrie R\u00e9gionale de Provence-Alpes-C\u00f4te d\u2019Azur,<\/a> <a href=\"https:\/\/www.linkedin.com\/company\/groupe-renaudi\/?originalSubdomain=fr\" target=\"_blank\" rel=\"noreferrer noopener nofollow\">Philippe Renaudi <\/a>a d\u00e9missionn\u00e9 fin juillet ainsi que de ses mandants consulaires. L\u2019int\u00e9rim est assur\u00e9 par <a href=\"https:\/\/www.linkedin.com\/in\/daniel-margot-a99835148\/\" target=\"_blank\" rel=\"noreferrer noopener nofollow\">Daniel Margot<\/a>, 1er vice-pr\u00e9sident de la CCI des Alpes-de-Haute-Provence pour deux mois, le temps de mettre en place de nouvelles \u00e9lections \u2013organis\u00e9es par la Pr\u00e9fecture de R\u00e9gion- pour nommer les membres, le bureau et le nouveau pr\u00e9sident pour deux ans.<\/p>\n<p><img loading=\"lazy\" decoding=\"async\" width=\"640\" height=\"480\" src=\"https:\/\/www.europesays.com\/fr\/wp-content\/uploads\/2025\/08\/IMG_6337.jpg\" alt=\"\" class=\"wp-image-130771\" style=\"width:976px;height:auto\"  \/><strong>Le Quai des saveurs Copyright MMH<\/strong>                                <\/p>\n","protected":false},"excerpt":{"rendered":"Il n\u2019y a plus que trois membres sur sept au Bureau de la Chambre de commerce et d\u2019industrie&hellip;\n","protected":false},"author":2,"featured_media":348081,"comment_status":"","ping_status":"","sticky":false,"template":"","format":"standard","meta":{"footnotes":""},"categories":[2814],"tags":[1111,11,1777,674,1011,27,884,12,882,25],"class_list":{"0":"post-348080","1":"post","2":"type-post","3":"status-publish","4":"format-standard","5":"has-post-thumbnail","7":"category-marseille","8":"tag-actu","9":"tag-actualites","10":"tag-eu","11":"tag-europe","12":"tag-fr","13":"tag-france","14":"tag-marseille","15":"tag-news","16":"tag-provence-alpes-cote-dazur","17":"tag-republique-francaise"},"share_on_mastodon":{"url":"https:\/\/pubeurope.com\/@fr\/115101873415807143","error":""},"_links":{"self":[{"href":"https:\/\/www.europesays.com\/fr\/wp-json\/wp\/v2\/posts\/348080","targetHints":{"allow":["GET"]}}],"collection":[{"href":"https:\/\/www.europesays.com\/fr\/wp-json\/wp\/v2\/posts"}],"about":[{"href":"https:\/\/www.europesays.com\/fr\/wp-json\/wp\/v2\/types\/post"}],"author":[{"embeddable":true,"href":"https:\/\/www.europesays.com\/fr\/wp-json\/wp\/v2\/users\/2"}],"replies":[{"embeddable":true,"href":"https:\/\/www.europesays.com\/fr\/wp-json\/wp\/v2\/comments?post=348080"}],"version-history":[{"count":0,"href":"https:\/\/www.europesays.com\/fr\/wp-json\/wp\/v2\/posts\/348080\/revisions"}],"wp:featuredmedia":[{"embeddable":true,"href":"https:\/\/www.europesays.com\/fr\/wp-json\/wp\/v2\/media\/348081"}],"wp:attachment":[{"href":"https:\/\/www.europesays.com\/fr\/wp-json\/wp\/v2\/media?parent=348080"}],"wp:term":[{"taxonomy":"category","embeddable":true,"href":"https:\/\/www.europesays.com\/fr\/wp-json\/wp\/v2\/categories?post=348080"},{"taxonomy":"post_tag","embeddable":true,"href":"https:\/\/www.europesays.com\/fr\/wp-json\/wp\/v2\/tags?post=348080"}],"curies":[{"name":"wp","href":"https:\/\/api.w.org\/{rel}","templated":true}]}}