{"id":348084,"date":"2025-08-27T17:20:18","date_gmt":"2025-08-27T17:20:18","guid":{"rendered":"https:\/\/www.europesays.com\/fr\/348084\/"},"modified":"2025-08-27T17:20:18","modified_gmt":"2025-08-27T17:20:18","slug":"rhone-un-lyonnais-radicalise-menace-de-decapiter-un-homme-sur-tiktok","status":"publish","type":"post","link":"https:\/\/www.europesays.com\/fr\/348084\/","title":{"rendered":"Rh\u00f4ne. Un Lyonnais radicalis\u00e9 menace de d\u00e9capiter un homme sur TikTok"},"content":{"rendered":"<p>\u00ab\u00a0Viens ici, je vais te couper ta t\u00eate.\u00a0\u00bb Un jeune homme se pr\u00e9sentant comme Lyonnais et comme un membre du groupe terroriste \u00c9tat islamique, a menac\u00e9 de mort un internaute, au cours d\u2019un live vid\u00e9o sur le r\u00e9seau social TikTok.<\/p>\n<p>L\u2019extrait a \u00e9t\u00e9 rep\u00e9r\u00e9 et post\u00e9 mardi soir, sur X (ex-Twitter), par Chawki Benzehra. Cet activiste alg\u00e9rien, qui vit lui-m\u00eame \u00e0 Lyon, affirme que la s\u00e9quence a \u00e9t\u00e9 tourn\u00e9e vers 23\u00a0h\u00a020, le m\u00eame jour, au cours d\u2019un \u00e9change vid\u00e9o entre un Irakien r\u00e9fugi\u00e9 en Europe qui a abandonn\u00e9 la pratique de l\u2019islam et d\u2019autres internautes invit\u00e9s \u00e0 d\u00e9battre. \u00ab\u00a0Il est tr\u00e8s connu. Il y a souvent des gens qui le menacent, qui l\u2019attaquent\u00a0\u00bb lors de ses live, observe Chawki Benzehra, contact\u00e9 par Le Progr\u00e8s. Le lanceur d\u2019alerte d\u00e9plore les \u00ab\u00a0vagues d\u2019appels \u00e0 la haine\u00a0\u00bb qui d\u00e9ferlent en ligne \u00ab\u00a0d\u00e8s que quelqu\u2019un critique l\u2019islam\u00a0\u00bb.<\/p>\n<p>  \u00ab\u00a0Il pr\u00eate all\u00e9geance \u00e0 Daesh\u00a0\u00bb \u00e0 visage d\u00e9couvert<\/p>\n<p>\u00ab\u00a0L\u00e0, c\u2019\u00e9tait un peu particulier parce qu\u2019il [le pr\u00e9sum\u00e9 Lyonnais qui se nommerait Ibrahim] pr\u00eatait all\u00e9geance \u00e0 Daesh\u00a0\u00bb, note-t-il. Le mis en cause s\u2019exprime les premi\u00e8res secondes en fran\u00e7ais, avant de poursuivre son propos en arabe.<\/p>\n<p>Selon la traduction de Chawki Benzehra, Ibrahim qualifierait l\u2019Irakien d\u2019apostat et se f\u00e9liciterait que Daesh ait tu\u00e9 des membres de la minorit\u00e9 y\u00e9zidie, qui seraient compar\u00e9s \u00e0 des \u00ab\u00a0cochons\u00a0\u00bb qui ont aussi \u00e9t\u00e9 transform\u00e9s en \u00ab\u00a0esclaves sexuels\u00a0\u00bb. Notre r\u00e9daction a pu partiellement confirmer cette traduction, avec des outils d\u2019intelligence artificielle.<\/p>\n<p>  Le compte TikTok de l\u2019internaute mis en cause toujours actif<\/p>\n<p>Le parquet de Lyon a indiqu\u00e9 avoir \u00ab\u00a0ouvert une enqu\u00eate confi\u00e9e \u00e0 la DCOS\u00a0\u00bb (division de la criminalit\u00e9 organis\u00e9e et sp\u00e9cialis\u00e9e).\u00a0La police a \u00abr\u00e9alis\u00e9 aupr\u00e8s de la plateforme Pharos\u00bb un signalement, \u00ab\u00a0compte tenu des propos pr\u00e9f\u00e9r\u00e9s\u00a0\u00bb, a \u00e9crit sur X la pr\u00e9fecture du Rh\u00f4ne, qui invite \u00e0 ne pas relayer cette vid\u00e9o. Pharos est la\u00a0plateforme fran\u00e7aise d\u2019harmonisation, d\u2019analyse, de recoupement et d\u2019orientation des signalements de contenus illicites sur internet.<\/p>\n<p>Ce contenu est bloqu\u00e9 car vous n&rsquo;avez pas accept\u00e9 les cookies et autres traceurs.<\/p>\n<p>En cliquant sur \u00ab J\u2019accepte \u00bb, les cookies et autres traceurs seront d\u00e9pos\u00e9s et vous pourrez visualiser les contenus  (<a href=\"\" class=\"consentModule_policy\" target=\"_blank\" title=\"Consulter la politique de protection des donn\u00e9es du fournisseur\">plus d&rsquo;informations<\/a>).<\/p>\n<p>En cliquant sur \u00ab J\u2019accepte tous les cookies \u00bb, vous autorisez des d\u00e9p\u00f4ts de cookies et autres traceurs pour le stockage de vos donn\u00e9es sur nos sites et applications \u00e0 des fins de personnalisation et de ciblage publicitaire.<\/p>\n<p class=\"consentModule_secondaryText\">Vous gardez la possibilit\u00e9 de retirer votre consentement \u00e0 tout moment en consultant notre <a href=\"https:\/\/www.leprogres.fr\/protection-des-donnees\" target=\"_blank\" title=\"Consulter notre politique de protection des donn\u00e9es\" rel=\"noopener\">politique de protection des donn\u00e9es<\/a>. <br \/>&#13;<br \/>\n            <a href=\"https:\/\/www.leprogres.fr\/faits-divers-justice\/2025\/08\/27\/javascript:Didomi.notice.show()\" class=\"consentModule_cmp\" target=\"_blank\" rel=\"noopener\">G\u00e9rer mes choix<\/a>&#13;\n        <\/p>\n<p>&#13;<br \/>\n                        J&rsquo;accepte&#13;<br \/>\n            J&rsquo;accepte tous les cookies&#13;\n        <\/p>\n<p>  \u00a0<\/p>\n<p>La vid\u00e9o est en passe de devenir virale sur les r\u00e9seaux sociaux. Elle a \u00e9t\u00e9 repartag\u00e9e par un compte d\u2019extr\u00eame droite tr\u00e8s suivi. Le compte TikTok de l\u2019internaute incrimin\u00e9 \u00e9tait quant \u00e0 lui toujours accessible \u00e0 la mi-journ\u00e9e, mercredi.<\/p>\n<p>Chawki Benzehra est un internaute actif, oppos\u00e9 au r\u00e9gime alg\u00e9rien, qui a obtenu l\u2019asile en France. Il avait \u00e9t\u00e9 <a href=\"https:\/\/www.leprogres.fr\/faits-divers-justice\/2025\/01\/06\/un-torrent-de-menaces-de-mort-vise-ma-personne-depuis-lyon-il-denonce-les-appels-a-la-haine-d-influenceurs\" target=\"_blank\" rel=\"noopener\">menac\u00e9 de mort en d\u00e9but d\u2019ann\u00e9e<\/a> , apr\u00e8s avoir traqu\u00e9 les vid\u00e9os d\u2019influenceurs alg\u00e9riens pr\u00e9sents dans l\u2019Hexagone et faisant l\u2019apologie du terrorisme.<\/p>\n<p>  Tensions g\u00e9opolitiques et s\u00e9curitaires<\/p>\n<p>Sa nouvelle d\u00e9nonciation intervient dans un contexte g\u00e9opolitique tendu <a href=\"https:\/\/www.leprogres.fr\/politique\/2025\/07\/23\/les-conditions-de-deplacements-de-dignitaires-algeriens-vont-etre-reduites-en-france\" target=\"_blank\" rel=\"noopener\">entre Alger et Paris<\/a>. L\u2019\u00c9tat fran\u00e7ais d\u00e9nonce notamment les d\u00e9tentions arbitraires de deux de ses ressortissants, l\u2019\u00e9crivain Boualem Sansal et le journaliste Christophe Gleizes.<\/p>\n<p>Le contexte s\u00e9curitaire est \u00e9galement marqu\u00e9 par <a href=\"https:\/\/www.leprogres.fr\/faits-divers-justice\/2025\/08\/26\/deux-mineurs-mis-en-examen-pour-avoir-voulu-s-en-prendre-a-des-synagogues-et-a-la-tour-eiffel\" target=\"_blank\" rel=\"noopener\">l\u2019interpellation de deux mineurs radicalis\u00e9s<\/a> suspect\u00e9s d\u2019avoir envisag\u00e9 des attaques contre des synagogues et la tour Eiffel. Ils ont \u00e9t\u00e9 mis en examen d\u00e9but ao\u00fbt pour \u00ab\u00a0association de malfaiteurs criminelle terroriste\u00a0\u00bb.<\/p>\n","protected":false},"excerpt":{"rendered":"\u00ab\u00a0Viens ici, je vais te couper ta t\u00eate.\u00a0\u00bb Un jeune homme se pr\u00e9sentant comme Lyonnais et comme un&hellip;\n","protected":false},"author":2,"featured_media":348085,"comment_status":"","ping_status":"","sticky":false,"template":"","format":"standard","meta":{"footnotes":""},"categories":[1889],"tags":[1111,11,2430,271,272,2757,1777,674,274,107,1011,27,2428,2756,12,25,2429,104,1254],"class_list":{"0":"post-348084","1":"post","2":"type-post","3":"status-publish","4":"format-standard","5":"has-post-thumbnail","7":"category-lyon","8":"tag-actu","9":"tag-actualites","10":"tag-auvergne-rhone-alpes","11":"tag-crime","12":"tag-delit-et-contravention","13":"tag-edition-lyon-villeurbanne","14":"tag-eu","15":"tag-europe","16":"tag-faits-divers-justice","17":"tag-fil-info","18":"tag-fr","19":"tag-france","20":"tag-lyon","21":"tag-lyon-bassin","22":"tag-news","23":"tag-republique-francaise","24":"tag-rhone","25":"tag-societe","26":"tag-terrorisme"},"share_on_mastodon":{"url":"https:\/\/pubeurope.com\/@fr\/115101881148811975","error":""},"_links":{"self":[{"href":"https:\/\/www.europesays.com\/fr\/wp-json\/wp\/v2\/posts\/348084","targetHints":{"allow":["GET"]}}],"collection":[{"href":"https:\/\/www.europesays.com\/fr\/wp-json\/wp\/v2\/posts"}],"about":[{"href":"https:\/\/www.europesays.com\/fr\/wp-json\/wp\/v2\/types\/post"}],"author":[{"embeddable":true,"href":"https:\/\/www.europesays.com\/fr\/wp-json\/wp\/v2\/users\/2"}],"replies":[{"embeddable":true,"href":"https:\/\/www.europesays.com\/fr\/wp-json\/wp\/v2\/comments?post=348084"}],"version-history":[{"count":0,"href":"https:\/\/www.europesays.com\/fr\/wp-json\/wp\/v2\/posts\/348084\/revisions"}],"wp:featuredmedia":[{"embeddable":true,"href":"https:\/\/www.europesays.com\/fr\/wp-json\/wp\/v2\/media\/348085"}],"wp:attachment":[{"href":"https:\/\/www.europesays.com\/fr\/wp-json\/wp\/v2\/media?parent=348084"}],"wp:term":[{"taxonomy":"category","embeddable":true,"href":"https:\/\/www.europesays.com\/fr\/wp-json\/wp\/v2\/categories?post=348084"},{"taxonomy":"post_tag","embeddable":true,"href":"https:\/\/www.europesays.com\/fr\/wp-json\/wp\/v2\/tags?post=348084"}],"curies":[{"name":"wp","href":"https:\/\/api.w.org\/{rel}","templated":true}]}}