{"id":348086,"date":"2025-08-27T17:21:17","date_gmt":"2025-08-27T17:21:17","guid":{"rendered":"https:\/\/www.europesays.com\/fr\/348086\/"},"modified":"2025-08-27T17:21:17","modified_gmt":"2025-08-27T17:21:17","slug":"des-voisins-ne-veulent-pas-de-restaurants-halal","status":"publish","type":"post","link":"https:\/\/www.europesays.com\/fr\/348086\/","title":{"rendered":"\u00ab\u00a0Des voisins ne veulent pas de restaurants halal\u00a0\u00bb"},"content":{"rendered":"<p>\u00ab\u00a0Du racisme pur et dur.\u00a0\u00bb L\u2019un des commer\u00e7ants vraisemblablement vis\u00e9s par des tags racistes et antimusulmans, d\u00e9couverts mardi matin, dans une copropri\u00e9t\u00e9 de la rue du Professeur-Beauvisage, en lisi\u00e8re du quartier des \u00c9tats-Unis, \u00e0 Lyon 8e , d\u00e9plore, sous couvert de l\u2019anonymat, \u00ab\u00a0des actes r\u00e9p\u00e9t\u00e9s\u00a0\u00bb \u00e0 leur encontre. Ils pourraient \u00eatre l\u2019\u0153uvre de \u00ab\u00a0voisins qui ne veulent pas de restaurants halal\u00a0\u00bb, estime-t-il.<\/p>\n<p>\u201cMort l\u2019arabe\u201d, \u201cRentrez chez vous\u201d, \u201cFrance aux Fran\u00e7ais\u201d, \u201cPas de halal stop\u201d ont \u00e9t\u00e9 peints en noir, sur un mur d\u2019enceinte de la copropri\u00e9t\u00e9, un mur porteur du b\u00e2timent ou encore sur la porte d\u2019un garage, qui serait occup\u00e9 par l\u2019un des quatre commerces qui seraient pris pour cible, selon notre interlocuteur.<\/p>\n<p>  \u00ab\u00a0Sous le choc\u00a0\u00bb<\/p>\n<p>L\u2019incitation \u00e0 la haine, \u00e0 la violence ou \u00e0 la discrimination est punie d\u2019une peine pouvant aller jusqu\u2019\u00e0 un an de prison et 45\u00a0000\u00a0\u20ac d\u2019amende, la menace de mort peut \u00eatre sanctionn\u00e9e de trois ans de prison et 45\u00a0000\u00a0\u20ac d\u2019amende. \ufeffUne enqu\u00eate de police a \u00e9t\u00e9 ouverte pour retrouver le ou les auteurs de ces inscriptions, a indiqu\u00e9 au Progr\u00e8s  la direction interd\u00e9partementale de la s\u00e9curit\u00e9 publique.\ufeff<\/p>\n<p>Ce contenu est bloqu\u00e9 car vous n&rsquo;avez pas accept\u00e9 les cookies et autres traceurs.<\/p>\n<p>En cliquant sur \u00ab J\u2019accepte \u00bb, les cookies et autres traceurs seront d\u00e9pos\u00e9s et vous pourrez visualiser les contenus  (<a href=\"\" class=\"consentModule_policy\" target=\"_blank\" title=\"Consulter la politique de protection des donn\u00e9es du fournisseur\">plus d&rsquo;informations<\/a>).<\/p>\n<p>En cliquant sur \u00ab J\u2019accepte tous les cookies \u00bb, vous autorisez des d\u00e9p\u00f4ts de cookies et autres traceurs pour le stockage de vos donn\u00e9es sur nos sites et applications \u00e0 des fins de personnalisation et de ciblage publicitaire.<\/p>\n<p class=\"consentModule_secondaryText\">Vous gardez la possibilit\u00e9 de retirer votre consentement \u00e0 tout moment en consultant notre <a href=\"https:\/\/www.leprogres.fr\/protection-des-donnees\" target=\"_blank\" title=\"Consulter notre politique de protection des donn\u00e9es\" rel=\"noopener\">politique de protection des donn\u00e9es<\/a>. <br \/>&#13;<br \/>\n            <a href=\"https:\/\/www.leprogres.fr\/faits-divers-justice\/2025\/08\/27\/javascript:Didomi.notice.show()\" class=\"consentModule_cmp\" target=\"_blank\" rel=\"noopener\">G\u00e9rer mes choix<\/a>&#13;\n        <\/p>\n<p>&#13;<br \/>\n                        J&rsquo;accepte&#13;<br \/>\n            J&rsquo;accepte tous les cookies&#13;\n        <\/p>\n<p>\u00ab\u00a0On est vraiment sous le choc\u00a0\u00bb, s\u2019\u00e9meut le commer\u00e7ant. Mardi soir, \u00ab\u00a0le salari\u00e9 n\u2019\u00e9tait pas serein \u00e0 la fermeture. Des personnes se sont mont\u00e9 la t\u00eate, dans ce quartier multiculturel, elles ne veulent pas des nouveaux restaurateurs sur la zone. Avant, il y avait une pharmacie \u00e0 cet endroit. Elles n\u2019acceptent pas le changement\u00a0\u00bb, affirme-t-il.<\/p>\n<p>La situation est d\u00e9grad\u00e9e depuis \u00ab\u00a0environ six mois. Les choses se sont intensifi\u00e9es ces deux derniers mois.\u00a0\u00bb Les commer\u00e7ants ont \u00e9t\u00e9 d\u2019apr\u00e8s lui victimes de \u00ab\u00a0violences verbales\u00a0\u00bb et m\u00eame \u00ab\u00a0physiques contre un salari\u00e9\u00a0\u00bb. Ces faits auraient donn\u00e9 lieu \u00e0 plusieurs d\u00e9p\u00f4ts de plaintes.<\/p>\n<p>Sur les cinq premiers mois de l\u2019ann\u00e9e, 145 actes antimusulmans ont \u00e9t\u00e9 recens\u00e9s en France, contre 83 en 2024 sur la m\u00eame p\u00e9riode, soit <a href=\"https:\/\/www.leprogres.fr\/societe\/2025\/07\/03\/les-actes-islamophobes-bondissent-de-75-les-actes-antisemites-restent-eleves\" target=\"_blank\" rel=\"noopener\">un bond pr\u00e9occupant de 75\u00a0%<\/a> , selon des donn\u00e9es du minist\u00e8re de l\u2019Int\u00e9rieur.<\/p>\n<p>Dans la m\u00eame p\u00e9riode, 504 antis\u00e9mites ont \u00e9t\u00e9 relev\u00e9s et 322 actes antichr\u00e9tiens.<\/p>\n","protected":false},"excerpt":{"rendered":"\u00ab\u00a0Du racisme pur et dur.\u00a0\u00bb L\u2019un des commer\u00e7ants vraisemblablement vis\u00e9s par des tags racistes et antimusulmans, d\u00e9couverts mardi&hellip;\n","protected":false},"author":2,"featured_media":348087,"comment_status":"","ping_status":"","sticky":false,"template":"","format":"standard","meta":{"footnotes":""},"categories":[1889],"tags":[1111,11,2430,271,272,2757,1777,674,274,107,1011,27,2428,2756,12,25,2429],"class_list":{"0":"post-348086","1":"post","2":"type-post","3":"status-publish","4":"format-standard","5":"has-post-thumbnail","7":"category-lyon","8":"tag-actu","9":"tag-actualites","10":"tag-auvergne-rhone-alpes","11":"tag-crime","12":"tag-delit-et-contravention","13":"tag-edition-lyon-villeurbanne","14":"tag-eu","15":"tag-europe","16":"tag-faits-divers-justice","17":"tag-fil-info","18":"tag-fr","19":"tag-france","20":"tag-lyon","21":"tag-lyon-bassin","22":"tag-news","23":"tag-republique-francaise","24":"tag-rhone"},"share_on_mastodon":{"url":"https:\/\/pubeurope.com\/@fr\/115101885062977309","error":""},"_links":{"self":[{"href":"https:\/\/www.europesays.com\/fr\/wp-json\/wp\/v2\/posts\/348086","targetHints":{"allow":["GET"]}}],"collection":[{"href":"https:\/\/www.europesays.com\/fr\/wp-json\/wp\/v2\/posts"}],"about":[{"href":"https:\/\/www.europesays.com\/fr\/wp-json\/wp\/v2\/types\/post"}],"author":[{"embeddable":true,"href":"https:\/\/www.europesays.com\/fr\/wp-json\/wp\/v2\/users\/2"}],"replies":[{"embeddable":true,"href":"https:\/\/www.europesays.com\/fr\/wp-json\/wp\/v2\/comments?post=348086"}],"version-history":[{"count":0,"href":"https:\/\/www.europesays.com\/fr\/wp-json\/wp\/v2\/posts\/348086\/revisions"}],"wp:featuredmedia":[{"embeddable":true,"href":"https:\/\/www.europesays.com\/fr\/wp-json\/wp\/v2\/media\/348087"}],"wp:attachment":[{"href":"https:\/\/www.europesays.com\/fr\/wp-json\/wp\/v2\/media?parent=348086"}],"wp:term":[{"taxonomy":"category","embeddable":true,"href":"https:\/\/www.europesays.com\/fr\/wp-json\/wp\/v2\/categories?post=348086"},{"taxonomy":"post_tag","embeddable":true,"href":"https:\/\/www.europesays.com\/fr\/wp-json\/wp\/v2\/tags?post=348086"}],"curies":[{"name":"wp","href":"https:\/\/api.w.org\/{rel}","templated":true}]}}