{"id":348091,"date":"2025-08-27T17:24:11","date_gmt":"2025-08-27T17:24:11","guid":{"rendered":"https:\/\/www.europesays.com\/fr\/348091\/"},"modified":"2025-08-27T17:24:11","modified_gmt":"2025-08-27T17:24:11","slug":"employe-dun-celebre-club-de-jeux-il-se-fait-depouiller-de-150-000-euros-au-petit-matin","status":"publish","type":"post","link":"https:\/\/www.europesays.com\/fr\/348091\/","title":{"rendered":"employ\u00e9 d&rsquo;un c\u00e9l\u00e8bre club de jeux, il se fait d\u00e9pouiller de 150 000 euros au petit matin"},"content":{"rendered":"<p>            Par<br \/>\n        <strong><br \/>\n            <a href=\"https:\/\/actu.fr\/auteur\/antoine-blanchet\" title=\"Consulter tous les articles de Antoine Blanchet\" target=\"_blank\" rel=\"noopener\">Antoine Blanchet<\/a><br \/>\n        <\/strong><\/p>\n<p>        Publi\u00e9 le<\/p>\n<p>            27 ao\u00fbt 2025 \u00e0 18h31        <\/p>\n<p>Une enveloppe \u00e0 six chiffres. Ce mercredi 27\u00a0ao\u00fbt 2025,<strong> l\u2019employ\u00e9 d\u2019un cercle de jeu \u00e0 <a href=\"https:\/\/actu.fr\/paris\/\" target=\"_blank\" rel=\"noopener\">Paris<\/a> a \u00e9t\u00e9 menac\u00e9 et d\u00e9pouill\u00e9<\/strong> non loin de l\u2019\u00e9tablissement, nous indique le parquet, confirmant une information du <a href=\"https:\/\/www.leparisien.fr\/faits-divers\/si-tu-ne-donnes-pas-je-te-tue-un-employe-de-club-de-jeux-menace-et-depouille-de-150-000-euros-a-paris-27-08-2025-BCR467KT5JHRLFJ62MPP5MZ2XQ.php\" target=\"_blank\" rel=\"noopener\">Parisien<\/a>. La victime s\u2019est fait d\u00e9rober une enveloppe contenant <strong>150\u2009000\u00a0euros<\/strong>. Une enqu\u00eate a \u00e9t\u00e9 ouverte pour retrouver le malfaiteur qui a pris la fuite.<\/p>\n<p>Le braqueur en fuite<\/p>\n<p class=\" wall-content\">C\u2019est aux alentours de 6h30 que le vol a \u00e9t\u00e9 commis. La victime, \u00e2g\u00e9e de 40\u00a0ans, sortait du <strong>cercle de jeux Pierre Charron<\/strong> situ\u00e9 dans la rue du m\u00eame nom au c\u0153ur du 8e arrondissement, pr\u00e8s des <a href=\"https:\/\/actu.fr\/tag\/champs-elysees\" target=\"_blank\" rel=\"noopener\">Champs-\u00c9lys\u00e9es<\/a>. Un homme arm\u00e9 d\u2019un pistolet l\u2019aurait alors frapp\u00e9 \u00e0 l\u2019arri\u00e8re de la t\u00eate puis menac\u00e9, avant de s\u2019emparer d\u2019une enveloppe contenant la recette du casino.<\/p>\n<p class=\" wall-content\">L\u2019auteur a alors pris la fuite \u00e0 pied avant de monter dans une voiture conduite par un complice. Une enqu\u00eate a \u00e9t\u00e9 ouverte pour <strong>vol \u00e0 main arm\u00e9e<\/strong>, nous indique le parquet. Les investigations ont \u00e9t\u00e9 confi\u00e9es au premier district de police judiciaire.<\/p>\n<p class=\" wall-content\">Personnalisez votre actualit\u00e9 en ajoutant vos villes et m\u00e9dias en favori avec <a href=\"https:\/\/moncompte.actu.fr\" title=\"D\u00e9couvez Mon Actu\" rel=\"nofollow noopener\" data-trk=\"{&quot;cta&quot;:{&quot;action&quot;:&quot;https:\\\/\\\/moncompte.actu.fr&quot;,&quot;category&quot;:&quot;mon compte&quot;,&quot;from&quot;:&quot;article footer&quot;,&quot;name&quot;:&quot;Mon actu&quot;,&quot;type&quot;:&quot;cta&quot;}}\" target=\"_blank\">Mon Actu<\/a>.<\/p>\n","protected":false},"excerpt":{"rendered":"Par Antoine Blanchet Publi\u00e9 le 27 ao\u00fbt 2025 \u00e0 18h31 Une enveloppe \u00e0 six chiffres. Ce mercredi 27\u00a0ao\u00fbt&hellip;\n","protected":false},"author":2,"featured_media":333936,"comment_status":"","ping_status":"","sticky":false,"template":"","format":"standard","meta":{"footnotes":""},"categories":[1888],"tags":[1111,1928,11,1927,1777,674,118,1011,27,12,1926,626,1925,1072,25],"class_list":{"0":"post-348091","1":"post","2":"type-post","3":"status-publish","4":"format-standard","5":"has-post-thumbnail","7":"category-paris","8":"tag-actu","9":"tag-actu-paris","10":"tag-actualites","11":"tag-actualites-paris","12":"tag-eu","13":"tag-europe","14":"tag-faits-divers","15":"tag-fr","16":"tag-france","17":"tag-news","18":"tag-news-paris","19":"tag-paris","20":"tag-paris-news","21":"tag-police","22":"tag-republique-francaise"},"share_on_mastodon":{"url":"https:\/\/pubeurope.com\/@fr\/115101896831157764","error":""},"_links":{"self":[{"href":"https:\/\/www.europesays.com\/fr\/wp-json\/wp\/v2\/posts\/348091","targetHints":{"allow":["GET"]}}],"collection":[{"href":"https:\/\/www.europesays.com\/fr\/wp-json\/wp\/v2\/posts"}],"about":[{"href":"https:\/\/www.europesays.com\/fr\/wp-json\/wp\/v2\/types\/post"}],"author":[{"embeddable":true,"href":"https:\/\/www.europesays.com\/fr\/wp-json\/wp\/v2\/users\/2"}],"replies":[{"embeddable":true,"href":"https:\/\/www.europesays.com\/fr\/wp-json\/wp\/v2\/comments?post=348091"}],"version-history":[{"count":0,"href":"https:\/\/www.europesays.com\/fr\/wp-json\/wp\/v2\/posts\/348091\/revisions"}],"wp:featuredmedia":[{"embeddable":true,"href":"https:\/\/www.europesays.com\/fr\/wp-json\/wp\/v2\/media\/333936"}],"wp:attachment":[{"href":"https:\/\/www.europesays.com\/fr\/wp-json\/wp\/v2\/media?parent=348091"}],"wp:term":[{"taxonomy":"category","embeddable":true,"href":"https:\/\/www.europesays.com\/fr\/wp-json\/wp\/v2\/categories?post=348091"},{"taxonomy":"post_tag","embeddable":true,"href":"https:\/\/www.europesays.com\/fr\/wp-json\/wp\/v2\/tags?post=348091"}],"curies":[{"name":"wp","href":"https:\/\/api.w.org\/{rel}","templated":true}]}}