{"id":348119,"date":"2025-08-27T17:40:13","date_gmt":"2025-08-27T17:40:13","guid":{"rendered":"https:\/\/www.europesays.com\/fr\/348119\/"},"modified":"2025-08-27T17:40:13","modified_gmt":"2025-08-27T17:40:13","slug":"rugby-pro-d2-a-peine-arrive-le-milliardaire-sterin-deja-sur-le-depart-du-bo","status":"publish","type":"post","link":"https:\/\/www.europesays.com\/fr\/348119\/","title":{"rendered":"RUGBY. PRO D2. \u00c0 peine arriv\u00e9, le milliardaire St\u00e9rin (d\u00e9j\u00e0) sur le d\u00e9part du BO ?"},"content":{"rendered":"<p>C&rsquo;est une surprise pour l&rsquo;\u00e9cosyst\u00e8me du <a href=\"https:\/\/www.lerugbynistere.fr\/clubs\/bo-biarritz-olympique.php\" ui-sref=\"app.team({teamId: 56})\" alt=\"Biarritz\" data-route=\"app.team\" data-param=\"teamId\" data-id=\"56\" rel=\"nofollow noopener\" target=\"_blank\">Biarritz<\/a> Olympique. Alors que <strong>le milliardaire controvers\u00e9 Pierre-Edouard St\u00e9rin est propri\u00e9taire du club depuis quelques mois seulement<\/strong>, apr\u00e8s que Shaun Hegarty lui a c\u00e9d\u00e9 ses parts afin d&rsquo;\u00e9viter une rel\u00e9gation en <a href=\"https:\/\/www.lerugbynistere.fr\/championnats\/nationale\" ui-sref=\"app.competition({competitionId: 80})\" alt=\"Nationale\" data-route=\"app.competition\" data-param=\"competitionId\" data-id=\"80\" rel=\"nofollow noopener\" target=\"_blank\">Nationale<\/a>, <strong>il pourrait finalement revendre le club<\/strong>, d&rsquo;apr\u00e8s le Midol.<\/p>\n<p>L&rsquo;information est d&rsquo;autant plus surprenante qu&rsquo;il y a quelques jours \u00e0 peine, <strong>il fantasmait sur un projet \u00e0 long terme avec <a href=\"https:\/\/www.lerugbynistere.fr\/fiches-joueurs\/antoine-dupont.php\" ui-sref=\"app.player({playerId: 821})\" alt=\"Antoine Dupont\" data-route=\"app.player\" data-param=\"playerId\" data-id=\"821\" rel=\"nofollow noopener\" target=\"_blank\">Antoine Dupont<\/a><\/strong>. Mais visiblement, la r\u00e9flexion de St\u00e9rin ne date pas des derniers jours mais plut\u00f4t des derni\u00e8res semaines, <strong>avec d\u00e9j\u00e0 des repreneurs en t\u00eate et des rendez-vous concrets<\/strong>.<\/p>\n<p><a class=\"inserer_lien_article\" href=\"https:\/\/www.lerugbynistere.fr\/news\/top-14-retour-du-damier-etoile-au-dessus-du-logo-lubb-revient-a-ses-racines-pour-son-maillot-domicile-2708251540.php\" data-id=\"45938\" data-route=\"app.article\" data-param=\"articleId\" ui-sref=\"app.article({articleId: 45938})\" alt=\"TOP 14. Retour du damier, \u00e9toile au-dessus du logo : l&#039;UBB revient \u00e0 ses racines pour son maillot domicile\" title=\"TOP 14. Retour du damier, \u00e9toile au-dessus du logo : l&#039;UBB revient \u00e0 ses racines pour son maillot domicile\" rel=\"nofollow noopener\" target=\"_blank\"><img decoding=\"async\" src=\"https:\/\/www.europesays.com\/fr\/wp-content\/uploads\/2025\/08\/maillot-domicile-2025-2026-ubb-27-08-25-1113.jpg\" alt=\"TOP 14. Retour du damier, \u00e9toile au-dessus du logo : l'UBB revient \u00e0 ses racines pour son maillot domicile\"\/>TOP 14. Retour du damier, \u00e9toile au-dessus du logo : l&rsquo;UBB revient \u00e0 ses racines pour son maillot domicile<\/a><\/p>\n<p>St\u00e9rin, pas l\u00e0 pour jouer les m\u00e9c\u00e8nes<\/p>\n<p>S&rsquo;il a rachet\u00e9 le BO afin de lui \u00e9viter la rel\u00e9gation une division en dessous, en Nationale, <strong>Pierre-Edouard Sterin ne souhaite pas \u00eatre le m\u00e9c\u00e9ne de Biarritz<\/strong>. Selon le Midol, il a, \u00e0 de nombreuses reprises, <strong>signifi\u00e9 \u00e0 \u00ab\u00a0ses \u00e9quipes qu&rsquo;il n&rsquo;avait pas vocation \u00e0 faire des ch\u00e8ques pour combler le d\u00e9ficit chronique\u00a0\u00bb du club<\/strong>.<\/p>\n<p><strong>St\u00e9rin a indiqu\u00e9 souhaiter que les comptes du BOPB soient rapidement \u00e0 l&rsquo;\u00e9quilibre<\/strong>, d&rsquo;ici juin 2026, avec un nouveau mod\u00e9le \u00e9conomique. Il a surtout signifi\u00e9 ne pas vouloir s&rsquo;\u00e9terniser \u00e0 la t\u00eate du club basque, d\u00e9sirant le quitter, et rapidement si possible, d&rsquo;apr\u00e8s le m\u00e9dia sp\u00e9cialis\u00e9 dans le rugby.<\/p>\n<p><a class=\"inserer_lien_article\" href=\"https:\/\/www.lerugbynistere.fr\/news\/top-14-il-nous-a-beaucoup-manque-en-phase-finale-le-rct-recupere-un-cadre-tres-important-2708251124.php\" data-id=\"45935\" data-route=\"app.article\" data-param=\"articleId\" ui-sref=\"app.article({articleId: 45935})\" alt=\"TOP 14. &#039;&#039;Il nous a beaucoup manqu\u00e9 en phase finale&#039;&#039; : le RCT r\u00e9cup\u00e8re un cadre (tr\u00e8s) important\" title=\"TOP 14. &#039;&#039;Il nous a beaucoup manqu\u00e9 en phase finale&#039;&#039; : le RCT r\u00e9cup\u00e8re un cadre (tr\u00e8s) important\" rel=\"nofollow noopener\" target=\"_blank\"><img decoding=\"async\" src=\"https:\/\/www.europesays.com\/fr\/wp-content\/uploads\/2025\/08\/ollivon-est-de-retour-a-lentrainement-avec-toulon-27-08-25-7452.jpg\" alt=\"TOP 14. ''Il nous a beaucoup manqu\u00e9 en phase finale'' : le RCT r\u00e9cup\u00e8re un cadre (tr\u00e8s) important\"\/>TOP 14. \u00a0\u00bbIl nous a beaucoup manqu\u00e9 en phase finale\u00a0\u00bb : le RCT r\u00e9cup\u00e8re un cadre (tr\u00e8s) important<\/a><\/p>\n<p>La famille Bovis \u00ab\u00a0en phase d&rsquo;\u00e9tude\u00a0\u00bb pour reprendre le BO<\/p>\n<p>Celui qui a fait fortune avec le concept de coffret-cadeau \u00ab\u00a0Smartbox\u00a0\u00bb <strong>pourrait avoir un racheteur. Il s&rsquo;agit de la famille Bovis<\/strong> selon le Midol, qui poss\u00e8de une entreprise sp\u00e9cialis\u00e9e dans \u00ab\u00a0le transport et la manutention d&rsquo;objets sensibles et exceptionnels\u00a0\u00bb, indique son site internet. <strong>Cette derni\u00e8re n&rsquo;est pas inconnue du monde du sport puisqu&rsquo;elle a d\u00e9j\u00e0 rachet\u00e9 le club de football du FC Fleury<\/strong>, dans la r\u00e9gion parisienne. La section masculine se trouvait en 4e division d\u00e9partementale au moment du rachat en 1986 et est maintenant en Nationale 1, 3e division fran\u00e7aise, visant la mont\u00e9e en Ligue 2. <strong>Les f\u00e9minines sont en D1 Arkema, le plus haut niveau fran\u00e7ais<\/strong>.<\/p>\n<p>Les premiers contacts entre les deux parties ont eu lieu au moins de juin et, depuis, <strong>la famille Bovis a effectu\u00e9 un audit financier du club, prouvant un int\u00e9r\u00eat concret<\/strong>. Ce, notamment car elle poss\u00e8de des attaches affectives dans le coin, pr\u00e9cise le Midol. Le journal fran\u00e7ais les a d&rsquo;ailleurs contact\u00e9s et <strong>Alexandre Bovis, fils a\u00een\u00e9 de la famille, a reconnu qu&rsquo;ils \u00e9taient \u00ab\u00a0dans une phase d&rsquo;\u00e9tude.\u00a0\u00bb<\/strong> Il pr\u00e9cise que cette derni\u00e8re \u00ab\u00a0n&rsquo;est pas que financi\u00e8re.\u00a0\u00bb<\/p>\n<p>Plusieurs r\u00e9unions ont d\u00e9j\u00e0 eu lieu<\/p>\n<p>La famille Bovis a aussi rencontr\u00e9, \u00e0 de nombreuses reprises, r\u00e9v\u00e8le le Midol, la mairie de Biarritz. <strong>Des prochains rendez-vous avec les repr\u00e9sentants de St\u00e9rin sont aussi pr\u00e9vus<\/strong>. Les Bovis semblent tout de m\u00eame partants pour reprendre un club historique du championnat fran\u00e7ais.<\/p>\n<p class=\"citation\">La dimension humaine nous caract\u00e9rise. C&rsquo;est ce qui fait qu&rsquo;on se diff\u00e9rencie de financiers. On met l&rsquo;humain au centre de la table et quand on rentre dans un projet, on le fait corps et \u00e2me. &#8211; Alexandre Bovis au Midol<\/p>\n<p><a class=\"inserer_lien_article\" href=\"https:\/\/www.lerugbynistere.fr\/news\/rugby-richard-dourthe-logiquement-dans-la-tempete-une-plainte-pour-outrage-sexiste-2708251100.php\" data-id=\"45934\" data-route=\"app.article\" data-param=\"articleId\" ui-sref=\"app.article({articleId: 45934})\" alt=\"RUGBY. Richard Dourthe serait dans la temp\u00eate : une plainte pour outrage sexiste ?\" title=\"RUGBY. Richard Dourthe serait dans la temp\u00eate : une plainte pour outrage sexiste ?\" rel=\"nofollow noopener\" target=\"_blank\"><img decoding=\"async\" src=\"https:\/\/www.europesays.com\/fr\/wp-content\/uploads\/2025\/08\/dourthe-27-08-25-1142.jpg\" alt=\"RUGBY. Richard Dourthe serait dans la temp\u00eate : une plainte pour outrage sexiste ?\"\/>RUGBY. Richard Dourthe serait dans la temp\u00eate : une plainte pour outrage sexiste ?<\/a><\/p>\n","protected":false},"excerpt":{"rendered":"C&rsquo;est une surprise pour l&rsquo;\u00e9cosyst\u00e8me du Biarritz Olympique. Alors que le milliardaire controvers\u00e9 Pierre-Edouard St\u00e9rin est propri\u00e9taire du&hellip;\n","protected":false},"author":2,"featured_media":348120,"comment_status":"","ping_status":"","sticky":false,"template":"","format":"standard","meta":{"footnotes":""},"categories":[1416],"tags":[1011,27,479,1468,60],"class_list":{"0":"post-348119","1":"post","2":"type-post","3":"status-publish","4":"format-standard","5":"has-post-thumbnail","7":"category-rugby","8":"tag-fr","9":"tag-france","10":"tag-rugby","11":"tag-rugby-football","12":"tag-sports"},"share_on_mastodon":{"url":"https:\/\/pubeurope.com\/@fr\/115101960049139940","error":""},"_links":{"self":[{"href":"https:\/\/www.europesays.com\/fr\/wp-json\/wp\/v2\/posts\/348119","targetHints":{"allow":["GET"]}}],"collection":[{"href":"https:\/\/www.europesays.com\/fr\/wp-json\/wp\/v2\/posts"}],"about":[{"href":"https:\/\/www.europesays.com\/fr\/wp-json\/wp\/v2\/types\/post"}],"author":[{"embeddable":true,"href":"https:\/\/www.europesays.com\/fr\/wp-json\/wp\/v2\/users\/2"}],"replies":[{"embeddable":true,"href":"https:\/\/www.europesays.com\/fr\/wp-json\/wp\/v2\/comments?post=348119"}],"version-history":[{"count":0,"href":"https:\/\/www.europesays.com\/fr\/wp-json\/wp\/v2\/posts\/348119\/revisions"}],"wp:featuredmedia":[{"embeddable":true,"href":"https:\/\/www.europesays.com\/fr\/wp-json\/wp\/v2\/media\/348120"}],"wp:attachment":[{"href":"https:\/\/www.europesays.com\/fr\/wp-json\/wp\/v2\/media?parent=348119"}],"wp:term":[{"taxonomy":"category","embeddable":true,"href":"https:\/\/www.europesays.com\/fr\/wp-json\/wp\/v2\/categories?post=348119"},{"taxonomy":"post_tag","embeddable":true,"href":"https:\/\/www.europesays.com\/fr\/wp-json\/wp\/v2\/tags?post=348119"}],"curies":[{"name":"wp","href":"https:\/\/api.w.org\/{rel}","templated":true}]}}