{"id":348122,"date":"2025-08-27T17:43:13","date_gmt":"2025-08-27T17:43:13","guid":{"rendered":"https:\/\/www.europesays.com\/fr\/348122\/"},"modified":"2025-08-27T17:43:13","modified_gmt":"2025-08-27T17:43:13","slug":"bagnaia-a-t-il-enfin-entame-sa-remontee-apres-avoir-touche-le-fond","status":"publish","type":"post","link":"https:\/\/www.europesays.com\/fr\/348122\/","title":{"rendered":"Bagnaia a-t-il enfin entam\u00e9 sa remont\u00e9e apr\u00e8s avoir \u00ab\u00a0touch\u00e9 le fond\u00a0\u00bb\u00a0?"},"content":{"rendered":"<p><a href=\"https:\/\/fr.motorsport.com\/driver\/pecco-bagnaia\/109394\/\" target=\"_blank\" rel=\"noopener\">Pecco Bagnaia<\/a> a sans doute v\u00e9cu en Hongrie le week-end le plus compliqu\u00e9 de sa saison, mais aussi celui qui pourrait bien repr\u00e9senter la premi\u00e8re marche vers son retour. Alors que <a href=\"https:\/\/fr.motorsport.com\/driver\/marc-marquez\/92646\/\" target=\"_blank\" rel=\"noopener\">Marc M\u00e1rquez<\/a> raflait tout \u00e0 nouveau, l&rsquo;Italien \u00e9tait concentr\u00e9 sur <a href=\"https:\/\/fr.motorsport.com\/motogp\/news\/bagnaia-teste-gros-changement-ducati-hongrie\/10752882\/\" target=\"_self\" rel=\"noopener\">un changement radical apport\u00e9 \u00e0 sa moto<\/a> et qui a \u00e9t\u00e9 \u00e0 l&rsquo;origine de sensations progressivement meilleures. Bien que modeste neuvi\u00e8me sous le drapeau \u00e0 damier dimanche, il avait le sourire de celui qui sait au fond de lui qu&rsquo;un cap a \u00e9t\u00e9 pass\u00e9.<\/p>\n<p>Tr\u00e8s enthousiaste apr\u00e8s la course, il expliquait\u00a0:\u00a0\u00ab\u00a0De toute ma vie, je n&rsquo;ai jamais \u00e9t\u00e9 content pour une neuvi\u00e8me place. Aujourd&rsquo;hui, je ne suis \u00e9videmment pas satisfait du r\u00e9sultat, par contre mes sensations \u00e9taient bonnes, j&rsquo;arrivais \u00e0 pousser, \u00e0 forcer les freinages et c&rsquo;\u00e9tait bien de r\u00e9ussir \u00e0 d\u00e9cider quelles trajectoires prendre. C&rsquo;est quelque chose que je n&rsquo;ai jamais r\u00e9ussi \u00e0 faire depuis le d\u00e9but de l&rsquo;ann\u00e9e.\u00a0\u00bb<\/p>\n<p>Lire aussi :<\/p>\n<p>Ce qui a enfin provoqu\u00e9 ce d\u00e9clic, c&rsquo;est un gros changement apport\u00e9 \u00e0 la moto de l&rsquo;Italien samedi. \u00ab\u00a0Les modifications ont \u00e9t\u00e9 globales, sur toute la moto. On parle de centim\u00e8tres, donc c&rsquo;est important\u00a0\u00bb, a-t-il expliqu\u00e9. \u00ab\u00a0Au sprint, o\u00f9 l&rsquo;on venait de faire le gros changement, j&rsquo;avais d\u00e9j\u00e0 senti que \u00e7a pouvait \u00eatre la bonne voie. Aujourd&rsquo;hui, je suis convaincu que c&rsquo;\u00e9tait la bonne chose \u00e0 faire. En travaillant, on arrivera \u00e0 \u00eatre toujours plus forts.\u00a0\u00bb<\/p>\n<p>\u00ab\u00a0\u00c0 partir du moment o\u00f9 j&rsquo;ai compris le potentiel, j&rsquo;ai commenc\u00e9 \u00e0 \u00eatre plus rapide, donc c&rsquo;est la bonne voie\u00a0\u00bb, a ajout\u00e9 Bagnaia, avouant que c&rsquo;est pour lui un \u00ab\u00a0\u00e9norme\u00a0\u00bb soulagement. Lointain 14e vendredi, 18e samedi matin en EL2, puis qualifi\u00e9 15e, l&rsquo;Italien \u00e9tait hors des points au sprint mais le travail des ing\u00e9nieurs a fini par lui faire entrevoir la lumi\u00e8re au bout du tunnel. Il l&rsquo;a finalement r\u00e9sum\u00e9 de mani\u00e8re tr\u00e8s directe\u00a0:\u00a0\u00ab\u00a0Je dois dire qu&rsquo;apr\u00e8s avoir touch\u00e9 le fond ce week-end, c&rsquo;est le premier signe d&rsquo;une remont\u00e9e.\u00a0\u00bb<\/p>\n<p>Dall&rsquo;Igna : \u00ab\u00a0Nous croyons en Pecco, et il le sait\u00a0\u00bb<\/p>\n<p>Alors, peut-on d\u00e9sormais dire que la saison de Bagnaia enfin connu le tournant tant attendu\u00a0?\u00a0Comme son pilote, Gigi Dall&rsquo;Igna s&rsquo;est montr\u00e9 confiant dans la voie emprunt\u00e9e avec ce changement r\u00e9alis\u00e9 sur la moto #63.\u00a0\u00ab\u00a0\u00c0 mon avis, il a fait une belle course. C&rsquo;est dommage pour sa p\u00e9nalit\u00e9 long-lap, sans quoi il aurait pu finir plus haut. Il est clair que \u00e7a n&rsquo;est pas sa position, mais par rapport aux essais, il a fait un pas en avant important en course\u00a0\u00bb, a d\u00e9clar\u00e9 le directeur g\u00e9n\u00e9ral de Ducati Corse pour Sky Sport MotoGP.<\/p>\n<p>Sa neuvi\u00e8me place tient en effet en partie de cette confiance arriv\u00e9e progressivement pour le pilote, qui a admis avoir cherch\u00e9 \u00e0 forcer car il se sentait \u00ab\u00a0tellement bien\u00a0\u00bb, avec pour cons\u00e9quence une chicane coup\u00e9e et un long-lap \u00e0 effectuer. Mais l&rsquo;essentiel est ailleurs, et Gigi Dall&rsquo;Igna en est aussi conscient que son pilote, jusqu&rsquo;ici en manque cruel de confiance.<\/p>\n<p>\u00ab\u00a0Ce qui est important, ce sont ses sensations. Nous avons effectu\u00e9 une modification sur les r\u00e9glages qui est assez importante. Ensuite, nous en avions une autre que nous n&rsquo;avons malheureusement pas r\u00e9ussi \u00e0 essayer au warm-up [\u00e0 cause d&rsquo;un souci technique, ndlr] mais nous esp\u00e9rons avoir trouv\u00e9 la bonne voie. Il s&rsquo;agit seulement de lui permettre de trouver un peu de confiance avec cette moto pour qu&rsquo;il arrive \u00e0 faire ce qu&rsquo;il sait fait, car nous savons qu&rsquo;il est un grand champion et nous avons confiance en lui.\u00a0\u00bb<\/p>\n<p>   <img decoding=\"async\" draggable=\"false\" src=\"https:\/\/www.europesays.com\/fr\/wp-content\/uploads\/2025\/08\/luigi-dall-lgna-ducati.jpg\" alt=\"Gigi Dall'lgna croit dans la voie emprunt\u00e9e.\" width=\"1200\" height=\"800\" loading=\"lazy\"\/> <\/p>\n<p class=\"title\">Gigi Dall&rsquo;lgna croit dans la voie emprunt\u00e9e.<\/p>\n<p class=\"photographer\">Photo de: Gold and Goose Photography \/ LAT Images \/ via Getty Images<\/p>\n<p>Dans <a href=\"https:\/\/www.linkedin.com\/feed\/update\/urn:li:activity:7366408580519837696\/\" target=\"_blank\" rel=\"noopener\">sa chronique sur LinkedIn<\/a>, ce mercredi, Gigi Dall&rsquo;Igna reprend\u00a0:\u00a0\u00ab\u00a0Ce fut un week-end vraiment compliqu\u00e9 pour Bagnaia, depuis les essais jusqu&rsquo;aux qualifications, puis au Grand Prix. Il n&rsquo;y a eu qu&rsquo;une seule note positive, mais elle \u00e9tait importante\u00a0:\u00a0ses sensations pendant la course gr\u00e2ce aux changements de r\u00e9glages significatifs effectu\u00e9s apr\u00e8s les qualifications.\u00a0\u00bb<\/p>\n<p>\u00ab\u00a0Ce qui importe pour le moment, ce n&rsquo;est pas le r\u00e9sultat de la course en lui-m\u00eame, mais le feeling qu&rsquo;il a retrouv\u00e9 sur la moto. Les r\u00e9sultats ne viendront qu&rsquo;apr\u00e8s qu&rsquo;il aura pleinement retrouv\u00e9 la confiance n\u00e9cessaire, ce qui implique \u00e9galement de s&rsquo;habituer \u00e0 faire des choses qui devraient \u00eatre normales, mais que la configuration pr\u00e9c\u00e9dente ne lui permettait pas de faire. La prochaine \u00e9tape sera donc importante pour confirmer la voie choisie\u00a0:\u00a0nous sommes impatients d&rsquo;y \u00eatre. Nous croyons en Pecco, et il le sait.\u00a0\u00bb<\/p>\n<p>C&rsquo;est donc dans un \u00e9tat d&rsquo;esprit radicalement diff\u00e9rent que s&rsquo;est conclu ce Grand Prix de Hongrie pour Pecco Bagnaia, avec l&rsquo;espoir qu&rsquo;il ne subisse pas de douche froide au moment de passer \u00e0 la piste tr\u00e8s diff\u00e9rente de Barcelone. \u00ab\u00a0C&rsquo;est une piste sur laquelle j&rsquo;ai toujours \u00e9t\u00e9 comp\u00e9titif, mais on verra car cette ann\u00e9e, en g\u00e9n\u00e9ral, les pistes offrant peu de grip m&rsquo;ont plut\u00f4t mis en difficult\u00e9. Mais je suis convaincu qu&rsquo;avec ces r\u00e9glages j&rsquo;arriverai \u00e0 obtenir quelque chose de mieux\u00a0\u00bb, veut croire le pilote.<\/p>\n<p>Et \u00e0 ceux qui s&rsquo;\u00e9tonnent qu&rsquo;un tel changement n&rsquo;intervienne que maintenant, pendant le 14e Grand Prix d&rsquo;une saison si \u00e9prouvante pour lui, le double champion du monde MotoGP argumente\u00a0:\u00a0\u00ab\u00a0Il faut \u00eatre dans les conditions de ce week-end pour faire un changement drastique. Au final, les week-ends pr\u00e9c\u00e9dents, j&rsquo;\u00e9tais toujours troisi\u00e8me ou quatri\u00e8me, on parlait de dixi\u00e8mes [d&rsquo;\u00e9cart]. Quand les difficult\u00e9s commencent \u00e0 \u00eatre [plus importantes] et qu&rsquo;on parle de sept ou huit dixi\u00e8mes\u2026 Ce week-end, je n&rsquo;ai jamais \u00e9t\u00e9 parmi les dix premiers. C&rsquo;\u00e9tait important de le faire et c&rsquo;\u00e9tait le bon moment pour le faire.\u00a0\u00bb<\/p>\n<p style=\"text-align: right;\">Avec Matteo Nugnes<\/p>\n<p>Lire aussi :<\/p>\n<p>Dans cet article<\/p>\n<p>Soyez le premier inform\u00e9 et souscrivez aux alertes mails pour recevoir les infos en temps r\u00e9el<\/p>\n<p>    S&rsquo;abonner aux alertes de news<\/p>\n","protected":false},"excerpt":{"rendered":"Pecco Bagnaia a sans doute v\u00e9cu en Hongrie le week-end le plus compliqu\u00e9 de sa saison, mais aussi&hellip;\n","protected":false},"author":2,"featured_media":348123,"comment_status":"","ping_status":"","sticky":false,"template":"","format":"standard","meta":{"footnotes":""},"categories":[1413],"tags":[48414,4950,1011,27,1457,1456,1458,4951,60],"class_list":{"0":"post-348122","1":"post","2":"type-post","3":"status-publish","4":"format-standard","5":"has-post-thumbnail","7":"category-moto","8":"tag-bagnaia-a-t-il-enfin-entamu00e9-sa-remontu00e9e-apru00e8s-avoir-touchu00e9-le-fondu00a0","9":"tag-ducati-team","10":"tag-fr","11":"tag-france","12":"tag-moto","13":"tag-motocycle","14":"tag-motogp","15":"tag-pecco-bagnaia","16":"tag-sports"},"share_on_mastodon":{"url":"https:\/\/pubeurope.com\/@fr\/115101971660690333","error":""},"_links":{"self":[{"href":"https:\/\/www.europesays.com\/fr\/wp-json\/wp\/v2\/posts\/348122","targetHints":{"allow":["GET"]}}],"collection":[{"href":"https:\/\/www.europesays.com\/fr\/wp-json\/wp\/v2\/posts"}],"about":[{"href":"https:\/\/www.europesays.com\/fr\/wp-json\/wp\/v2\/types\/post"}],"author":[{"embeddable":true,"href":"https:\/\/www.europesays.com\/fr\/wp-json\/wp\/v2\/users\/2"}],"replies":[{"embeddable":true,"href":"https:\/\/www.europesays.com\/fr\/wp-json\/wp\/v2\/comments?post=348122"}],"version-history":[{"count":0,"href":"https:\/\/www.europesays.com\/fr\/wp-json\/wp\/v2\/posts\/348122\/revisions"}],"wp:featuredmedia":[{"embeddable":true,"href":"https:\/\/www.europesays.com\/fr\/wp-json\/wp\/v2\/media\/348123"}],"wp:attachment":[{"href":"https:\/\/www.europesays.com\/fr\/wp-json\/wp\/v2\/media?parent=348122"}],"wp:term":[{"taxonomy":"category","embeddable":true,"href":"https:\/\/www.europesays.com\/fr\/wp-json\/wp\/v2\/categories?post=348122"},{"taxonomy":"post_tag","embeddable":true,"href":"https:\/\/www.europesays.com\/fr\/wp-json\/wp\/v2\/tags?post=348122"}],"curies":[{"name":"wp","href":"https:\/\/api.w.org\/{rel}","templated":true}]}}