{"id":348126,"date":"2025-08-27T17:45:19","date_gmt":"2025-08-27T17:45:19","guid":{"rendered":"https:\/\/www.europesays.com\/fr\/348126\/"},"modified":"2025-08-27T17:45:19","modified_gmt":"2025-08-27T17:45:19","slug":"tour-poitou-charentes-27-aout-2025-e2-classement-velopressecollection","status":"publish","type":"post","link":"https:\/\/www.europesays.com\/fr\/348126\/","title":{"rendered":"Tour Poitou Charentes 27 ao\u00fbt 2025 E2 classement &#8211; Velopressecollection"},"content":{"rendered":"<ol>\n<li><a href=\"https:\/\/news.google.com\/rss\/articles\/CBMivwFBVV95cUxNRUtmX1RIMG5VOWNpWmZXaFVRamQtTnVGMmFPVU9jdnBlZEM1eFhwSlVzbGJfUzJCWXlwT2JiUmtLd1dETjdaSkhjbkxTd1FUQnpRX3hGTUJ1M0R6cTdBTnpVSENRQ0UxemctandnbEtlNUNkYl9GdDBGSDlXUTBtX0NhZUtoU193d0d5Zl9HMm03YlZ1ZnJqN1FRa3RuZFJJeXUwMGpfbzZTOGRRYWtzREx5cVBRM2JtUUZHeWgySQ?oc=5\" target=\"_blank\" rel=\"nofollow noopener\">Tour Poitou Charentes 27 ao\u00fbt 2025 E2 classement<\/a>&nbsp;&nbsp;Velopressecollection<\/li>\n<li><a href=\"https:\/\/news.google.com\/rss\/articles\/CBMi6gFBVV95cUxQLThKWllteU5MazQxdnhvajE4ZUJzUENoRWlTTEhsY25tMWcxNUhfZ18tZXI0cEEyQzUwY3gwR2pIWnhvbkhwU3VrR1NrVk95R2YycWRoUThrcXBfWnNuMkN2cU1YeXdwcEtMV0RvRTM0VXM0SlA1UTRaRnViVFZNSThrNXYyQVNzeWYtdm1DaTN1SzlYenhJNkFReUh3LWthSWFZc1Z1US1XdllTZHk4ZzhhQ1NleV9BWE1XdW5kMUtQTHN5WHBzSHNUckFRY1E1Mzd4QktxMW9jSmdOczhDUV9PdmxNbmpuVGc?oc=5\" target=\"_blank\" rel=\"nofollow noopener\">Dorian Godon remporte la deuxi\u00e8me \u00e9tape du Tour Poitou-Charentes, Arnaud D\u00e9mare nouveau leader<\/a>&nbsp;&nbsp;L&rsquo;\u00c9quipe<\/li>\n<li><a href=\"https:\/\/news.google.com\/rss\/articles\/CBMi_gFBVV95cUxPcC15bW5HZ2hHX3N2VVR4Z0M4ellWZDNnMnlDUXVabDVvemY4N1hRay1WejJIWmUyMnV4Y1pqNkppOU9wRFpIT0c0RnViT20yclRHX0U0UzYtOWZzMDhqWkhVZnFVUEFxWHVCUmVNZ0ZON2Z0R09ZZjVUYnpLc3NieEpZeFdfVlExSG5MM0tabkFRaXFiRGptRjRVMkV2SXhvU3NkaDM4SG5KOXZWSHRjR2VfZUR2dDdNc2w5UzIwUHRuMlV5OE1uUkZfcjNEYzJwTGJIVHFVZERIUGY1YXNMLXNyZjZRUlZzcmlrMmJBdHdYNjBVWFlwM0Y5NnNRZw?oc=5\" target=\"_blank\" rel=\"nofollow noopener\">Cyclisme &#8211; Tour Poitou Charente. Dorian Godon l\u2019emporte \u00e0 Gond Pontouvre devant Arnaud D\u00e9mare<\/a>&nbsp;&nbsp;Ouest-France<\/li>\n<li><a href=\"https:\/\/news.google.com\/rss\/articles\/CBMi_wFBVV95cUxPb25tbi1VWjVDWWxIQVBMNTJaQURQOGVFOEZKNkpBc2tPcmhVUURwTFBEamwxanRKVXN1MGhRdDVFbUhYVW9uRkxZc215YnhhZEtwbDRPRnI1QzNpeFZHbmprenFTVWVyS2pLblVTeG5RS1NaY09hazVHd1kwWUVBOVJ3UjNxTFIxa3JMa0FBbk4yRTdqOTI5RGc4MTVtdk1pYTNoMGlBYzFiZmY4WDQ4ZDNqSW94aEFCUFU3cWlYcl9zRTJrVmxTLUFNZTJ6NElmY0phWlVKbEcyWDhZTGdHb3R4ellsUDFnUDFaT0pGT3lGY05VZ3h4R1NDUTl4Z1k?oc=5\" target=\"_blank\" rel=\"nofollow noopener\">Tour Poitou-Charentes: comment La Rochefoucauld-en-Angoumois, ville d\u00e9part, a pr\u00e9par\u00e9 l\u2019accueil entre contraintes et attentes<\/a>&nbsp;&nbsp;Charente Libre<\/li>\n<li><a href=\"https:\/\/news.google.com\/rss\/articles\/CBMinwJBVV95cUxNdmV3TXc4VkcxQ0tSTDBoOTZaZmxmcVZtdXc0SFpFN25kZ19ZXzh6RklSalhNYkNrMlRXc1J4dlY5N3FacS1saDlMMVBEeGlUZTRtUEhFMzVNMmlWTGNhU2c2UnRLY1k3eVJiWFlmNkhSNl9pYnphTzBSZXk2U2ZPazBUaEVyRFFhVDcwZDlGbUs0aTl6VWhLWDNBdmdOTndNWWZYYXI4M3pDcUlaWUl0LWtvZDJuaElOSGgwRDZHc0xzUllCX2QwazEydXVEdm90SVdLTEJ3YWIwOVo4UFlMczgtLTE0NzlZbHlhamlRTVhTQ0NqSkFyZkx0UlNheURPSC1zb1RsYW0tekRhSWc5RHNIcTByLS1CX1RzRzBPMA?oc=5\" target=\"_blank\" rel=\"nofollow noopener\">\u00ab Pur\u00e9e, je suis encore devant \u00e0 20 m\u00e8tres de la ligne\u2026 \u00bb : une nouvelle 2e place pour Arnaud D\u00e9mare (Ark\u00e9a-B &amp; B Hotels) sur le Tour Poitou-Charentes<\/a>&nbsp;&nbsp;Le T\u00e9l\u00e9gramme<\/li>\n<\/ol>\n","protected":false},"excerpt":{"rendered":"Tour Poitou Charentes 27 ao\u00fbt 2025 E2 classement&nbsp;&nbsp;Velopressecollection Dorian Godon remporte la deuxi\u00e8me \u00e9tape du Tour Poitou-Charentes, Arnaud&hellip;\n","protected":false},"author":2,"featured_media":346562,"comment_status":"","ping_status":"","sticky":false,"template":"","format":"standard","meta":{"footnotes":""},"categories":[1411],"tags":[1154,207,1011,27,60],"class_list":{"0":"post-348126","1":"post","2":"type-post","3":"status-publish","4":"format-standard","5":"has-post-thumbnail","7":"category-cyclisme","8":"tag-cycling","9":"tag-cyclisme","10":"tag-fr","11":"tag-france","12":"tag-sports"},"share_on_mastodon":{"url":"https:\/\/pubeurope.com\/@fr\/115101979301856845","error":""},"_links":{"self":[{"href":"https:\/\/www.europesays.com\/fr\/wp-json\/wp\/v2\/posts\/348126","targetHints":{"allow":["GET"]}}],"collection":[{"href":"https:\/\/www.europesays.com\/fr\/wp-json\/wp\/v2\/posts"}],"about":[{"href":"https:\/\/www.europesays.com\/fr\/wp-json\/wp\/v2\/types\/post"}],"author":[{"embeddable":true,"href":"https:\/\/www.europesays.com\/fr\/wp-json\/wp\/v2\/users\/2"}],"replies":[{"embeddable":true,"href":"https:\/\/www.europesays.com\/fr\/wp-json\/wp\/v2\/comments?post=348126"}],"version-history":[{"count":0,"href":"https:\/\/www.europesays.com\/fr\/wp-json\/wp\/v2\/posts\/348126\/revisions"}],"wp:featuredmedia":[{"embeddable":true,"href":"https:\/\/www.europesays.com\/fr\/wp-json\/wp\/v2\/media\/346562"}],"wp:attachment":[{"href":"https:\/\/www.europesays.com\/fr\/wp-json\/wp\/v2\/media?parent=348126"}],"wp:term":[{"taxonomy":"category","embeddable":true,"href":"https:\/\/www.europesays.com\/fr\/wp-json\/wp\/v2\/categories?post=348126"},{"taxonomy":"post_tag","embeddable":true,"href":"https:\/\/www.europesays.com\/fr\/wp-json\/wp\/v2\/tags?post=348126"}],"curies":[{"name":"wp","href":"https:\/\/api.w.org\/{rel}","templated":true}]}}