{"id":348127,"date":"2025-08-27T17:46:16","date_gmt":"2025-08-27T17:46:16","guid":{"rendered":"https:\/\/www.europesays.com\/fr\/348127\/"},"modified":"2025-08-27T17:46:16","modified_gmt":"2025-08-27T17:46:16","slug":"paroles-de-girondins-jattends-des-victoires-ou-un-changement-dentraineur","status":"publish","type":"post","link":"https:\/\/www.europesays.com\/fr\/348127\/","title":{"rendered":"Paroles de Girondins : \u00ab\u00a0J&rsquo;attends des victoires ou un changement d&rsquo;entra\u00eeneur\u00a0\u00bb"},"content":{"rendered":"<p><img decoding=\"async\" src=\"https:\/\/www.europesays.com\/fr\/wp-content\/uploads\/2025\/08\/671_9c452e16537adbd8b874ae28f6b064da.jpg\" alt=\"Paroles de Girondins : &quot;J'attends des victoires ou un changement d'entra\u00eeneur&quot;\" class=\"img-responsive mt-3\"\/><\/p>\n<p class=\"text-center mb-3\" style=\"font-size: 14px\">\u00a9 Iconsport<\/p>\n<p>      <strong>Girondins de Bordeaux : Les 3 attentes (et avertissements) des supporters pour la suite<\/strong><\/p>\n<p style=\"text-align: justify;\">\u00c9coutez leurs propos ou lisez-les :<\/p>\n<p><strong>\u00ab\u00a0Il faut un entraineur qui secoue ce groupe\u00a0\u00bb<\/strong><\/p>\n<p style=\"text-align: justify;\">Jean-Luc, venu sp\u00e9cialement de P\u00e9rigueux pour assister \u00e0 l&rsquo;entrainement ce mercredi matin : \u00ab\u00a0C&rsquo;est un d\u00e9but de saison catastrophique. On veut montrer \u00e0 tout prix, un point en deux matchs \u00e0 domicile. \u00c0 ch\u00e2teaubriant et contre Saumur, il nous faut 6 points. Nous n&rsquo;avons pas le choix si on veut monter. On n&rsquo;a plus le droit \u00e0 l&rsquo;erreur. Le club peut attendre deux matchs Ch\u00e2teaubriant et Saumur, et, ensuite, selon les r\u00e9sultats, il faut trancher. On ne peut pas attendre No\u00ebl. Aurons-nous les moyens de changer d&rsquo;entra\u00eeneur ? Et qui prendre ? Il faut un entraineur qui secoue ce groupe.\u00a0\u00bb<\/p>\n<p><strong>\u00ab\u00a0Ce groupe me donne de l&rsquo;espoir\u00a0\u00bb<\/strong><\/p>\n<p style=\"text-align: justify;\">St\u00e9phane : \u00ab\u00a0Le d\u00e9but de saison est compliqu\u00e9 pour les Girondins de Bordeaux avec un point en deux matchs. Mais ce groupe me donne de l&rsquo;espoir, car je trouve qu&rsquo;il y a de la volont\u00e9. Pour moi, l&rsquo;entraineur transmet ses convictions aux jours. C&rsquo;est peut-\u00eatre \u00e7a le probable. J&rsquo;attends des victoires et, sinon un changement profond, d&rsquo;entra\u00eeneur notamment. Je pense que les joueurs ont de la volont\u00e9.\u00a0\u00bb<\/p>\n<p><strong>\u00ab\u00a0J\u2019attends une victoire samedi \u00e0 Ch\u00e2teaubriant\u00a0\u00bb<\/strong><\/p>\n<p style=\"text-align: justify;\">Samuel : \u00ab\u00a0On n&rsquo;a pas fait grand-chose sur les deux matchs, on passe sur les c\u00f4t\u00e9s et on centre sans cesse avec peu d&rsquo;envie. J&rsquo;attends une victoire samedi \u00e0 Ch\u00e2teaubriant et une victoire \u00e0 la maison face \u00e0 Saumur. Si ce n&rsquo;est pas le cas, j&rsquo;attends un changement d&rsquo;entra\u00eeneur pour un renouveau.\u00a0\u00bb<\/p>\n<p style=\"text-align: justify;\">\u00c0 lire : <a href=\"https:\/\/www.webgirondins.com\/actualite-girondins-girondins-la-routine-bordelaise-bahassa-et-rizaldos-ecourtent-leur-entrainement-130197\" target=\"_blank\" rel=\"noopener\"><strong>Entra\u00eenement, la routine bordelaise, Bahassa et Rizaldos \u00e9courtent leur entra\u00eenement<\/strong><\/a><\/p>\n<p style=\"text-align: justify;\">\u00a0<\/p>\n","protected":false},"excerpt":{"rendered":"\u00a9 Iconsport Girondins de Bordeaux : Les 3 attentes (et avertissements) des supporters pour la suite \u00c9coutez leurs&hellip;\n","protected":false},"author":2,"featured_media":348128,"comment_status":"","ping_status":"","sticky":false,"template":"","format":"standard","meta":{"footnotes":""},"categories":[1410],"tags":[48416,1997,6560,3530,48417,1994,63,1011,27,1987,6407,7636,18099,60,10221,3468],"class_list":{"0":"post-348127","1":"post","2":"type-post","3":"status-publish","4":"format-standard","5":"has-post-thumbnail","7":"category-football","8":"tag-attends","9":"tag-bordeaux","10":"tag-changement","11":"tag-chez","12":"tag-cran","13":"tag-entraineur","14":"tag-football","15":"tag-fr","16":"tag-france","17":"tag-girondins","18":"tag-grogne","19":"tag-monte","20":"tag-paroles","21":"tag-sports","22":"tag-supporters","23":"tag-victoires"},"share_on_mastodon":{"url":"https:\/\/pubeurope.com\/@fr\/115101983268542342","error":""},"_links":{"self":[{"href":"https:\/\/www.europesays.com\/fr\/wp-json\/wp\/v2\/posts\/348127","targetHints":{"allow":["GET"]}}],"collection":[{"href":"https:\/\/www.europesays.com\/fr\/wp-json\/wp\/v2\/posts"}],"about":[{"href":"https:\/\/www.europesays.com\/fr\/wp-json\/wp\/v2\/types\/post"}],"author":[{"embeddable":true,"href":"https:\/\/www.europesays.com\/fr\/wp-json\/wp\/v2\/users\/2"}],"replies":[{"embeddable":true,"href":"https:\/\/www.europesays.com\/fr\/wp-json\/wp\/v2\/comments?post=348127"}],"version-history":[{"count":0,"href":"https:\/\/www.europesays.com\/fr\/wp-json\/wp\/v2\/posts\/348127\/revisions"}],"wp:featuredmedia":[{"embeddable":true,"href":"https:\/\/www.europesays.com\/fr\/wp-json\/wp\/v2\/media\/348128"}],"wp:attachment":[{"href":"https:\/\/www.europesays.com\/fr\/wp-json\/wp\/v2\/media?parent=348127"}],"wp:term":[{"taxonomy":"category","embeddable":true,"href":"https:\/\/www.europesays.com\/fr\/wp-json\/wp\/v2\/categories?post=348127"},{"taxonomy":"post_tag","embeddable":true,"href":"https:\/\/www.europesays.com\/fr\/wp-json\/wp\/v2\/tags?post=348127"}],"curies":[{"name":"wp","href":"https:\/\/api.w.org\/{rel}","templated":true}]}}