{"id":348130,"date":"2025-08-27T17:48:10","date_gmt":"2025-08-27T17:48:10","guid":{"rendered":"https:\/\/www.europesays.com\/fr\/348130\/"},"modified":"2025-08-27T17:48:10","modified_gmt":"2025-08-27T17:48:10","slug":"sandra-calligaro-photographie-lafghanistan-a-lombre-des-drapeaux-blancs","status":"publish","type":"post","link":"https:\/\/www.europesays.com\/fr\/348130\/","title":{"rendered":"Sandra Calligaro photographie l&rsquo;Afghanistan \u00e0 l&rsquo;ombre des drapeaux blancs"},"content":{"rendered":"<p class=\"PopSlotParagraph qg-tx2 qg-xtra-lh svelte-1r0pyek\">Qui se soucie des Afghans et des Afghanes\u00a0? \u00c0 l\u2019heure o\u00f9 le fracas des bombes r\u00e9sonne, le silence impos\u00e9 par les talibans \u00e0 leur peuple n\u2019assourdit plus personne ou presque par ici. Plus de musique, plus de po\u00e9sie, plus de chant, et pour les femmes, la chape est plus lourde encore\u00a0: plus de parole en public, plus de voix donc, plus de visage non plus, plus de corps dans l\u2019espace&#8230; Cela fait quatre ans maintenant que les talibans ont repris Kaboul et le pays tout entier. Et les femmes disparaissent. \u201cUne grande prison pour femme\u201d disait il y a quelques jours au micro de France Inter l\u2019\u00e9crivaine et journaliste Mursal Sayas.<\/p>\n<p class=\"PopSlotParagraph qg-tx2 qg-xtra-lh svelte-1r0pyek\">Pourtant, les photographies de Sandra Calligaro parviennent \u00e0 capter la vie qui s\u2019immisce, la vie qui r\u00e9siste derri\u00e8re les rideaux et les fen\u00eatres occult\u00e9es. L&rsquo;Afghanistan, elle y travaille depuis pr\u00e8s de 20 ans maintenant. Elle l\u2019a vu esp\u00e9rer, puis se refermer. Son travail est expos\u00e9 au Festival Visa pour l\u2019Image en ce moment.<\/p>\n<p class=\"PopSlotParagraph qg-tx2 qg-xtra-lh svelte-1r0pyek\">Arriv\u00e9e en Afghanistan \u00e0 25 ans, avec l\u2019intention de devenir reporter de guerre et de vivre la \u201cgrande aventure\u201d, Sandra Calligaro se tourne finalement vers celles et ceux qui tentent d\u2019exister au c\u0153ur d\u2019une situation conflictuelle complexe. Souhaitant que ses photographies soient \u201cvraiment regard\u00e9es\u201d, elle se refuse \u00e0 la facilit\u00e9 de montrer \u201cla violence du chaos et de la pauvret\u00e9\u201d, arguant que \u201cpour toucher un public, il faut qu&rsquo;il puisse s&rsquo;apparenter\u201d et que \u201cce n&rsquo;est pas avec de l&rsquo;ultraviolence qu&rsquo;on se reconna\u00eet dans une image.\u201d<\/p>\n<p class=\"PopSlotParagraph qg-tx2 qg-xtra-lh svelte-1r0pyek\">Le 15 ao\u00fbt 2021, les talibans prennent Kaboul et instaurent un r\u00e9gime autocratique. Arriv\u00e9e sur place quelques semaines plus tard, Sandra Calligaro d\u00e9crit \u201cle calme et la sid\u00e9ration\u201d dans laquelle la capitale \u00e9tait plong\u00e9e. Elle raconte\u00a0: \u201cOn savait que les talibans allaient finir par revenir, mais on s&rsquo;\u00e9tait presque habitu\u00e9s \u00e0 cette menace, et d&rsquo;un coup, ils\u00a0\u00e9taient\u00a0l\u00e0 et on n&rsquo;\u00e9tait pas pr\u00e9par\u00e9s. [&#8230;] Les talibans qu\u2019on essayait de photographier depuis dix ans, mais sans succ\u00e8s parce qu\u2019ils se cachaient, \u00e9taient l\u00e0. On \u00e9tait ahuris, abasourdis.\u201d<\/p>\n<p class=\"PopSlotParagraph qg-tx2 qg-xtra-lh svelte-1r0pyek\">Sandra Calligaro fait donc le portrait de jeunes talibans, figures de ce bouleversement politique. Pour la s\u00e9rie \u00ab\u00a0Afghanistan\u00a0: \u00e0 l\u2019ombre des drapeaux blancs\u00a0\u00bb, elle photographie aussi ce qu\u2019il se passe \u00e0 l\u2019abri du regard, l\u00e0 o\u00f9 les femmes sont calfeutr\u00e9es et tentent de continuer \u00e0 vivre malgr\u00e9 tout. \u201cToutes les jeunes filles que j&rsquo;ai photographi\u00e9es voulaient qu&rsquo;on montre leur r\u00e9alit\u00e9, qu&rsquo;on ne les oublie pas tout \u00e0 fait et qu&rsquo;on puisse continuer \u00e0 parler d&rsquo;elles.\u201d<\/p>\n<p class=\"PopSlotParagraph qg-tx2 qg-xtra-lh svelte-1r0pyek\"><strong>Plus d&rsquo;informations<\/strong><\/p>\n<ul>\n<li>L&rsquo;exposition \u00ab\u00a0Afghanistan\u00a0: \u00c0 l&rsquo;ombre des drapeaux blancs\u00a0\u00bb est pr\u00e9sent\u00e9e du 30 ao\u00fbt au 14 septembre \u00e0 l&rsquo;H\u00f4tel Pams dans le cadre du Festival Visa pour l&rsquo;Image \u00e0 Perpignan. La s\u00e9rie a \u00e9t\u00e9 r\u00e9compens\u00e9e du prix Fran\u00e7oise Demulder en 2024.<\/li>\n<li>Sandra Calligaro participera \u00e0 la\u00a0table ronde \u201cRaconter le monde en mutation \u2013 nouveaux regards\u201d\u00a0\u00e0 la Maison Europ\u00e9enne de la Photographie, le 18 septembre.<\/li>\n<\/ul>\n<p class=\"PopSlotParagraph qg-tx2 qg-xtra-lh svelte-1r0pyek\"><strong>Extraits sonores<\/strong><\/p>\n<ul>\n<li>Marie-Laure de Decker sur les images sanglantes et la morale du photographe, dans\u00a0L&rsquo;humeur vagabonde sur France Inter en 2004<\/li>\n<li>La chanson de fin\u00a0:\u00a0Zahra Elham \u00ab\u00a0Tu Saba Mori\u00a0\u00bb<\/li>\n<\/ul>\n","protected":false},"excerpt":{"rendered":"Qui se soucie des Afghans et des Afghanes\u00a0? \u00c0 l\u2019heure o\u00f9 le fracas des bombes r\u00e9sonne, le silence&hellip;\n","protected":false},"author":2,"featured_media":348131,"comment_status":"","ping_status":"","sticky":false,"template":"","format":"standard","meta":{"footnotes":""},"categories":[1358],"tags":[1348,1384,1385,1386,58,59,1011,27],"class_list":{"0":"post-348130","1":"post","2":"type-post","3":"status-publish","4":"format-standard","5":"has-post-thumbnail","7":"category-arts-et-design","8":"tag-arts","9":"tag-arts-and-design","10":"tag-arts-et-design","11":"tag-design","12":"tag-divertissement","13":"tag-entertainment","14":"tag-fr","15":"tag-france"},"share_on_mastodon":{"url":"https:\/\/pubeurope.com\/@fr\/115101991166610004","error":""},"_links":{"self":[{"href":"https:\/\/www.europesays.com\/fr\/wp-json\/wp\/v2\/posts\/348130","targetHints":{"allow":["GET"]}}],"collection":[{"href":"https:\/\/www.europesays.com\/fr\/wp-json\/wp\/v2\/posts"}],"about":[{"href":"https:\/\/www.europesays.com\/fr\/wp-json\/wp\/v2\/types\/post"}],"author":[{"embeddable":true,"href":"https:\/\/www.europesays.com\/fr\/wp-json\/wp\/v2\/users\/2"}],"replies":[{"embeddable":true,"href":"https:\/\/www.europesays.com\/fr\/wp-json\/wp\/v2\/comments?post=348130"}],"version-history":[{"count":0,"href":"https:\/\/www.europesays.com\/fr\/wp-json\/wp\/v2\/posts\/348130\/revisions"}],"wp:featuredmedia":[{"embeddable":true,"href":"https:\/\/www.europesays.com\/fr\/wp-json\/wp\/v2\/media\/348131"}],"wp:attachment":[{"href":"https:\/\/www.europesays.com\/fr\/wp-json\/wp\/v2\/media?parent=348130"}],"wp:term":[{"taxonomy":"category","embeddable":true,"href":"https:\/\/www.europesays.com\/fr\/wp-json\/wp\/v2\/categories?post=348130"},{"taxonomy":"post_tag","embeddable":true,"href":"https:\/\/www.europesays.com\/fr\/wp-json\/wp\/v2\/tags?post=348130"}],"curies":[{"name":"wp","href":"https:\/\/api.w.org\/{rel}","templated":true}]}}