{"id":348132,"date":"2025-08-27T17:49:16","date_gmt":"2025-08-27T17:49:16","guid":{"rendered":"https:\/\/www.europesays.com\/fr\/348132\/"},"modified":"2025-08-27T17:49:16","modified_gmt":"2025-08-27T17:49:16","slug":"livres-mangas-vinyles-jeux-video-lors-des-vide-bibliotheques-a-mont-de-marsan","status":"publish","type":"post","link":"https:\/\/www.europesays.com\/fr\/348132\/","title":{"rendered":"Livres, mangas, vinyles, jeux vid\u00e9o lors des vide-biblioth\u00e8ques \u00e0 Mont-de-Marsan"},"content":{"rendered":"<p>            Par<br \/>\n        <strong><br \/>\n            <a href=\"https:\/\/actu.fr\/auteur\/bastienclaverie\" title=\"Consulter tous les articles de Bastien Claverie\" rel=\"nofollow noopener\" target=\"_blank\">Bastien Claverie<\/a><br \/>\n        <\/strong><\/p>\n<p>        Publi\u00e9 le<\/p>\n<p>            27 ao\u00fbt 2025 \u00e0 19h06        <\/p>\n<p>Les Conseils de quartier de <strong><a href=\"https:\/\/actu.fr\/nouvelle-aquitaine\/mont-de-marsan_40192\" rel=\"nofollow noopener\" target=\"_blank\">Mont-de-Marsan<\/a><\/strong> organisent des <strong>vide-biblioth\u00e8ques<\/strong>. Il reste deux dates pour les chineurs pour profiter des prochains \u00e9v\u00e8nements. Le prochain rendez-vous aura lieu de 9h \u00e0 17h le dimanche 7\u00a0septembre 2025.<\/p>\n<p class=\" wall-content\">Chaque particulier qui souhaite venir pr\u00e9senter les <strong>tr\u00e9sors oubli\u00e9s de sa biblioth\u00e8que<\/strong> ou de ses collections doit venir \u00e9quip\u00e9 de son propre mat\u00e9riel qu\u2019il pourra mettre en place d\u00e8s 8h30. Pour l\u2019occasion vous pourrez faire l\u2019acquisition de nombreux livres, BD, mangas, vinyles ou m\u00eame jeux vid\u00e9o. Ils sont r\u00e9serv\u00e9s aux particuliers.<\/p>\n<p class=\" wall-content\">Les Conseils de quartier montois invitent donc les lecteurs, chineurs, joueurs et collectionneurs \u00e0 venir faire des affaires lors des vide-biblioth\u00e8ques organis\u00e9s durant plusieurs dimanches entre 9h et 12h dans diff\u00e9rents quartiers de la ville. En cas de pluie, les vide biblioth\u00e8ques seront annul\u00e9es.<\/p>\n<p class=\" wall-content\">Voici les dates des prochains rendez-vous\u2009:<\/p>\n<ul class=\" wall-content\">\n<li>dimanche 7\u00a0septembre\u2009: Centre-ville (place de la mairie)<\/li>\n<li>dimanche 5\u00a0octobre\u2009: Saint-Jean-d\u2019Ao\u00fbt (parking Super U)<\/li>\n<\/ul>\n<p class=\" wall-content\">Plus d\u2019informations et inscriptions en contactant le Service Vie des quartiers\u2009: <a href=\"https:\/\/actu.fr\/cdn-cgi\/l\/email-protection\" class=\"__cf_email__\" data-cfemail=\"2b484445584e424758055a5e4a595f424e59586b4644455f4f4e464a59584a45054d59\" rel=\"nofollow noopener\" target=\"_blank\">[email\u00a0protected]<\/a> ou par t\u00e9l\u00e9phone au 05.58.05.87.52.<\/p>\n<p class=\" wall-content\">Personnalisez votre actualit\u00e9 en ajoutant vos villes et m\u00e9dias en favori avec <a href=\"https:\/\/moncompte.actu.fr\" title=\"D\u00e9couvez Mon Actu\" rel=\"nofollow noopener\" data-trk=\"{&quot;cta&quot;:{&quot;action&quot;:&quot;https:\\\/\\\/moncompte.actu.fr&quot;,&quot;category&quot;:&quot;mon compte&quot;,&quot;from&quot;:&quot;article footer&quot;,&quot;name&quot;:&quot;Mon actu&quot;,&quot;type&quot;:&quot;cta&quot;}}\" target=\"_blank\">Mon Actu<\/a>.<\/p>\n","protected":false},"excerpt":{"rendered":"Par Bastien Claverie Publi\u00e9 le 27 ao\u00fbt 2025 \u00e0 19h06 Les Conseils de quartier de Mont-de-Marsan organisent des&hellip;\n","protected":false},"author":2,"featured_media":348133,"comment_status":"","ping_status":"","sticky":false,"template":"","format":"standard","meta":{"footnotes":""},"categories":[1357],"tags":[1379,58,59,1011,27,1380,104],"class_list":{"0":"post-348132","1":"post","2":"type-post","3":"status-publish","4":"format-standard","5":"has-post-thumbnail","7":"category-livres","8":"tag-books","9":"tag-divertissement","10":"tag-entertainment","11":"tag-fr","12":"tag-france","13":"tag-livres","14":"tag-societe"},"share_on_mastodon":{"url":"https:\/\/pubeurope.com\/@fr\/115101995178518299","error":""},"_links":{"self":[{"href":"https:\/\/www.europesays.com\/fr\/wp-json\/wp\/v2\/posts\/348132","targetHints":{"allow":["GET"]}}],"collection":[{"href":"https:\/\/www.europesays.com\/fr\/wp-json\/wp\/v2\/posts"}],"about":[{"href":"https:\/\/www.europesays.com\/fr\/wp-json\/wp\/v2\/types\/post"}],"author":[{"embeddable":true,"href":"https:\/\/www.europesays.com\/fr\/wp-json\/wp\/v2\/users\/2"}],"replies":[{"embeddable":true,"href":"https:\/\/www.europesays.com\/fr\/wp-json\/wp\/v2\/comments?post=348132"}],"version-history":[{"count":0,"href":"https:\/\/www.europesays.com\/fr\/wp-json\/wp\/v2\/posts\/348132\/revisions"}],"wp:featuredmedia":[{"embeddable":true,"href":"https:\/\/www.europesays.com\/fr\/wp-json\/wp\/v2\/media\/348133"}],"wp:attachment":[{"href":"https:\/\/www.europesays.com\/fr\/wp-json\/wp\/v2\/media?parent=348132"}],"wp:term":[{"taxonomy":"category","embeddable":true,"href":"https:\/\/www.europesays.com\/fr\/wp-json\/wp\/v2\/categories?post=348132"},{"taxonomy":"post_tag","embeddable":true,"href":"https:\/\/www.europesays.com\/fr\/wp-json\/wp\/v2\/tags?post=348132"}],"curies":[{"name":"wp","href":"https:\/\/api.w.org\/{rel}","templated":true}]}}