{"id":348138,"date":"2025-08-27T17:52:08","date_gmt":"2025-08-27T17:52:08","guid":{"rendered":"https:\/\/www.europesays.com\/fr\/348138\/"},"modified":"2025-08-27T17:52:08","modified_gmt":"2025-08-27T17:52:08","slug":"le-troisieme-roman-francophone-le-plus-lu-dans-le-monde-bientot-adapte-au-cinema-les-premieres-images-devoilees-programme-tv-net","status":"publish","type":"post","link":"https:\/\/www.europesays.com\/fr\/348138\/","title":{"rendered":"Le troisi\u00e8me roman francophone le plus lu dans le monde bient\u00f4t adapt\u00e9 au cin\u00e9ma, les premi\u00e8res images d\u00e9voil\u00e9es &#8211; programme-tv.net"},"content":{"rendered":"<ol>\n<li><a href=\"https:\/\/news.google.com\/rss\/articles\/CBMi_wFBVV95cUxNS2lER2haZTZLRGdHOGw4TS1wa2JTck5ibDV0U0lPdHJ3RnphMFJCTTFqcTVCZFBHekYya3hscVN0VXAyMjlqV085S0xJdU9Qa0pIbTJ1ZWNnNXh2eVpDR005LUxhcUxZWkpEcG4xVmp6RmNYN3Z0RVhLdjUta0xvRDlldXZtNmlvSEZWaEo0S2gxbW5XV0RqbHlaSVNnd29hVWZTcTNpYl9jVzVPUzJyajJUeHFuYW5MRlhEVUdlRVdONHRiYXZFT2Y1OW93NEJwTWszU0hzelBEREFFYjlNd2dnbHVLVWNwNFZZdWViVldVdVM5OW9rbWhLMVhOOXc?oc=5\" target=\"_blank\" rel=\"nofollow noopener\">Le troisi\u00e8me roman francophone le plus lu dans le monde bient\u00f4t adapt\u00e9 au cin\u00e9ma, les premi\u00e8res images d\u00e9voil\u00e9es<\/a>&nbsp;&nbsp;programme-tv.net<\/li>\n<li><a href=\"https:\/\/news.google.com\/rss\/articles\/CBMi7gFBVV95cUxNVUdNNk1xYnMwRk1JU2xRMEhtQnBUa1RWdlEtNzhSTkJjY1o5WkdGZzFGd3RLWWVmQmo1dGRXZ1pJQjVWMUppaGluTS1hNWhadHhkaDhYSjlneFlxVF9hbGdWOWZ5MFRSdS1NcFlKdHR1Zm5MT1N5Q1BjMlVudTQ0aVc0Z1gxSW5sbktZaTJDVjFKVHhzZGlzcktvSGdra3BFVVY5dGlUNTVrUjFEenRNQ0dUSk1LREdUTVdDVHNEMnZDZUxGbW1QVEVjQUp2OGNCWGliRGs5OVpOX25aMXZ0SFVtZ1FHZFhBeUNHRUxR?oc=5\" target=\"_blank\" rel=\"nofollow noopener\">Sign\u00e9 BFM &#8211; \u00ab\u00a0L&rsquo;\u00c9tranger\u00a0\u00bb: les premi\u00e8res images de l&rsquo;adaptation du roman d&rsquo;Albert Camus par Fran\u00e7ois Ozon<\/a>&nbsp;&nbsp;Actualit\u00e9s \u2013 Orange<\/li>\n<li><a href=\"https:\/\/news.google.com\/rss\/articles\/CBMihwFBVV95cUxONmlMOU5TR19VQVpTYUZJazRZMHh5amlMOHZxaTZudnJiOXVXbmcwaVE3enZlVnY1bXJod3NoQVpDYjFoOUpYb1BDOXRCay1zeEk3bnpyWVdncW9sT2ZsOVFmdlpwUHF4YWRrNDJDTnBSWG44UVJyM0RDV2pfdnlaYl9qZnlpak0?oc=5\" target=\"_blank\" rel=\"nofollow noopener\">L\u2019\u00c9tranger : Fran\u00e7ois Ozon adapte Camus au cin\u00e9ma en octobre 2025<\/a>&nbsp;&nbsp;Sortir \u00e0 Paris<\/li>\n<li><a href=\"https:\/\/news.google.com\/rss\/articles\/CBMi9AFBVV95cUxPdkpIcXFGd3VCZFRKUWV5Ql93Znl3Rmx4N2dXT0t5QzNDeWROYkJzbF93R192VDBTNzV0aXhSYXdtbXkyRG9oNWFGWXlLZWJYSHd5eEhsbzdVb1hnS1JaOHJuYzZ6alJpaGs4V1VzQ2xhTEVLN3ZGTWRnT3JwcllqTG1NSnhHMnAwUG92RW1VUEFrVldXVUJqYnJOcWJJMjZvX3hERUtsc240dUp5WHZYbkE2enpNZmdYemhkQjhPcE4wd1M3NE9kdzhtOUFVdDVSWi13NnNnTWV4WF8wU1RjVEUyVmVycVc1SnQ3Q0o5NC1DSHpL?oc=5\" target=\"_blank\" rel=\"nofollow noopener\">L&rsquo;Etranger : une bande-annonce magn\u00e9tique pour la nouvelle adaptation du roman de Camus par Fran\u00e7ois Ozon<\/a>&nbsp;&nbsp;Linternaute.com<\/li>\n<li><a href=\"https:\/\/news.google.com\/rss\/articles\/CBMirgFBVV95cUxPLXYzRDhxRzk0cmJDM1lWXzJtMXEzM2NLU21Sbjh2N1NmYWJramNiUENMT1I0QXJLVXZqZm1nWXhSaWFnUUdSLVRKSjQ3NnQxRjBGRDBud0xrckZFd0VZaXRRTkZLSjBTcTQ0ZURER242S21acC1uS1BWXzhWSWc0SlFPajB6SFNkdzh1bllWbjJnQWVDVUJZbEtydHVwVG5tRVBhRUxReHp0RFZnRkE?oc=5\" target=\"_blank\" rel=\"nofollow noopener\">Premi\u00e8res images de \u00ab\u00a0L&rsquo;\u00c9tranger\u00a0\u00bb version Fran\u00e7ois Ozon<\/a>&nbsp;&nbsp;BFMTV<\/li>\n<\/ol>\n","protected":false},"excerpt":{"rendered":"Le troisi\u00e8me roman francophone le plus lu dans le monde bient\u00f4t adapt\u00e9 au cin\u00e9ma, les premi\u00e8res images d\u00e9voil\u00e9es&nbsp;&nbsp;programme-tv.net&hellip;\n","protected":false},"author":2,"featured_media":1445,"comment_status":"","ping_status":"","sticky":false,"template":"","format":"standard","meta":{"footnotes":""},"categories":[1354],"tags":[58,59,1346,1011,27,1360],"class_list":{"0":"post-348138","1":"post","2":"type-post","3":"status-publish","4":"format-standard","5":"has-post-thumbnail","7":"category-films","8":"tag-divertissement","9":"tag-entertainment","10":"tag-films","11":"tag-fr","12":"tag-france","13":"tag-movies"},"share_on_mastodon":{"url":"https:\/\/pubeurope.com\/@fr\/115102006897943065","error":""},"_links":{"self":[{"href":"https:\/\/www.europesays.com\/fr\/wp-json\/wp\/v2\/posts\/348138","targetHints":{"allow":["GET"]}}],"collection":[{"href":"https:\/\/www.europesays.com\/fr\/wp-json\/wp\/v2\/posts"}],"about":[{"href":"https:\/\/www.europesays.com\/fr\/wp-json\/wp\/v2\/types\/post"}],"author":[{"embeddable":true,"href":"https:\/\/www.europesays.com\/fr\/wp-json\/wp\/v2\/users\/2"}],"replies":[{"embeddable":true,"href":"https:\/\/www.europesays.com\/fr\/wp-json\/wp\/v2\/comments?post=348138"}],"version-history":[{"count":0,"href":"https:\/\/www.europesays.com\/fr\/wp-json\/wp\/v2\/posts\/348138\/revisions"}],"wp:featuredmedia":[{"embeddable":true,"href":"https:\/\/www.europesays.com\/fr\/wp-json\/wp\/v2\/media\/1445"}],"wp:attachment":[{"href":"https:\/\/www.europesays.com\/fr\/wp-json\/wp\/v2\/media?parent=348138"}],"wp:term":[{"taxonomy":"category","embeddable":true,"href":"https:\/\/www.europesays.com\/fr\/wp-json\/wp\/v2\/categories?post=348138"},{"taxonomy":"post_tag","embeddable":true,"href":"https:\/\/www.europesays.com\/fr\/wp-json\/wp\/v2\/tags?post=348138"}],"curies":[{"name":"wp","href":"https:\/\/api.w.org\/{rel}","templated":true}]}}