{"id":348139,"date":"2025-08-27T17:53:07","date_gmt":"2025-08-27T17:53:07","guid":{"rendered":"https:\/\/www.europesays.com\/fr\/348139\/"},"modified":"2025-08-27T17:53:07","modified_gmt":"2025-08-27T17:53:07","slug":"si-on-nagit-pas-des-millions-de-patients-seront-oublies-lapnee-du-sommeil-va-exploser-dici-2050-selon-une-etude-les-numeriques","status":"publish","type":"post","link":"https:\/\/www.europesays.com\/fr\/348139\/","title":{"rendered":"\u201cSi on n\u2019agit pas, des millions de patients seront oubli\u00e9s\u201d : l\u2019apn\u00e9e du sommeil va exploser d\u2019ici 2050, selon une \u00e9tude &#8211; Les Num\u00e9riques"},"content":{"rendered":"<ol>\n<li><a href=\"https:\/\/news.google.com\/rss\/articles\/CBMi_wFBVV95cUxNZDN1bVkycWJGcWNiS1ZJSnJJS3BKbHRDV2JrZ0lvTmVieTJYMkV6UEZDaW90d2VRNk1MX0ZDTV9fUzZTVE5QSG5POTNUOVVjNWptRDZ6X0JmRHlidEdQd0p5R0lXRFhuXzRPWHEwczhYVF8wXzB4MEhLRmlKVm90UzFjaXRLVmQ2TDRtR285YVlmc1VYTTN6VWZXNjZjel9IdWVVNU55ckdJeWRzbW1zUklPcVd0bDdVSHg0SE9wZklVdGZCZlZLb3B3Y0sya0hGZkJkVDRwbGVoWjZtRExLaDNBQ1B1SVp3bXgyalVOc3JsU1ktNzZkWW9hZTVsX0E?oc=5\" target=\"_blank\" rel=\"nofollow noopener\">\u201cSi on n\u2019agit pas, des millions de patients seront oubli\u00e9s\u201d : l\u2019apn\u00e9e du sommeil va exploser d\u2019ici 2050, selon une \u00e9tude<\/a>&nbsp;&nbsp;Les Num\u00e9riques<\/li>\n<li><a href=\"https:\/\/news.google.com\/rss\/articles\/CBMi1gFBVV95cUxPX0drMFl6ekZEVGFzaTdUS3dKWnhtS2pYMGs2bDg0YWRRZEhnWVExMnUwSUJzcU9CSHpEVjZyTTdXSEpNdmhWdXpGbjhkNXZBZzFCakotSEVNdUlnb1ZoMFNEMlQzLWoyeW54YUpNU3M4SjlZUENSUzlMaDliZjYwTE1KRlV2VUw4TzJOXzhPV25jMUdkSndoXzVsYUVKaktBUktINUE2eWRGT3JubEZva195dlJBVVFPQVIzQ3pMVVJEd2FLWnVMcDJhY29oVEJPOThJTC1B?oc=5\" target=\"_blank\" rel=\"nofollow noopener\">Les mauvaises habitudes du week-end peuvent aggraver ce trouble du sommeil<\/a>&nbsp;&nbsp;Sant\u00e9 Magazine<\/li>\n<li><a href=\"https:\/\/news.google.com\/rss\/articles\/CBMi7gFBVV95cUxNS2U3THBJTWQ0YzhEUExMSUlkTmxRbWRqbWw2VlQ5TkxEa2w2MkFwWWw3RUVINWlkVnlnSjhYa2FtcUgxUlJiQU05ckdSdlhuVWdNMTJkRXJ1SmlFVHFnTzdQZE5rdFVacWlHZWhlS04tVVR5My0xS05XRnM2cFN5bDJzTHZ1eUlUX1lVbVhWcUNGMDIyMW5WM3o3eW9YVnFTWmYtWTNjX2NyMFhNWmx6M3p0bm5VVndiVGZYTTVyWnNvUkNkaXRwSDZ2cVAzNkRDQTZlX1ZCOFZhaDkza2IxM2thVDJpVXRuT0ZUVndn?oc=5\" target=\"_blank\" rel=\"nofollow noopener\">L\u2019apn\u00e9e du sommeil obstructive devrait toucher pr\u00e8s de 77 millions d\u2019adultes am\u00e9ricains d\u2019ici 2050, selon une nouvelle \u00e9tude de Resmed<\/a>&nbsp;&nbsp;Zonebourse<\/li>\n<li><a href=\"https:\/\/news.google.com\/rss\/articles\/CBMivwFBVV95cUxQUFZTZ3N1dUR0NWdGM0VXVlFFUmhSWlVuQ1p4WnczX2RGMGUzZlc3R3MydE9XWW45WmM5WUlEUkg5bGNJejYwWURPeXhaeWZldXpNR3diblkxYUdvbVk4WXZPNzZUc25hUVRRV09OX2Z1MVlnQlNZMXZheEJnREpxbHBCRExrY0l0eXBlSTdlT3M5MmpnUXBiMWg4blRUQ3NFMW90c0JPMWsxZnNhRVRIR3owRm9YbURNcDFyTmpNZw?oc=5\" target=\"_blank\" rel=\"nofollow noopener\">Apn\u00e9e Sociale : Comment les Week-ends de Vie en Altitude Peuvent Aggraver l&rsquo;Apn\u00e9e du Sommeil<\/a>&nbsp;&nbsp;Info Utiles<\/li>\n<li><a href=\"https:\/\/news.google.com\/rss\/articles\/CBMiuAFBVV95cUxQWWJiRHhjNjd2WkVZT3BGTWhOa0MxYmZMdW1qVmRrQ0F6QmdoZlNOVWhia3JBby1MSHpabGxBdWZVeWpadktpX0dmYThhamkwazVKVXhTdERGalZ5eDVNdzVxVTBjbTJkMXpPTGpYUFpoRUFzLXV0clQxMXlHSmh4Tk1wS3JvWDNERmVpRXAyN3Vzbld3dnQ1SjdUekNnZl9RT2duVGxWWXhUUkJrU1BDSFJURDN5MmNC?oc=5\" target=\"_blank\" rel=\"nofollow noopener\">Apn\u00e9e du sommeil : gare \u00e0 cette forme m\u00e9connue qui s\u2019aggrave le week-end, alerte une \u00e9tude<\/a>&nbsp;&nbsp;Version Femina<\/li>\n<\/ol>\n","protected":false},"excerpt":{"rendered":"\u201cSi on n\u2019agit pas, des millions de patients seront oubli\u00e9s\u201d : l\u2019apn\u00e9e du sommeil va exploser d\u2019ici 2050,&hellip;\n","protected":false},"author":2,"featured_media":1445,"comment_status":"","ping_status":"","sticky":false,"template":"","format":"standard","meta":{"footnotes":""},"categories":[10],"tags":[1011,27,72,71],"class_list":{"0":"post-348139","1":"post","2":"type-post","3":"status-publish","4":"format-standard","5":"has-post-thumbnail","7":"category-sante","8":"tag-fr","9":"tag-france","10":"tag-health","11":"tag-sante"},"share_on_mastodon":{"url":"https:\/\/pubeurope.com\/@fr\/115102010885139263","error":""},"_links":{"self":[{"href":"https:\/\/www.europesays.com\/fr\/wp-json\/wp\/v2\/posts\/348139","targetHints":{"allow":["GET"]}}],"collection":[{"href":"https:\/\/www.europesays.com\/fr\/wp-json\/wp\/v2\/posts"}],"about":[{"href":"https:\/\/www.europesays.com\/fr\/wp-json\/wp\/v2\/types\/post"}],"author":[{"embeddable":true,"href":"https:\/\/www.europesays.com\/fr\/wp-json\/wp\/v2\/users\/2"}],"replies":[{"embeddable":true,"href":"https:\/\/www.europesays.com\/fr\/wp-json\/wp\/v2\/comments?post=348139"}],"version-history":[{"count":0,"href":"https:\/\/www.europesays.com\/fr\/wp-json\/wp\/v2\/posts\/348139\/revisions"}],"wp:featuredmedia":[{"embeddable":true,"href":"https:\/\/www.europesays.com\/fr\/wp-json\/wp\/v2\/media\/1445"}],"wp:attachment":[{"href":"https:\/\/www.europesays.com\/fr\/wp-json\/wp\/v2\/media?parent=348139"}],"wp:term":[{"taxonomy":"category","embeddable":true,"href":"https:\/\/www.europesays.com\/fr\/wp-json\/wp\/v2\/categories?post=348139"},{"taxonomy":"post_tag","embeddable":true,"href":"https:\/\/www.europesays.com\/fr\/wp-json\/wp\/v2\/tags?post=348139"}],"curies":[{"name":"wp","href":"https:\/\/api.w.org\/{rel}","templated":true}]}}