{"id":348163,"date":"2025-08-27T18:07:14","date_gmt":"2025-08-27T18:07:14","guid":{"rendered":"https:\/\/www.europesays.com\/fr\/348163\/"},"modified":"2025-08-27T18:07:14","modified_gmt":"2025-08-27T18:07:14","slug":"top-14-pierre-mignoni-etre-a-toulon-ce-nest-pas-anodin-il-faut-en-prendre-conscience","status":"publish","type":"post","link":"https:\/\/www.europesays.com\/fr\/348163\/","title":{"rendered":"Top 14 \u2013 Pierre Mignoni\u00a0: \u00ab\u00a0\u00catre \u00e0 Toulon, ce n\u2019est pas anodin. Il faut en prendre conscience\u00a0\u00bb"},"content":{"rendered":"<p>\n                Entre deux matchs amicaux, Pierre Mignoni fait le point sur la pr\u00e9paration estivale du RCT. Serein et d\u00e9termin\u00e9, le manager toulonnais veut voir son \u00e9quipe franchir\u00a0un cap mental cette saison.\n            <\/p>\n<p data-end=\"578\" data-start=\"61\"><strong data-end=\"145\" data-start=\"61\">Quel enseignement tirez-vous, avec du recul, <a href=\"https:\/\/www.rugbyrama.fr\/2025\/08\/22\/matchs-amicaux-top-14-perpignan-se-fait-plaisir-et-corrige-toulon-12889072.php\" target=\"_self\" rel=\"nofollow noopener\">de la d\u00e9faite \u00e0 Perpignan (50-19) en match amical<\/a>\u00a0?<\/strong><\/p>\n<p data-end=\"578\" data-start=\"61\">Le score est s\u00e9v\u00e8re\u00a0mais je m\u2019y attendais un peu. J\u2019avais laiss\u00e9 17 joueurs \u00e0 Toulon, ce qui rendait le match forc\u00e9ment plus compliqu\u00e9. Cela n\u2019enl\u00e8ve rien \u00e0 la performance de l\u2019USAP. On a pourtant r\u00e9alis\u00e9 une bonne premi\u00e8re mi-temps avec des jeunes qui d\u00e9couvraient ce niveau. J\u2019avais aussi besoin de les voir dans la difficult\u00e9. Il y a eu des choses positives dans plusieurs secteurs, mais aussi des d\u00e9ceptions. Rien d\u2019alarmant.<\/p>\n<p data-end=\"881\" data-start=\"580\"><strong data-end=\"632\" data-start=\"580\">Quelles satisfactions retenez-vous malgr\u00e9 tout\u00a0?<\/strong><\/p>\n<p data-end=\"881\" data-start=\"580\">Voir ces jeunes \u00e9voluer \u00e0 ce niveau. Ce sont des joueurs sur lesquels on mise, peut-\u00eatre pas pour le court terme, mais \u00e0 moyen terme. On pense d\u00e9j\u00e0 \u00e0 la saison prochaine. Ils doivent accumuler du temps de jeu, c\u2019est essentiel pour leur progression.<\/p>\n<p data-end=\"1275\" data-start=\"883\"><strong data-end=\"941\" data-start=\"883\">Qu\u2019attendez-vous du prochain match amical \u00e0 Clermont\u00a0?<\/strong><\/p>\n<p data-end=\"1275\" data-start=\"883\">On va aligner une \u00e9quipe plus exp\u00e9riment\u00e9e. L\u2019opposition sera de qualit\u00e9. Clermont va se pr\u00e9parer s\u00e9rieusement, car ils encha\u00eenent \u00e0 domicile pour la reprise du Top 14 face \u00e0 Toulouse. Nous aussi, on va entrer dans le vif du sujet avant de se rendre \u00e0 Montpellier. M\u00eame si ce n\u2019est pas un match \u00e0 enjeu direct, il devra \u00eatre pris tr\u00e8s au s\u00e9rieux.<\/p>\n<p data-end=\"1649\" data-start=\"1277\"><strong data-end=\"1329\" data-start=\"1277\">\u00cates-vous satisfait de la pr\u00e9paration estivale\u00a0?<\/strong><\/p>\n<p data-end=\"1649\" data-start=\"1277\">Oui, elle s\u2019est bien d\u00e9roul\u00e9e. On a fait le choix de rester \u00e0 Toulon plut\u00f4t que de partir en stage. On est pas mal ici. Faire 7\u00a0heures de bus pour faire un stage de 4 jours, \u00e7a use les organismes.\u00a0Avec une intersaison courte, on a donc pr\u00e9f\u00e9r\u00e9 optimiser notre temps ici, profiter de l\u2019environnement, et laisser un peu de repos le week-end. L\u2019objectif \u00e9tait de garder de la fra\u00eecheur avant l\u2019encha\u00eenement des comp\u00e9titions.<\/p>\n<p data-end=\"2091\" data-start=\"1651\"><strong data-end=\"1736\" data-start=\"1651\">Quels axes de travail avez-vous cibl\u00e9s cette saison par rapport \u00e0 la pr\u00e9c\u00e9dente\u00a0?<\/strong><\/p>\n<p data-end=\"2091\" data-start=\"1651\">On est rest\u00e9s dans la continuit\u00e9. On n\u2019a pas voulu tout changer. \u00c7a s\u2019est vu d\u00e8s les premiers entra\u00eenements, m\u00eame si \u00e7a ne s\u2019est pas encore pleinement refl\u00e9t\u00e9 sur le terrain. L\u2019enjeu, c\u2019est d\u2019int\u00e9grer rapidement les nouveaux, qu\u2019ils comprennent l\u2019environnement, pas seulement le jeu. \u00catre \u00e0 Toulon, ce n\u2019est pas anodin. Ils doivent en prendre conscience.<\/p>\n<p data-end=\"2374\" data-start=\"2093\"><strong data-end=\"2153\" data-start=\"2093\">Trouvez-vous votre effectif plus homog\u00e8ne et ambitieux\u00a0?<\/strong><\/p>\n<p data-end=\"2374\" data-start=\"2093\">On essaie de garder un noyau solide tout en faisant quelques ajustements. Il y en aura encore \u00e0 l\u2019avenir, mais on ne veut plus bouleverser l\u2019effectif en changeant 15 joueurs chaque saison. Cette \u00e9poque est derri\u00e8re nous.<\/p>\n<p data-end=\"3074\" data-start=\"2376\"><strong data-end=\"2494\" data-start=\"2376\">Apr\u00e8s la d\u00e9faite en demi-finale contre l\u2019UBB, vous avez dit\u00a0: \u201cNous n\u2019\u00e9tions pas au niveau\u201d. Que faut-il changer\u00a0?<\/strong><\/p>\n<p data-end=\"3074\" data-start=\"2376\">Effectivement, on n\u2019a pas \u00e9t\u00e9 \u00e0 notre niveau ce jour-l\u00e0, et on en a discut\u00e9 en interne. L\u2019important, c\u2019est de comprendre pourquoi. Bordeaux a \u00e9t\u00e9 au rendez-vous. M\u00eame \u00e0 notre meilleur niveau, ils auraient pu nous battre, mais on aurait eu moins de regrets. Ce sont ces regrets qui font mal. Perdre en demi-finale ou en finale, c\u2019est d\u00e9j\u00e0 dur, mais avoir des regrets, c\u2019est pire. Ce jour-l\u00e0, mentalement, on n\u2019y \u00e9tait pas. On essaie d\u2019en tirer les le\u00e7ons. C\u2019est une question d\u2019exp\u00e9rience collective. Cette \u00e9quipe en prend, et j\u2019esp\u00e8re qu\u2019elle continuera \u00e0 en prendre cette saison.<\/p>\n<p data-end=\"3455\" data-start=\"3076\"><strong data-end=\"3127\" data-start=\"3076\">Sur l\u2019aspect mental justement, avec qui travaillez-vous\u00a0?<\/strong><\/p>\n<p data-end=\"3455\" data-start=\"3076\">Avec Pierre Dantin, qui est tr\u00e8s reconnu dans le monde du sport de haut niveau. Il a notamment travaill\u00e9 dans la cellule performance des JO aux c\u00f4t\u00e9s de Claude Onesta. Il intervient aupr\u00e8s de mes leaders, de certains joueurs individuellement, avec moi-m\u00eame et le staff. L\u2019id\u00e9e, c\u2019est que tout le monde progresse sur ce plan-l\u00e0.<\/p>\n<p data-end=\"4091\" data-start=\"3457\"><strong data-end=\"3504\" data-start=\"3457\">Pensez-vous qu\u2019il vous manque des leaders\u00a0?<\/strong><\/p>\n<p data-end=\"4091\" data-start=\"3457\">Non, les leaders sont l\u00e0. Mais tous n\u2019ont pas r\u00e9pondu pr\u00e9sent le jour de la demi-finale. L\u2019objectif, c\u2019est que tout le monde soit connect\u00e9 au bon moment. C\u2019est un point \u00e0 am\u00e9liorer. Ce groupe commence \u00e0 \u00e9crire son histoire. Une demi-finale, ce n\u2019est pas un titre, mais c\u2019est une \u00e9tape. Pour aller au bout, il faut vivre ces matchs-l\u00e0, parfois les perdre, mais surtout apprendre et revenir chaque ann\u00e9e. C\u2019est notre objectif cette saison. Je veux voir cette \u00e9quipe continuer \u00e0 progresser. C\u2019est ce qu\u2019on a fait sur les trois derni\u00e8res ann\u00e9es. Maintenant, il faut franchir un nouveau cap.<\/p>\n<p data-end=\"4605\" data-start=\"4093\"><strong data-end=\"4192\" data-start=\"4093\">Votre\u00a0objectif\u00a0cette saison est de progresser, \u00e7a veut dire une 1\/2 finale de coupe d\u2019Europe et une finale de Top 14\u00a0?<\/strong><\/p>\n<p data-end=\"4605\" data-start=\"4093\">\u00c7a veut dire tenter de gagner des titres. Mais comme chaque ann\u00e9e, il n\u2019y a qu\u2019un seul vainqueur. Sur 14 \u00e9quipes, une seule soul\u00e8ve le bouclier. Les autres regardent. En Coupe d\u2019Europe, on se d\u00e9place \u00e0 \u00c9dimbourg et on re\u00e7oit Bath, un gros morceau. On sait ce que \u00e7a co\u00fbte de viser un quart \u00e0 domicile, on l\u2019a v\u00e9cu l\u2019an dernier. Il ne faudra pas se rater. On a envie d\u2019y retourner, et surtout de franchir ce cap.<\/p>\n","protected":false},"excerpt":{"rendered":"Entre deux matchs amicaux, Pierre Mignoni fait le point sur la pr\u00e9paration estivale du RCT. Serein et d\u00e9termin\u00e9,&hellip;\n","protected":false},"author":2,"featured_media":348164,"comment_status":"","ping_status":"","sticky":false,"template":"","format":"standard","meta":{"footnotes":""},"categories":[9619],"tags":[1111,11,1777,674,1011,27,12,882,25,2310],"class_list":{"0":"post-348163","1":"post","2":"type-post","3":"status-publish","4":"format-standard","5":"has-post-thumbnail","7":"category-toulon","8":"tag-actu","9":"tag-actualites","10":"tag-eu","11":"tag-europe","12":"tag-fr","13":"tag-france","14":"tag-news","15":"tag-provence-alpes-cote-dazur","16":"tag-republique-francaise","17":"tag-toulon"},"share_on_mastodon":{"url":"https:\/\/pubeurope.com\/@fr\/115102065822962950","error":""},"_links":{"self":[{"href":"https:\/\/www.europesays.com\/fr\/wp-json\/wp\/v2\/posts\/348163","targetHints":{"allow":["GET"]}}],"collection":[{"href":"https:\/\/www.europesays.com\/fr\/wp-json\/wp\/v2\/posts"}],"about":[{"href":"https:\/\/www.europesays.com\/fr\/wp-json\/wp\/v2\/types\/post"}],"author":[{"embeddable":true,"href":"https:\/\/www.europesays.com\/fr\/wp-json\/wp\/v2\/users\/2"}],"replies":[{"embeddable":true,"href":"https:\/\/www.europesays.com\/fr\/wp-json\/wp\/v2\/comments?post=348163"}],"version-history":[{"count":0,"href":"https:\/\/www.europesays.com\/fr\/wp-json\/wp\/v2\/posts\/348163\/revisions"}],"wp:featuredmedia":[{"embeddable":true,"href":"https:\/\/www.europesays.com\/fr\/wp-json\/wp\/v2\/media\/348164"}],"wp:attachment":[{"href":"https:\/\/www.europesays.com\/fr\/wp-json\/wp\/v2\/media?parent=348163"}],"wp:term":[{"taxonomy":"category","embeddable":true,"href":"https:\/\/www.europesays.com\/fr\/wp-json\/wp\/v2\/categories?post=348163"},{"taxonomy":"post_tag","embeddable":true,"href":"https:\/\/www.europesays.com\/fr\/wp-json\/wp\/v2\/tags?post=348163"}],"curies":[{"name":"wp","href":"https:\/\/api.w.org\/{rel}","templated":true}]}}