{"id":348167,"date":"2025-08-27T18:09:10","date_gmt":"2025-08-27T18:09:10","guid":{"rendered":"https:\/\/www.europesays.com\/fr\/348167\/"},"modified":"2025-08-27T18:09:10","modified_gmt":"2025-08-27T18:09:10","slug":"chacun-a-sa-place-quelle-que-soit-son-orientation-sexuelle-le-tournoi-de-sport-lgbt-de-retour-a-montpellier","status":"publish","type":"post","link":"https:\/\/www.europesays.com\/fr\/348167\/","title":{"rendered":"\u00ab\u00a0Chacun \u00e0 sa place, quelle que soit son orientation sexuelle\u00a0\u00bb\u00a0: le tournoi de sport LGBT de retour \u00e0 Montpellier"},"content":{"rendered":"<p>\n                                                                Un tournoi 100\u00a0% LGBT sera organis\u00e9 du 29 au 31\u00a0ao\u00fbt \u00e0 Montpellier, par l\u2019association Chemin des Cimes. L\u2019objectif\u00a0: promouvoir l\u2019inclusion et la diversit\u00e9 dans le sport.\n                            <\/p>\n<p>Du 29 au 31\u00a0ao\u00fbt, Montpellier va accueillir le Tournoi international Montpellier M\u00e9diterran\u00e9e (TIMM). Un tournoi LGBTQIA +\u00a0engag\u00e9 pour l\u2019inclusion dans le sport. Organis\u00e9 par l\u2019association Chemin des Cimes, cela fait huit ans que cet \u00e9v\u00e9nement existe.<\/p>\n<p>Des sportifs de France et d\u2019Europe<\/p>\n<p>Plus de 500 sportifs LGBTQIA +\u00a0sont attendus. \u00ab\u00a0Nous en avons principalement de Paris, Lyon et Rennes. Certaines \u00e9quipes viennent de Belgique et d\u2019autres pays limitrophes \u00e0 la France\u00a0\u00bb, indique Quentin, co-organisateur de l\u2019\u00e9v\u00e9nement. Les athl\u00e8tes vont concourir dans sept\u00a0sports diff\u00e9rents\u00a0: badminton, football, squash, basket, volley, natation et course \u00e0 pied.\u00a0Les comp\u00e9titions de foot et de basket seront r\u00e9serv\u00e9es aux femmes, lesbiennes, intersexes, non binaires, trans et agenres.<\/p>\n<p>Le tournoi s\u2019ouvrira le vendredi 29\u00a0ao\u00fbt avec une soir\u00e9e d\u2019introduction \u00e0 la Maison des relations internationales. La journ\u00e9e de samedi sera consacr\u00e9e aux comp\u00e9titions multisports, suivies d\u2019une soir\u00e9e anim\u00e9e par la DJ grand-mottoise, NJ. Le dimanche 31\u00a0ao\u00fbt, l\u2019association a pr\u00e9vu un brunch ainsi qu\u2019une journ\u00e9e plage et balade dans Montpellier.<\/p>\n<p>Promouvoir l\u2019inclusion dans le sport<\/p>\n<p>Pour l\u2019association, il s\u2019agit d\u2019envoyer un message de diversit\u00e9 et d\u2019inclusion. \u00ab\u00a0\u00c0 travers le sport, on est tous \u00e9gaux. Tout le monde est le\u00a0bienvenu\u00a0\u00bb, d\u00e9clare le co-organisateur du tournoi. Faire tomber les st\u00e9r\u00e9otypes et pr\u00e9jug\u00e9s sur les personnes LGBTQIA +, tel est l\u2019objectif\u00a0de cet \u00e9v\u00e9nement. \u00ab\u00a0En organisant le TIMM 2025, nous voulons cr\u00e9er un espace o\u00f9 le sport est \u00e0 la fois un terrain d\u2019expression, de fiert\u00e9 et de partage. Un tournoi o\u00f9 chacun\u00a0a sa place, quel que soit son genre, son orientation sexuelle, son niveau ou son histoire\u00a0\u00bb, se r\u00e9jouissent Hajer Ben Henia Lucas et Jean-Pierre Martin, co-pr\u00e9sidents de Chemin des Cimes. Plus de 750 membres composent l\u2019association.<\/p>\n<p><a href=\"https:\/\/timm-montpellier.fr\/\" target=\"_blank\" rel=\"nofollow noopener\">Retrouvez l\u2019ensemble des lieux de comp\u00e9tition sur le site internet du TIMM<\/a>.<\/p>\n","protected":false},"excerpt":{"rendered":"Un tournoi 100\u00a0% LGBT sera organis\u00e9 du 29 au 31\u00a0ao\u00fbt \u00e0 Montpellier, par l\u2019association Chemin des Cimes. L\u2019objectif\u00a0:&hellip;\n","protected":false},"author":2,"featured_media":348168,"comment_status":"","ping_status":"","sticky":false,"template":"","format":"standard","meta":{"footnotes":""},"categories":[9599],"tags":[1111,11,1777,674,1011,27,2208,12,2680,25],"class_list":{"0":"post-348167","1":"post","2":"type-post","3":"status-publish","4":"format-standard","5":"has-post-thumbnail","7":"category-montpellier","8":"tag-actu","9":"tag-actualites","10":"tag-eu","11":"tag-europe","12":"tag-fr","13":"tag-france","14":"tag-montpellier","15":"tag-news","16":"tag-occitanie","17":"tag-republique-francaise"},"share_on_mastodon":{"url":"https:\/\/pubeurope.com\/@fr\/115102073871984178","error":""},"_links":{"self":[{"href":"https:\/\/www.europesays.com\/fr\/wp-json\/wp\/v2\/posts\/348167","targetHints":{"allow":["GET"]}}],"collection":[{"href":"https:\/\/www.europesays.com\/fr\/wp-json\/wp\/v2\/posts"}],"about":[{"href":"https:\/\/www.europesays.com\/fr\/wp-json\/wp\/v2\/types\/post"}],"author":[{"embeddable":true,"href":"https:\/\/www.europesays.com\/fr\/wp-json\/wp\/v2\/users\/2"}],"replies":[{"embeddable":true,"href":"https:\/\/www.europesays.com\/fr\/wp-json\/wp\/v2\/comments?post=348167"}],"version-history":[{"count":0,"href":"https:\/\/www.europesays.com\/fr\/wp-json\/wp\/v2\/posts\/348167\/revisions"}],"wp:featuredmedia":[{"embeddable":true,"href":"https:\/\/www.europesays.com\/fr\/wp-json\/wp\/v2\/media\/348168"}],"wp:attachment":[{"href":"https:\/\/www.europesays.com\/fr\/wp-json\/wp\/v2\/media?parent=348167"}],"wp:term":[{"taxonomy":"category","embeddable":true,"href":"https:\/\/www.europesays.com\/fr\/wp-json\/wp\/v2\/categories?post=348167"},{"taxonomy":"post_tag","embeddable":true,"href":"https:\/\/www.europesays.com\/fr\/wp-json\/wp\/v2\/tags?post=348167"}],"curies":[{"name":"wp","href":"https:\/\/api.w.org\/{rel}","templated":true}]}}