{"id":348177,"date":"2025-08-27T18:16:11","date_gmt":"2025-08-27T18:16:11","guid":{"rendered":"https:\/\/www.europesays.com\/fr\/348177\/"},"modified":"2025-08-27T18:16:11","modified_gmt":"2025-08-27T18:16:11","slug":"rennes-a-trouve-son-plan-b-apres-la-clim-harder","status":"publish","type":"post","link":"https:\/\/www.europesays.com\/fr\/348177\/","title":{"rendered":"Rennes a trouv\u00e9 son plan B apr\u00e8s la clim Harder"},"content":{"rendered":"<p><strong>Le Stade Rennais est toujours \u00e0 la recherche de son num\u00e9ro 9 pour cette saison. Depuis le d\u00e9part d\u2019Arnaud Kalimuendo, les Bretons ont d\u00e9cid\u00e9 de r\u00e9activer la piste Esteban Lepaul. Le SCO serait vendeur en cette fin de mercato.<\/strong><\/p>\n<p>Les clubs de Ligue 1 s\u2019agitent en cette fin de mercato estival. Les formations voulant jouer le haut du tableau se renforcent. C\u2019est le cas du Stade Rennais. La formation bretonne est toujours \u00e0 la recherche de son attaquant. Habib Beye a perdu <a href=\"https:\/\/www.foot01.com\/equipe\/rennes\/\" rel=\"nofollow noopener\" target=\"_blank\">Arnaud Kalimuendo<\/a> cet \u00e9t\u00e9. L\u2019ancien joueur du PSG est parti du c\u00f4t\u00e9 de Nottingham Forest. Initialement, les Rouge et Noir avaient trouv\u00e9 un accord avec l\u2019attaquant du Sporting Conrad Harder. Mais ces derniers temps, le Milan AC est pass\u00e9 devant le club fran\u00e7ais. Sky Italia explique que des accords verbaux ont \u00e9t\u00e9 conclus ce lundi entre le club portugais et la formation lombarde. Une autre piste a donc \u00e9t\u00e9 r\u00e9activ\u00e9e, celle d\u2019Esteban Lepaul.<\/p>\n<p>Le Stade Rennais repart sur Lepaul<\/p>\n<blockquote class=\"twitter-tweet\"><p>&#13;<\/p>\n<p lang=\"fr\" dir=\"ltr\">\ud83d\udea8<a href=\"https:\/\/twitter.com\/hashtag\/mercatoSRFC?src=hash&amp;ref_src=twsrc%5Etfw\" rel=\"nofollow noopener\" target=\"_blank\">#mercatoSRFC<\/a> \ud83d\udd34\u26ab\ufe0f<\/p>\n<p>\u2757\ufe0fRennes, sous l&rsquo;impulsion de Habib Beye qui appr\u00e9cie beaucoup le joueur, pousse pour recruter Lucas Stassin (\ud83d\udc4f<a href=\"https:\/\/twitter.com\/sachatavolieri?ref_src=twsrc%5Etfw\" rel=\"nofollow noopener\" target=\"_blank\">@sachatavolieri<\/a>)<\/p>\n<p>\u274cSaint Etienne va tout faire pour conserver son attaquant \ud83c\udde7\ud83c\uddea<\/p>\n<p>\u2705la piste Esteban Lepaul est toujours pr\u00e9sente, journ\u00e9e d\u00e9cisive\u2026 <a href=\"https:\/\/t.co\/1kEGuGyMRN\" rel=\"nofollow\">pic.twitter.com\/1kEGuGyMRN<\/a><\/p>\n<p>&#13;<br \/>\n\u2014 S\u00e9bastien Denis (@sebnonda) <a href=\"https:\/\/twitter.com\/sebnonda\/status\/1960081450524655647?ref_src=twsrc%5Etfw\" rel=\"nofollow noopener\" target=\"_blank\">August 25, 2025<\/a><\/p><\/blockquote>\n<p>Ouest France d\u00e9voile dans son \u00e9dition du mercredi que le SCO d\u2019Angers a baiss\u00e9 ses exigences concernant son attaquant. Le club sco\u00efste est \u00e0 la recherche de liquidit\u00e9s sur cette fin de mercato estival. Le but, \u00e9quilibrer les budgets pour cette saison 2025\/2026. Ouest France pr\u00e9cise que le Stade Rennais va donc revenir \u00e0 la charge concernant l\u2019ancien joueur d\u2019\u00c9pinal. Initialement Angers en demande 25 millions pour laisser filer son num\u00e9ro 9. D\u00e9sormais, Lepaul pourrait quitter son club actuel pour une quinzaine de millions d\u2019euros. N\u00e9anmoins, le SCO r\u00eave de pouvoir conserver son attaquant. Alexandre Dujeux s\u2019est exprim\u00e9 avant le match contre le PSG la semaine pass\u00e9e. L\u2019entraineur fran\u00e7ais veut conserver son attaquant : \u00ab J&rsquo;ai envie de le garder. C\u2019est un mec fondamental pour nous, un joueur tr\u00e8s important. Mais aujourd\u2019hui, je ne serais pas dans mon r\u00f4le si je disais qu\u2019il ne faut pas le vendre,\u00a0\u00bb affirme-t-il. Le quotidien r\u00e9gional pr\u00e9cise que \u00ab\u00a0l\u2019option Lepaul serait une option susceptible d\u2019aboutir d\u2019ici la fin du mercato, fix\u00e9e \u00e0 lundi 1er septembre 20 h. Le lendemain du match\u2026 Angers &#8211; Rennes.\u00a0\u00bb Une rencontre qui sera donc scrut\u00e9e ce week-end, peut \u00eatre la derni\u00e8re d\u2019Esteban Lepaul sous le maillot angevin.<\/p>\n<p>          <script async src=\"https:\/\/platform.twitter.com\/widgets.js\" charset=\"utf-8\"><\/script><\/p>\n","protected":false},"excerpt":{"rendered":"Le Stade Rennais est toujours \u00e0 la recherche de son num\u00e9ro 9 pour cette saison. Depuis le d\u00e9part&hellip;\n","protected":false},"author":2,"featured_media":348178,"comment_status":"","ping_status":"","sticky":false,"template":"","format":"standard","meta":{"footnotes":""},"categories":[2821],"tags":[1111,11,829,1777,674,1011,27,12,584,25],"class_list":{"0":"post-348177","1":"post","2":"type-post","3":"status-publish","4":"format-standard","5":"has-post-thumbnail","7":"category-rennes","8":"tag-actu","9":"tag-actualites","10":"tag-bretagne","11":"tag-eu","12":"tag-europe","13":"tag-fr","14":"tag-france","15":"tag-news","16":"tag-rennes","17":"tag-republique-francaise"},"share_on_mastodon":{"url":"https:\/\/pubeurope.com\/@fr\/115102101206890999","error":""},"_links":{"self":[{"href":"https:\/\/www.europesays.com\/fr\/wp-json\/wp\/v2\/posts\/348177","targetHints":{"allow":["GET"]}}],"collection":[{"href":"https:\/\/www.europesays.com\/fr\/wp-json\/wp\/v2\/posts"}],"about":[{"href":"https:\/\/www.europesays.com\/fr\/wp-json\/wp\/v2\/types\/post"}],"author":[{"embeddable":true,"href":"https:\/\/www.europesays.com\/fr\/wp-json\/wp\/v2\/users\/2"}],"replies":[{"embeddable":true,"href":"https:\/\/www.europesays.com\/fr\/wp-json\/wp\/v2\/comments?post=348177"}],"version-history":[{"count":0,"href":"https:\/\/www.europesays.com\/fr\/wp-json\/wp\/v2\/posts\/348177\/revisions"}],"wp:featuredmedia":[{"embeddable":true,"href":"https:\/\/www.europesays.com\/fr\/wp-json\/wp\/v2\/media\/348178"}],"wp:attachment":[{"href":"https:\/\/www.europesays.com\/fr\/wp-json\/wp\/v2\/media?parent=348177"}],"wp:term":[{"taxonomy":"category","embeddable":true,"href":"https:\/\/www.europesays.com\/fr\/wp-json\/wp\/v2\/categories?post=348177"},{"taxonomy":"post_tag","embeddable":true,"href":"https:\/\/www.europesays.com\/fr\/wp-json\/wp\/v2\/tags?post=348177"}],"curies":[{"name":"wp","href":"https:\/\/api.w.org\/{rel}","templated":true}]}}