{"id":348179,"date":"2025-08-27T18:17:11","date_gmt":"2025-08-27T18:17:11","guid":{"rendered":"https:\/\/www.europesays.com\/fr\/348179\/"},"modified":"2025-08-27T18:17:11","modified_gmt":"2025-08-27T18:17:11","slug":"alsace-les-centres-dart-contemporain-de-strasbourg-mulhouse-et-altkirch-exposent-des-oeuvres-inspirees-par-lill","status":"publish","type":"post","link":"https:\/\/www.europesays.com\/fr\/348179\/","title":{"rendered":"Alsace. Les centres d\u2019art contemporain de Strasbourg, Mulhouse et Altkirch exposent des \u0153uvres\u00a0inspir\u00e9es par l\u2019Ill"},"content":{"rendered":"<p>L\u2019Alsace compte trois centres d\u2019art contemporain, tous labellis\u00e9s \u00ab\u00a0d\u2019int\u00e9r\u00eat national\u00a0\u00bb. Le CRAC \u00e0 Altkirch, lanc\u00e9 en 1992, dans un ancien lyc\u00e9e wilhelmien, et le CEAAC, \u00e0 Strasbourg, dans un ancien magasin de porcelaines Art nouveau depuis 1995, sont des associations. La Kunsthalle, voisine depuis 2009 de l\u2019universit\u00e9 sur le site d\u2019une ancienne fonderie, est un service de la ville de Mulhouse. Les trois structures\u00a0accueillent des artistes en r\u00e9sidence, montent des expositions dont ils assurent le commissariat, et font par ailleurs un important travail de m\u00e9diation, \u00e0 destination notamment du jeune public.<\/p>\n<p>Un dispositif assorti d\u2019un soutien financier<\/p>\n<p>Soutenus par les collectivit\u00e9s, ces centres ne sont pas \u00e9pargn\u00e9s par les baisses de subvention qui fragilisent le monde de la culture &#8211; m\u00eame si c\u2019est moins le cas pour la Kunsthalle, en r\u00e9gie directe. Ainsi, les baisses de subventions de la CEA&#8230;<\/p>\n","protected":false},"excerpt":{"rendered":"L\u2019Alsace compte trois centres d\u2019art contemporain, tous labellis\u00e9s \u00ab\u00a0d\u2019int\u00e9r\u00eat national\u00a0\u00bb. Le CRAC \u00e0 Altkirch, lanc\u00e9 en 1992, dans&hellip;\n","protected":false},"author":2,"featured_media":348180,"comment_status":"","ping_status":"","sticky":false,"template":"","format":"standard","meta":{"footnotes":""},"categories":[2820],"tags":[1111,11,2389,1687,1777,674,2271,107,1011,27,775,12,25,640],"class_list":{"0":"post-348179","1":"post","2":"type-post","3":"status-publish","4":"format-standard","5":"has-post-thumbnail","7":"category-strasbourg","8":"tag-actu","9":"tag-actualites","10":"tag-alsace","11":"tag-culture-loisirs","12":"tag-eu","13":"tag-europe","14":"tag-exposition-arts-plastiques","15":"tag-fil-info","16":"tag-fr","17":"tag-france","18":"tag-grand-est","19":"tag-news","20":"tag-republique-francaise","21":"tag-strasbourg"},"share_on_mastodon":{"url":"https:\/\/pubeurope.com\/@fr\/115102105127163399","error":""},"_links":{"self":[{"href":"https:\/\/www.europesays.com\/fr\/wp-json\/wp\/v2\/posts\/348179","targetHints":{"allow":["GET"]}}],"collection":[{"href":"https:\/\/www.europesays.com\/fr\/wp-json\/wp\/v2\/posts"}],"about":[{"href":"https:\/\/www.europesays.com\/fr\/wp-json\/wp\/v2\/types\/post"}],"author":[{"embeddable":true,"href":"https:\/\/www.europesays.com\/fr\/wp-json\/wp\/v2\/users\/2"}],"replies":[{"embeddable":true,"href":"https:\/\/www.europesays.com\/fr\/wp-json\/wp\/v2\/comments?post=348179"}],"version-history":[{"count":0,"href":"https:\/\/www.europesays.com\/fr\/wp-json\/wp\/v2\/posts\/348179\/revisions"}],"wp:featuredmedia":[{"embeddable":true,"href":"https:\/\/www.europesays.com\/fr\/wp-json\/wp\/v2\/media\/348180"}],"wp:attachment":[{"href":"https:\/\/www.europesays.com\/fr\/wp-json\/wp\/v2\/media?parent=348179"}],"wp:term":[{"taxonomy":"category","embeddable":true,"href":"https:\/\/www.europesays.com\/fr\/wp-json\/wp\/v2\/categories?post=348179"},{"taxonomy":"post_tag","embeddable":true,"href":"https:\/\/www.europesays.com\/fr\/wp-json\/wp\/v2\/tags?post=348179"}],"curies":[{"name":"wp","href":"https:\/\/api.w.org\/{rel}","templated":true}]}}