{"id":348195,"date":"2025-08-27T18:25:10","date_gmt":"2025-08-27T18:25:10","guid":{"rendered":"https:\/\/www.europesays.com\/fr\/348195\/"},"modified":"2025-08-27T18:25:10","modified_gmt":"2025-08-27T18:25:10","slug":"comment-sy-rendre-facilement-en-transports-en-commun","status":"publish","type":"post","link":"https:\/\/www.europesays.com\/fr\/348195\/","title":{"rendered":"comment s\u2019y rendre facilement en transports en commun\u00a0?"},"content":{"rendered":"<p>            Par<br \/>\n        <strong><br \/>\n            <a href=\"https:\/\/actu.fr\/auteur\/lea-afonso\" title=\"Consulter tous les articles de L\u00e9a Afonso\" target=\"_blank\" rel=\"noopener\">L\u00e9a Afonso<\/a><br \/>\n        <\/strong><\/p>\n<p>        Publi\u00e9 le<\/p>\n<p>            27 ao\u00fbt 2025 \u00e0 20h02        <\/p>\n<p>Se d\u00e9placer en transports en commun pour assister au <strong>Rose Festival<\/strong>\u2009? C\u2019est non seulement possible, mais recommand\u00e9. \u00c0 l\u2019occasion de l\u2019\u00e9v\u00e9nement musical cr\u00e9\u00e9 par<a href=\"https:\/\/actu.fr\/tag\/bigflo-et-oli\" target=\"_blank\" rel=\"noopener\"> Bigflo et Oli<\/a> \u00e0 <a href=\"https:\/\/actu.fr\/toulouse\/\" target=\"_blank\" rel=\"noopener\">Toulouse<\/a>, Tiss\u00e9o adapte son offre les <strong>29, 30 et 31\u00a0ao\u00fbt<\/strong> 2025 afin de faciliter l\u2019acc\u00e8s au site pour des milliers de festivaliers.<\/p>\n<p>Le tramway, moyen privil\u00e9gi\u00e9<\/p>\n<p class=\" wall-content\">Le Rose Festival, devenu l\u2019un des rendez-vous phares de la sc\u00e8ne musicale \u00e0 Toulouse, se tiendra comme chaque ann\u00e9e au <strong>MEETT<\/strong>, au<strong> terminus de la ligne de tram T1<\/strong>. Pour l\u2019occasion, Tiss\u00e9o renforce son service\u2009:<\/p>\n<ul class=\" wall-content\">\n<li>Une fr\u00e9quence de <strong>passage<\/strong> toutes les <strong>6\u00a0minutes<\/strong><\/li>\n<li>Derniers d\u00e9parts depuis le MEETT\u2009: 2h30 les vendredi et samedi, 1h30 le dimanche, en direction des Ar\u00e8nes.<\/li>\n<\/ul>\n<p>Des navettes sp\u00e9ciales pour l\u2019\u00e9v\u00e9nement<\/p>\n<p class=\" wall-content\">En compl\u00e9ment du tram, des <strong>navettes<\/strong> d\u00e9di\u00e9es seront affr\u00e9t\u00e9es pour assurer la liaison <strong>entre la station Ar\u00e8nes<\/strong> (correspondance avec le m\u00e9tro A) et le <strong>MEETT<\/strong>\u2009:<\/p>\n<ul class=\" wall-content\">\n<li>au d\u00e9part de la station Ar\u00e8nes vers MEETT\u2009: de 12h30 \u00e0 18h20 (vendredi et samedi)\u2009; de 11h30 \u00e0 17h20 (dimanche)<\/li>\n<li>au d\u00e9part de MEETT vers la station Ar\u00e8nes\u2009: de 22h30 \u00e0 2h30 (vendredi et samedi)\u2009; de 21h30 \u00e0 01h30 (dimanche)<\/li>\n<\/ul>\n<p>Vid\u00e9os : en ce moment sur Actu<\/p>\n<p class=\" wall-content\">Ces navettes permettront une correspondance rapide avec le m\u00e9tro pour rentrer en ville ou poursuivre son trajet.<\/p>\n<p>Les parcs relais, une solution pratique pour les automobilistes<\/p>\n<p class=\" wall-content\">Pour celles et ceux qui pr\u00e9f\u00e8rent venir en <strong>voiture<\/strong> avant de basculer sur les transports en commun, Tiss\u00e9o rappelle que ses <strong>parcs relais<\/strong> restent une alternative efficace\u2009:<\/p>\n<p>Votre r\u00e9gion, votre actu !<\/p>\n<p>Recevez chaque jour les infos qui comptent pour vous.<\/p>\n<p>\t<a href=\"https:\/\/actu.fr\/newsletter\" class=\"ac-btn ac-btn--corner ac-btn--medium ac-btn--blue800\" target=\"_blank\" rel=\"noopener\">S&rsquo;incrire<\/a><\/p>\n<ul class=\" wall-content\">\n<li>Le Parc relais Ar\u00e8nes +\u00a0Tram T1 ou navettes bus d\u00e9di\u00e9es \u00ab\u2009Rose Festival\u2009\u00bb jusqu\u2019\u00e0 MEETT<\/li>\n<li>Le Parc relais Basso Cambo (M\u00e9tro A) jusqu\u2019\u00e0 Ar\u00e8nes +\u00a0Tram T1 ou navettes bus d\u00e9di\u00e9es \u00ab\u2009Rose Festival\u2009\u00bb jusqu\u2019\u00e0 MEETT<\/li>\n<li>Les Parcs relais de Borderouge et de Ramonville seront \u00e9galement disponibles sur la ligne B du m\u00e9tro.<\/li>\n<\/ul>\n<p class=\" wall-content\">Personnalisez votre actualit\u00e9 en ajoutant vos villes et m\u00e9dias en favori avec <a href=\"https:\/\/moncompte.actu.fr\" title=\"D\u00e9couvez Mon Actu\" rel=\"nofollow noopener\" data-trk=\"{&quot;cta&quot;:{&quot;action&quot;:&quot;https:\\\/\\\/moncompte.actu.fr&quot;,&quot;category&quot;:&quot;mon compte&quot;,&quot;from&quot;:&quot;article footer&quot;,&quot;name&quot;:&quot;Mon actu&quot;,&quot;type&quot;:&quot;cta&quot;}}\" target=\"_blank\">Mon Actu<\/a>.<\/p>\n","protected":false},"excerpt":{"rendered":"Par L\u00e9a Afonso Publi\u00e9 le 27 ao\u00fbt 2025 \u00e0 20h02 Se d\u00e9placer en transports en commun pour assister&hellip;\n","protected":false},"author":2,"featured_media":348196,"comment_status":"","ping_status":"","sticky":false,"template":"","format":"standard","meta":{"footnotes":""},"categories":[2816],"tags":[1111,11,7642,1777,674,1011,27,12,2680,25,104,5400,2312,2803],"class_list":{"0":"post-348195","1":"post","2":"type-post","3":"status-publish","4":"format-standard","5":"has-post-thumbnail","7":"category-toulouse","8":"tag-actu","9":"tag-actualites","10":"tag-bigflo-et-oli","11":"tag-eu","12":"tag-europe","13":"tag-fr","14":"tag-france","15":"tag-news","16":"tag-occitanie","17":"tag-republique-francaise","18":"tag-societe","19":"tag-tisseo","20":"tag-toulouse","21":"tag-transport"},"share_on_mastodon":{"url":"https:\/\/pubeurope.com\/@fr\/115102136926293684","error":""},"_links":{"self":[{"href":"https:\/\/www.europesays.com\/fr\/wp-json\/wp\/v2\/posts\/348195","targetHints":{"allow":["GET"]}}],"collection":[{"href":"https:\/\/www.europesays.com\/fr\/wp-json\/wp\/v2\/posts"}],"about":[{"href":"https:\/\/www.europesays.com\/fr\/wp-json\/wp\/v2\/types\/post"}],"author":[{"embeddable":true,"href":"https:\/\/www.europesays.com\/fr\/wp-json\/wp\/v2\/users\/2"}],"replies":[{"embeddable":true,"href":"https:\/\/www.europesays.com\/fr\/wp-json\/wp\/v2\/comments?post=348195"}],"version-history":[{"count":0,"href":"https:\/\/www.europesays.com\/fr\/wp-json\/wp\/v2\/posts\/348195\/revisions"}],"wp:featuredmedia":[{"embeddable":true,"href":"https:\/\/www.europesays.com\/fr\/wp-json\/wp\/v2\/media\/348196"}],"wp:attachment":[{"href":"https:\/\/www.europesays.com\/fr\/wp-json\/wp\/v2\/media?parent=348195"}],"wp:term":[{"taxonomy":"category","embeddable":true,"href":"https:\/\/www.europesays.com\/fr\/wp-json\/wp\/v2\/categories?post=348195"},{"taxonomy":"post_tag","embeddable":true,"href":"https:\/\/www.europesays.com\/fr\/wp-json\/wp\/v2\/tags?post=348195"}],"curies":[{"name":"wp","href":"https:\/\/api.w.org\/{rel}","templated":true}]}}