{"id":348198,"date":"2025-08-27T18:27:09","date_gmt":"2025-08-27T18:27:09","guid":{"rendered":"https:\/\/www.europesays.com\/fr\/348198\/"},"modified":"2025-08-27T18:27:09","modified_gmt":"2025-08-27T18:27:09","slug":"une-superbe-fete-medievale-gratuite-organisee-a-moins-de-30-minutes-de-lille-ce-week-end","status":"publish","type":"post","link":"https:\/\/www.europesays.com\/fr\/348198\/","title":{"rendered":"Une superbe f\u00eate m\u00e9di\u00e9vale gratuite organis\u00e9e \u00e0 moins de 30 minutes de Lille ce week-end\u00a0!"},"content":{"rendered":"<p>            Par<br \/>\n        <strong><br \/>\n            <a href=\"https:\/\/actu.fr\/auteur\/nicolas-demollien\" title=\"Consulter tous les articles de Nicolas Demollien\" rel=\"nofollow noopener\" target=\"_blank\">Nicolas Demollien<\/a><br \/>\n        <\/strong><\/p>\n<p>        Publi\u00e9 le<\/p>\n<p>            27 ao\u00fbt 2025 \u00e0 19h00        <\/p>\n<p>Vous allez en prendre plein les yeux, et en plus l\u2019entr\u00e9e est gratuite\u2009! Ces samedi\u00a030 et dimanche 31\u00a0ao\u00fbt 2025, une <b>grande f\u00eate m\u00e9di\u00e9vale<\/b> est organis\u00e9e \u00e0 <a href=\"https:\/\/actu.fr\/hauts-de-france\/bousbecque_59098\" rel=\"nofollow noopener\" target=\"_blank\">Bousbecque<\/a>, une <b>petite ville situ\u00e9e \u00e0 moins de 30\u00a0minutes<\/b> de <a href=\"https:\/\/actu.fr\/hauts-de-france\/lille_59350\" rel=\"nofollow noopener\" target=\"_blank\">Lille<\/a> (Nord). D\u00e9couvrez ce qui vous attend sur place.<\/p>\n<p>Une grande f\u00eate m\u00e9di\u00e9vale gratuite \u00e0 moins de 30\u00a0minutes de Lille<\/p>\n<p class=\" wall-content\">Cet \u00e9v\u00e9nement, c\u2019est la <b>f\u00eate historique Ogier de Bousbecque<\/b>. Elle se d\u00e9roulera de 10h \u00e0 18h durant les deux jours, du c\u00f4t\u00e9 du complexe sportif L\u00e9on Dalle (20 bis rue de Linselles).<\/p>\n<p class=\" wall-content\">Vous y trouverez un v\u00e9ritable village m\u00e9di\u00e9val et des animations \u00e0 la pelle. Au menu, tout ce qui fait le charme de ces \u00e9v\u00e9nements et bien plus encore\u2009:<\/p>\n<ul class=\" wall-content\">\n<li>Des campements historiques accompagn\u00e9s de d\u00e9monstrations de combats spectaculaires<\/li>\n<li>Un village d\u2019artisans et de cr\u00e9ateurs avec objets et produits tr\u00e8s originaux<\/li>\n<li>Banquet m\u00e9di\u00e9val (sur r\u00e9servation)<\/li>\n<li>Un superbe spectacle de feu<\/li>\n<li>Un bal folk<\/li>\n<li>Des jeux, animations, costumes et bien d\u2019autres surprises.<\/li>\n<\/ul>\n<p class=\" wall-content\">Vous l\u2019aurez compris, un tr\u00e8s bon moment en perspective\u2009!<\/p>\n<p class=\" wall-content\">Notons enfin qu\u2019un banquet m\u00e9di\u00e9val est \u00e9galement propos\u00e9 le samedi soir, mais sur r\u00e9servation.<\/p>\n<p>    <a href=\"https:\/\/www.facebook.com\/plugins\/post.php?href=https%3A%2F%2Fwww.facebook.com%2Fpermalink.php%3Fstory_fbid%3Dpfbid02iV5iPVGiauU8MWzLBETucQoa8JmtgUHsrbJxaLJudmSeWLyBytYBnuGvHPJTqiikl%26id%3D100093189146611&amp;show_text=true&amp;width=350\" title=\"Ouvrie le lien\" rel=\"nofollow noopener\" target=\"_blank\">Cliquez ici pour visualiser le contenu<\/a><\/p>\n<p>Votre r\u00e9gion, votre actu !<\/p>\n<p>Recevez chaque jour les infos qui comptent pour vous.<\/p>\n<p>\t<a href=\"https:\/\/actu.fr\/newsletter\" class=\"ac-btn ac-btn--corner ac-btn--medium ac-btn--blue800\" rel=\"nofollow noopener\" target=\"_blank\">S&rsquo;incrire<\/a><\/p>\n<p class=\" wall-content\">Plus d\u2019infos sur le site <a href=\"https:\/\/www.bousbecque.fr\/event\/save-the-date-fete-historique\/\" rel=\"nofollow noopener\" target=\"_blank\">bousbecque.fr<\/a><\/p>\n<p class=\" wall-content\">Personnalisez votre actualit\u00e9 en ajoutant vos villes et m\u00e9dias en favori avec <a href=\"https:\/\/moncompte.actu.fr\" title=\"D\u00e9couvez Mon Actu\" rel=\"nofollow noopener\" data-trk=\"{&quot;cta&quot;:{&quot;action&quot;:&quot;https:\\\/\\\/moncompte.actu.fr&quot;,&quot;category&quot;:&quot;mon compte&quot;,&quot;from&quot;:&quot;article footer&quot;,&quot;name&quot;:&quot;Mon actu&quot;,&quot;type&quot;:&quot;cta&quot;}}\" target=\"_blank\">Mon Actu<\/a>.<\/p>\n","protected":false},"excerpt":{"rendered":"Par Nicolas Demollien Publi\u00e9 le 27 ao\u00fbt 2025 \u00e0 19h00 Vous allez en prendre plein les yeux, et&hellip;\n","protected":false},"author":2,"featured_media":348199,"comment_status":"","ping_status":"","sticky":false,"template":"","format":"standard","meta":{"footnotes":""},"categories":[2815],"tags":[1111,11,1777,674,1011,27,811,1307,1652,12,25],"class_list":{"0":"post-348198","1":"post","2":"type-post","3":"status-publish","4":"format-standard","5":"has-post-thumbnail","7":"category-lille","8":"tag-actu","9":"tag-actualites","10":"tag-eu","11":"tag-europe","12":"tag-fr","13":"tag-france","14":"tag-hauts-de-france","15":"tag-lille","16":"tag-loisirs-culture","17":"tag-news","18":"tag-republique-francaise"},"share_on_mastodon":{"url":"https:\/\/pubeurope.com\/@fr\/115102144570779455","error":""},"_links":{"self":[{"href":"https:\/\/www.europesays.com\/fr\/wp-json\/wp\/v2\/posts\/348198","targetHints":{"allow":["GET"]}}],"collection":[{"href":"https:\/\/www.europesays.com\/fr\/wp-json\/wp\/v2\/posts"}],"about":[{"href":"https:\/\/www.europesays.com\/fr\/wp-json\/wp\/v2\/types\/post"}],"author":[{"embeddable":true,"href":"https:\/\/www.europesays.com\/fr\/wp-json\/wp\/v2\/users\/2"}],"replies":[{"embeddable":true,"href":"https:\/\/www.europesays.com\/fr\/wp-json\/wp\/v2\/comments?post=348198"}],"version-history":[{"count":0,"href":"https:\/\/www.europesays.com\/fr\/wp-json\/wp\/v2\/posts\/348198\/revisions"}],"wp:featuredmedia":[{"embeddable":true,"href":"https:\/\/www.europesays.com\/fr\/wp-json\/wp\/v2\/media\/348199"}],"wp:attachment":[{"href":"https:\/\/www.europesays.com\/fr\/wp-json\/wp\/v2\/media?parent=348198"}],"wp:term":[{"taxonomy":"category","embeddable":true,"href":"https:\/\/www.europesays.com\/fr\/wp-json\/wp\/v2\/categories?post=348198"},{"taxonomy":"post_tag","embeddable":true,"href":"https:\/\/www.europesays.com\/fr\/wp-json\/wp\/v2\/tags?post=348198"}],"curies":[{"name":"wp","href":"https:\/\/api.w.org\/{rel}","templated":true}]}}