{"id":348200,"date":"2025-08-27T18:28:10","date_gmt":"2025-08-27T18:28:10","guid":{"rendered":"https:\/\/www.europesays.com\/fr\/348200\/"},"modified":"2025-08-27T18:28:10","modified_gmt":"2025-08-27T18:28:10","slug":"lille-donne-des-nouvelles-de-mukau","status":"publish","type":"post","link":"https:\/\/www.europesays.com\/fr\/348200\/","title":{"rendered":"Lille donne des nouvelles de Mukau"},"content":{"rendered":"<p>              <img decoding=\"async\" src=\"https:\/\/www.europesays.com\/fr\/wp-content\/uploads\/2025\/08\/lille-donne-des-nouvelles-de-mukau-iconsport_259399_0061-397922.jpg\" alt=\"Lille donne des nouvelles de Mukau\"\/> <\/p>\n<p class=\"credit\">Icon Sport<\/p>\n<p class=\"the_post_info\">\n            Publi\u00e9 Mercredi 27 Ao\u00fbt 2025 \u00e0 19:33  Dans\u00a0: <a href=\"https:\/\/www.foot01.com\/equipe\/lille\/\" rel=\"nofollow noopener\" target=\"_blank\">LOSC<\/a>.<br \/>Par <a href=\"https:\/\/www.foot01.com\/author\/20\/\" rel=\"nofollow noopener\" target=\"_blank\">Corentin Facy<\/a>\n          <\/p>\n<p class=\"p1\"><strong>Dans un communiqu\u00e9 publi\u00e9 ce mercredi soir, le LOSC a donn\u00e9 des nouvelles de son milieu de terrain Ngal\u2019ayel Mukau, sorti sur civi\u00e8re lors du match contre Monaco dimanche soir (1-0).<\/strong><\/p>\n<p class=\"p1\">\u00ab\u00a0Sorti sur civi\u00e8re lors de LOSC-AS Monaco suite \u00e0 un contact non sanctionn\u00e9 avec un joueur mon\u00e9gasque, Ngal\u2019ayel Mukau souffre d\u2019une contusion osseuse au pied droit, ainsi que d\u2019une entorse \u00e0 la cheville droite. Le milieu de terrain lillois est d&rsquo;ores et d\u00e9j\u00e0 forfait pour le prochain match du LOSC \u00e0 Lorient, ce samedi 30 ao\u00fbt (17h). La dur\u00e9e de son indisponibilit\u00e9 et son retour \u00e0 la comp\u00e9tition seront \u00e9tablis selon l\u2019\u00e9volution de ses blessures\u00a0\u00bb \u00e9crit le club nordiste dans son communiqu\u00e9 m\u00e9dical.<\/p>\n<p>\u00a0<\/p>\n","protected":false},"excerpt":{"rendered":"Icon Sport Publi\u00e9 Mercredi 27 Ao\u00fbt 2025 \u00e0 19:33 Dans\u00a0: LOSC.Par Corentin Facy Dans un communiqu\u00e9 publi\u00e9 ce&hellip;\n","protected":false},"author":2,"featured_media":348201,"comment_status":"","ping_status":"","sticky":false,"template":"","format":"standard","meta":{"footnotes":""},"categories":[2815],"tags":[1111,11,1777,674,1011,27,811,1307,12,25],"class_list":{"0":"post-348200","1":"post","2":"type-post","3":"status-publish","4":"format-standard","5":"has-post-thumbnail","7":"category-lille","8":"tag-actu","9":"tag-actualites","10":"tag-eu","11":"tag-europe","12":"tag-fr","13":"tag-france","14":"tag-hauts-de-france","15":"tag-lille","16":"tag-news","17":"tag-republique-francaise"},"share_on_mastodon":{"url":"https:\/\/pubeurope.com\/@fr\/115102148739920598","error":""},"_links":{"self":[{"href":"https:\/\/www.europesays.com\/fr\/wp-json\/wp\/v2\/posts\/348200","targetHints":{"allow":["GET"]}}],"collection":[{"href":"https:\/\/www.europesays.com\/fr\/wp-json\/wp\/v2\/posts"}],"about":[{"href":"https:\/\/www.europesays.com\/fr\/wp-json\/wp\/v2\/types\/post"}],"author":[{"embeddable":true,"href":"https:\/\/www.europesays.com\/fr\/wp-json\/wp\/v2\/users\/2"}],"replies":[{"embeddable":true,"href":"https:\/\/www.europesays.com\/fr\/wp-json\/wp\/v2\/comments?post=348200"}],"version-history":[{"count":0,"href":"https:\/\/www.europesays.com\/fr\/wp-json\/wp\/v2\/posts\/348200\/revisions"}],"wp:featuredmedia":[{"embeddable":true,"href":"https:\/\/www.europesays.com\/fr\/wp-json\/wp\/v2\/media\/348201"}],"wp:attachment":[{"href":"https:\/\/www.europesays.com\/fr\/wp-json\/wp\/v2\/media?parent=348200"}],"wp:term":[{"taxonomy":"category","embeddable":true,"href":"https:\/\/www.europesays.com\/fr\/wp-json\/wp\/v2\/categories?post=348200"},{"taxonomy":"post_tag","embeddable":true,"href":"https:\/\/www.europesays.com\/fr\/wp-json\/wp\/v2\/tags?post=348200"}],"curies":[{"name":"wp","href":"https:\/\/api.w.org\/{rel}","templated":true}]}}