{"id":348210,"date":"2025-08-27T18:33:11","date_gmt":"2025-08-27T18:33:11","guid":{"rendered":"https:\/\/www.europesays.com\/fr\/348210\/"},"modified":"2025-08-27T18:33:11","modified_gmt":"2025-08-27T18:33:11","slug":"ile-de-france-valerie-pecresse-sadresse-aux-operateurs-de-transport-pour-une-rentree-reussie","status":"publish","type":"post","link":"https:\/\/www.europesays.com\/fr\/348210\/","title":{"rendered":"\u00cele-de-France\u00a0: Val\u00e9rie P\u00e9cresse s&rsquo;adresse aux op\u00e9rateurs de transport pour une \u00ab\u00a0rentr\u00e9e r\u00e9ussie\u00a0\u00bb"},"content":{"rendered":"\n<p lang=\"fr-FR\" style=\"margin-bottom: 0cm; font-style: normal;\">La pr\u00e9sidente du conseil r\u00e9gional, \u00e9galement \u00e0 la t\u00eate d&rsquo;\u00cele-de-France Mobilit\u00e9s, a adress\u00e9 un courrier aux diff\u00e9rentes compagnies de bus. Elle y insiste sur trois priorit\u00e9s : la ponctualit\u00e9 et la qualit\u00e9 de service, une offre adapt\u00e9e d\u00e8s les premiers jours et enfin le respect strict des r\u00e8gles de s\u00e9curit\u00e9. Pour rappel, pr\u00e8s d\u2019un million d\u2019\u00e9l\u00e8ves franciliens utiliseront les transports en commun d\u00e8s septembre, dont 40.000 via des circuits scolaires sp\u00e9ciaux.<\/p>\n<p lang=\"fr-FR\" style=\"margin-bottom: 0cm; font-style: normal;\">\u00a0<\/p>\n<p lang=\"fr-FR\" style=\"margin-bottom: 0cm;\">Nicolas Chacun<\/p>\n<p>!function(f,b,e,v,n,t,s){if(f.fbq)return;n=f.fbq=function(){n.callMethod?<br \/>\nn.callMethod.apply(n,arguments):n.queue.push(arguments)};if(!f._fbq)f._fbq=n;<br \/>\nn.push=n;n.loaded=!0;n.version=&rsquo;2.0&prime;;n.queue=[];t=b.createElement(e);t.async=!0;<br \/>\nt.src=v;s=b.getElementsByTagName(e)[0];s.parentNode.insertBefore(t,s)}(window,<br \/>\ndocument,&rsquo;script&rsquo;,&rsquo;https:\/\/connect.facebook.net\/en_US\/fbevents.js&rsquo;);<br \/>\nfbq(&lsquo;init&rsquo;, &lsquo;278974969201861&rsquo;); \/\/ Insert your pixel ID here.<br \/>\nfbq(&lsquo;track&rsquo;, &lsquo;PageView&rsquo;);<\/p>\n","protected":false},"excerpt":{"rendered":"La pr\u00e9sidente du conseil r\u00e9gional, \u00e9galement \u00e0 la t\u00eate d&rsquo;\u00cele-de-France Mobilit\u00e9s, a adress\u00e9 un courrier aux diff\u00e9rentes compagnies&hellip;\n","protected":false},"author":2,"featured_media":221355,"comment_status":"","ping_status":"","sticky":false,"template":"","format":"standard","meta":{"footnotes":""},"categories":[1592],"tags":[1111,11,1933,1936,1777,1939,674,1011,27,662,1934,12,1940,626,1935,25,1937,1941,1938],"class_list":{"0":"post-348210","1":"post","2":"type-post","3":"status-publish","4":"format-standard","5":"has-post-thumbnail","7":"category-ile-de-france","8":"tag-actu","9":"tag-actualites","10":"tag-actualites-locales","11":"tag-essonne","12":"tag-eu","13":"tag-eure-et-loir","14":"tag-europe","15":"tag-fr","16":"tag-france","17":"tag-ile-de-france","18":"tag-infos-locales","19":"tag-news","20":"tag-oise","21":"tag-paris","22":"tag-pres-de-chez-vous","23":"tag-republique-francaise","24":"tag-seine-et-marne","25":"tag-somme","26":"tag-yvelines"},"share_on_mastodon":{"url":"https:\/\/pubeurope.com\/@fr\/115102168244134558","error":""},"_links":{"self":[{"href":"https:\/\/www.europesays.com\/fr\/wp-json\/wp\/v2\/posts\/348210","targetHints":{"allow":["GET"]}}],"collection":[{"href":"https:\/\/www.europesays.com\/fr\/wp-json\/wp\/v2\/posts"}],"about":[{"href":"https:\/\/www.europesays.com\/fr\/wp-json\/wp\/v2\/types\/post"}],"author":[{"embeddable":true,"href":"https:\/\/www.europesays.com\/fr\/wp-json\/wp\/v2\/users\/2"}],"replies":[{"embeddable":true,"href":"https:\/\/www.europesays.com\/fr\/wp-json\/wp\/v2\/comments?post=348210"}],"version-history":[{"count":0,"href":"https:\/\/www.europesays.com\/fr\/wp-json\/wp\/v2\/posts\/348210\/revisions"}],"wp:featuredmedia":[{"embeddable":true,"href":"https:\/\/www.europesays.com\/fr\/wp-json\/wp\/v2\/media\/221355"}],"wp:attachment":[{"href":"https:\/\/www.europesays.com\/fr\/wp-json\/wp\/v2\/media?parent=348210"}],"wp:term":[{"taxonomy":"category","embeddable":true,"href":"https:\/\/www.europesays.com\/fr\/wp-json\/wp\/v2\/categories?post=348210"},{"taxonomy":"post_tag","embeddable":true,"href":"https:\/\/www.europesays.com\/fr\/wp-json\/wp\/v2\/tags?post=348210"}],"curies":[{"name":"wp","href":"https:\/\/api.w.org\/{rel}","templated":true}]}}