{"id":348211,"date":"2025-08-27T18:34:11","date_gmt":"2025-08-27T18:34:11","guid":{"rendered":"https:\/\/www.europesays.com\/fr\/348211\/"},"modified":"2025-08-27T18:34:11","modified_gmt":"2025-08-27T18:34:11","slug":"poules-abeilles-jardin-luxuriant-sa-belle-demeure-en-ile-de-france-ou-regnent-le-calme-et-la-nature","status":"publish","type":"post","link":"https:\/\/www.europesays.com\/fr\/348211\/","title":{"rendered":"poules, abeilles, jardin luxuriant&#8230; Sa belle demeure en \u00cele-de-France o\u00f9 r\u00e8gnent le calme et la nature"},"content":{"rendered":"<p>                                    <img decoding=\"async\" src=\"https:\/\/www.europesays.com\/fr\/wp-content\/uploads\/2025\/08\/c37dfc32fed5e494871bde6eabb333cef94002e1a12165e417ef082cb0cb0d2a.jpg\" alt=\"GALA - CQFC Tourisme\" class=\"a11y-hidden\" fetchpriority=\"high\"\/><\/p>\n<p class=\"fig-standfirst\">Ce mercredi 27 ao\u00fbt, TMC diffuse le film L\u2019\u00e9l\u00e8ve Ducobu, avec \u00c9lie Semoun. L\u2019occasion pour Gala.fr de revenir sur sa belle demeure, o\u00f9 r\u00e8gnent le calme et la nature.<\/p>\n<p class=\"fig-paragraph\">\u00c9lie Semoun est\u00a0<a href=\"https:\/\/www.gala.fr\/l_actu\/news_de_stars\/interview-elie-semoun-la-difference-de-mon-fils-c-est-sa-richesse_546333\" target=\"_blank\" data-fig-type=\"Article\" rel=\"sponsored noopener\" data-gtm-custom-categorie=\"navigation\" data-gtm-custom-action=\"crossclick\" data-gtm-custom-label=\"Contextuel\" data-gtm-event=\"customEventSPE\" data-fig-domain=\"GALA\">un visage embl\u00e9matique du paysage audiovisuel<\/a>\u00a0fran\u00e7ais. Entre ses sketchs cultes, ses r\u00f4les au cin\u00e9ma, son parcours au th\u00e9\u00e2tre, ses apparitions \u00e0 la t\u00e9l\u00e9vision&#8230; L\u2019acteur de 61 ans a marqu\u00e9 de nombreuses g\u00e9n\u00e9rations. Ce mercredi 27 ao\u00fbt, TMC diffuse le film L\u2019\u00e9l\u00e8ve Ducobu, \u00e0 21 h 25. L\u2019occasion pour Gala.fr de revenir sur sa belle demeure, o\u00f9 r\u00e8gnent le calme et la nature, loin de l\u2019agitation parisienne, o\u00f9 il est parfois amen\u00e9 \u00e0 travailler. En 2016, l\u2019humoriste ouvrait pour la premi\u00e8re fois les portes de sa maison, situ\u00e9e\u00a0<a href=\"https:\/\/www.gala.fr\/l_actu\/news_de_stars\/edouard-philippe-pourquoi-il-a-failli-laisser-lile-de-france-confinee_447968\" data-fig-type=\"Article\" data-gtm-custom-categorie=\"navigation\" data-gtm-custom-action=\"crossclick\" data-gtm-custom-label=\"Contextuel\" data-gtm-event=\"customEventSPE\" data-fig-domain=\"GALA\" target=\"_blank\" rel=\"noopener\">en \u00cele-de-France<\/a>\u00a0d\u2019apr\u00e8s\u00a0<a href=\"https:\/\/www.pleinevie.fr\/loisirs\/celebrites\/il-eleve-des-poules-de-luxe-et-fuit-la-societe-moderne-la-double-vie-meconnue-elie-semoun-125590.html\" target=\"_blank\" rel=\"sponsored noopener\" data-gtm-custom-categorie=\"navigation\" data-gtm-custom-action=\"crossclick\" data-gtm-custom-label=\"Contextuel\" data-gtm-event=\"customEventSPE\">Pleine Vie<\/a>, aux \u00e9quipes de l\u2019\u00e9mission Th\u00e9 ou Caf\u00e9, diffus\u00e9e sur France 2.<\/p>\n<p class=\"fig-paragraph\">\u00abQuand je suis chez moi, de toute fa\u00e7on, je me sens bien\u00bb, confiait-il d\u2019abord \u00e0 nos confr\u00e8res, tout en reconnaissant qu\u2019il n\u2019est, malgr\u00e9 tout, pas toujours de bonne humeur. \u00c9lie Semoun profite de cette b\u00e2tisse pour recevoir\u00a0<a href=\"http:\/\/www.gala.fr\/l_actu\/news_de_stars\/elie-semoun-papa-d-un-fils-premature-ses-touchantes-confidences-a-gala-il-ne-pesait-que-750-grammes-20250409\" data-fig-type=\"Article\" data-gtm-custom-categorie=\"navigation\" data-gtm-custom-action=\"crossclick\" data-gtm-custom-label=\"Contextuel\" data-gtm-event=\"customEventSPE\" data-fig-domain=\"GALA\" target=\"_blank\" rel=\"noopener\">ses proches<\/a>. \u00abJe fais plein de f\u00eates, des barbecues, des soir\u00e9es&#8230; C\u2019est une maison familiale (&#8230;)\u00bb, r\u00e9v\u00e9lait-il, avant de pr\u00e9ciser qu\u2019il n\u2019est \u00abpas du tout cuisinier\u00bb. La pi\u00e8ce pr\u00e9f\u00e9r\u00e9e de l\u2019acteur\u00a0? Son salon \u00abparce qu\u2019[il est] fou de musique\u00bb, indiquait-il dans le reportage Une journ\u00e9e avec de Th\u00e9 ou Caf\u00e9. \u00abJ\u2019ai une passion pour Wagner (&#8230;) C\u2019est tr\u00e8s envo\u00fbtant comme musique, j\u2019ai besoin de ressentir des \u00e9motions fortes et la musique de Wagner m\u2019en procure \u00e9norm\u00e9ment\u00bb, livrait-il.<\/p>\n<p>                                    <a class=\"fig-a11y-skip a11y-hidden\" href=\"#fig-a11y-skip-main-inarticle\"><br \/>\n        Passer la publicit\u00e9<br \/>\n    <\/a><\/p>\n<p>La passion d\u2019\u00c9lie Semoun pour son jardin<\/p>\n<p class=\"fig-paragraph\">Si \u00c9lie Semoun a choisi cette belle demeure, c\u2019est surtout pour son immense jardin, o\u00f9 il peut exercer sa passion pour les plantes, comme il le confiait aux \u00e9quipes de l\u2019\u00e9mission Th\u00e9 ou Caf\u00e9, en 2016. Dans son espace vert, l\u2019humoriste produit\u00a0<a href=\"http:\/\/www.gala.fr\/lifestyle\/david-beckham-combien-coutent-ses-bonbons-au-miel-fabriques-a-partir-des-ruches-de-sa-ferme-british-20250821\" data-fig-type=\"Article\" data-gtm-custom-categorie=\"navigation\" data-gtm-custom-action=\"crossclick\" data-gtm-custom-label=\"Contextuel\" data-gtm-event=\"customEventSPE\" data-fig-domain=\"GALA\" target=\"_blank\" rel=\"noopener\">son propre miel<\/a>. \u00abCette ann\u00e9e, j\u2019ai fait 20 kilos de miel. Chaque ruche contient environ 70-80 000 abeilles. Donc je ne te raconte pas si je donne un coup de pied dedans&#8230;Vous \u00eates morts\u00a0!\u00bb, d\u00e9clarait-il. Pour entretenir son jardin, dans lequel se trouvent \u00abdes poules de luxe\u00bb, l\u2019acteur met un point d\u2019honneur \u00e0 ne pas faire appel \u00e0 des professionnels. \u00abJ\u2019ai aucun jardinier qui vient \u00e0 la maison, tout est plant\u00e9 par moi\u00a0!\u00bb, affirmait-il. Parmi les plantes qu\u2019il poss\u00e8de, le p\u00e8re de famille a \u00abune Euphorbe mellifera\u00bb qu\u2019il a \u00abramen\u00e9e d\u2019Angleterre\u00bb mais aussi \u00abun olivier de 450 ans\u00bb.<\/p>\n<p class=\"fig-paragraph\">Le compagnon d\u2019Aude,\u00a0<a href=\"http:\/\/www.gala.fr\/l_actu\/news_de_stars\/elie-semoun-bientot-papa-a-61-ans-avec-sa-jeune-compagne-enceinte-il-a-vibre-pour-carlos-alcaraz-a-roland-garros-20250609\" data-fig-type=\"Article\" data-gtm-custom-categorie=\"navigation\" data-gtm-custom-action=\"crossclick\" data-gtm-custom-label=\"Contextuel\" data-gtm-event=\"customEventSPE\" data-fig-domain=\"GALA\" target=\"_blank\" rel=\"noopener\">qui est enceinte de leur premier enfant en commun<\/a>, a \u00e9galement dans son jardin un Tiki, une repr\u00e9sentation humaine sculpt\u00e9e de fa\u00e7on stylis\u00e9e que l\u2019on trouve en Oc\u00e9anie, sous forme de statue, comme l\u2019explique le site\u00a0<a href=\"https:\/\/www.oviry.fr\/produit\/tiki-caledonien-en-bois-precieux\/\" target=\"_blank\" rel=\"sponsored noopener\" data-gtm-custom-categorie=\"navigation\" data-gtm-custom-action=\"crossclick\" data-gtm-custom-label=\"Contextuel\" data-gtm-event=\"customEventSPE\">Oviry<\/a> . Souvent, \u00e0 Tahiti et en Nouvelle-Cal\u00e9donie, elle est plac\u00e9e \u00e0 l\u2019ext\u00e9rieur de la maison pour la prot\u00e9ger ainsi que ses habitants, tout en ayant aussi pour r\u00f4le de repousser les mauvaises \u00e9nergies et porter chance, indique\u00a0<a href=\"https:\/\/www.fantastictalismans.com\/lorigine-du-tiki-polynesien\/?srsltid=AfmBOoogLh59txEtUapR_GiS44ZHtYl-jE\" target=\"_blank\" rel=\"sponsored noopener\" data-gtm-custom-categorie=\"navigation\" data-gtm-custom-action=\"crossclick\" data-gtm-custom-label=\"Contextuel\" data-gtm-event=\"customEventSPE\">Fantastic Talismans<\/a> . En 2016, dans l\u2019\u00e9mission Th\u00e9 ou Caf\u00e9, \u00c9lie Semoun assurait \u00e0 propos de son espace vert\u00a0: \u00abC\u2019est presque un lieu de travail et artistique ce jardin. J\u2019ai la m\u00eame satisfaction que quand j\u2019\u00e9cris un bon sketch\u00bb.<\/p>\n","protected":false},"excerpt":{"rendered":"Ce mercredi 27 ao\u00fbt, TMC diffuse le film L\u2019\u00e9l\u00e8ve Ducobu, avec \u00c9lie Semoun. L\u2019occasion pour Gala.fr de revenir&hellip;\n","protected":false},"author":2,"featured_media":348212,"comment_status":"","ping_status":"","sticky":false,"template":"","format":"standard","meta":{"footnotes":""},"categories":[1592],"tags":[1111,11,48427,5655,1777,674,1011,27,662,3354,2142,12,626,25],"class_list":{"0":"post-348211","1":"post","2":"type-post","3":"status-publish","4":"format-standard","5":"has-post-thumbnail","7":"category-ile-de-france","8":"tag-actu","9":"tag-actualites","10":"tag-demeure","11":"tag-elie-semoun","12":"tag-eu","13":"tag-europe","14":"tag-fr","15":"tag-france","16":"tag-ile-de-france","17":"tag-jardin","18":"tag-maison","19":"tag-news","20":"tag-paris","21":"tag-republique-francaise"},"share_on_mastodon":{"url":"https:\/\/pubeurope.com\/@fr\/115102172671337846","error":""},"_links":{"self":[{"href":"https:\/\/www.europesays.com\/fr\/wp-json\/wp\/v2\/posts\/348211","targetHints":{"allow":["GET"]}}],"collection":[{"href":"https:\/\/www.europesays.com\/fr\/wp-json\/wp\/v2\/posts"}],"about":[{"href":"https:\/\/www.europesays.com\/fr\/wp-json\/wp\/v2\/types\/post"}],"author":[{"embeddable":true,"href":"https:\/\/www.europesays.com\/fr\/wp-json\/wp\/v2\/users\/2"}],"replies":[{"embeddable":true,"href":"https:\/\/www.europesays.com\/fr\/wp-json\/wp\/v2\/comments?post=348211"}],"version-history":[{"count":0,"href":"https:\/\/www.europesays.com\/fr\/wp-json\/wp\/v2\/posts\/348211\/revisions"}],"wp:featuredmedia":[{"embeddable":true,"href":"https:\/\/www.europesays.com\/fr\/wp-json\/wp\/v2\/media\/348212"}],"wp:attachment":[{"href":"https:\/\/www.europesays.com\/fr\/wp-json\/wp\/v2\/media?parent=348211"}],"wp:term":[{"taxonomy":"category","embeddable":true,"href":"https:\/\/www.europesays.com\/fr\/wp-json\/wp\/v2\/categories?post=348211"},{"taxonomy":"post_tag","embeddable":true,"href":"https:\/\/www.europesays.com\/fr\/wp-json\/wp\/v2\/tags?post=348211"}],"curies":[{"name":"wp","href":"https:\/\/api.w.org\/{rel}","templated":true}]}}