{"id":348218,"date":"2025-08-27T18:38:12","date_gmt":"2025-08-27T18:38:12","guid":{"rendered":"https:\/\/www.europesays.com\/fr\/348218\/"},"modified":"2025-08-27T18:38:12","modified_gmt":"2025-08-27T18:38:12","slug":"on-a-peur-de-rien-les-francais-revent-en-grand-portes-par-le-public","status":"publish","type":"post","link":"https:\/\/www.europesays.com\/fr\/348218\/","title":{"rendered":"\u00ab On a peur de rien \u00bb\u2026 Les Fran\u00e7ais r\u00eavent en grand, port\u00e9s par le public"},"content":{"rendered":"<p class=\"mb-4 text-lg md:leading-8 break-words\"><strong>Alors peut-\u00eatre &#8211; La France a encore quatre chances de m\u00e9dailles aux championnats du monde apr\u00e8s les qualifications pour les huiti\u00e8mes de finale de Delphine Delrue et Thom Gicquel (double mixte), Alex Lanier, Christo et Toma Popov<\/strong><\/p>\n<p class=\"mb-4 text-lg md:leading-8 break-words\"><strong>De notre envoy\u00e9 sp\u00e9cial \u00e0 l\u2019Arena porte de la Chapelle,<\/strong><\/p>\n<p class=\"mb-4 text-lg md:leading-8 break-words\">Il y a des jours comme \u00e7a o\u00f9 tout roule \u00e0 la perfection. Cinq matchs, quatre victoires pour les Fran\u00e7ais aux <a href=\"https:\/\/www.20minutes.fr\/sport\/4169583-20250826-mondiaux-badminton-paris-cauchemar-climatisation-salles-ennemi-public-badistes?at_medium=RSS%20feed&amp;at_campaign=ynews&amp;utm_source=yahoo&amp;utm_medium=rss&amp;utm_campaign=news_feed&amp;utm_content=in_article_link\" rel=\"nofollow noopener\" target=\"_blank\" data-ylk=\"slk:championnats du monde de badminton;elm:context_link;itc:0;sec:content-canvas\" class=\"link \">championnats du monde de badminton<\/a>, c\u2019est de la belle ouvrage. Hormis l\u2019\u00e9limination, attendue, de la paire f\u00e9minine T\u00e9a Marguerite-Flavie Vallet, les Bleus ont fait chavirer de joie le public de l\u2019Arena porte de la Chapelle. M\u00eame pas de petite pointe d\u2019inqui\u00e9tude, de stress d\u2019<a href=\"https:\/\/www.20minutes.fr\/sport\/4169675-20250826-mondiaux-badminton-paris-deux-enormes-matchs-suspense-folle-frustrante-journee-toma-jr-popov?at_medium=RSS%20feed&amp;at_campaign=ynews&amp;utm_source=yahoo&amp;utm_medium=rss&amp;utm_campaign=news_feed&amp;utm_content=in_article_link\" rel=\"nofollow noopener\" target=\"_blank\" data-ylk=\"slk:un troisi\u00e8me set qui vire au drame;elm:context_link;itc:0;sec:content-canvas\" class=\"link \">un troisi\u00e8me set qui vire au drame<\/a> ou d\u2019habituelles d\u00e9ceptions pr\u00e9coces.<\/p>\n<p class=\"mb-4 text-lg md:leading-8 break-words\">Tout va donc tr\u00e8s bien en simple pour Alex Lanier, Christo et Toma Popov Jr, et en double mixte pour <a href=\"https:\/\/www.20minutes.fr\/sport\/jo_2024\/4077016-20240226-jo-paris-2024-teste-badminton-internationale-francaise-delphine-delrue?at_medium=RSS%20feed&amp;at_campaign=ynews&amp;utm_source=yahoo&amp;utm_medium=rss&amp;utm_campaign=news_feed&amp;utm_content=in_article_link\" rel=\"nofollow noopener\" target=\"_blank\" data-ylk=\"slk:Delphine Delrue;elm:context_link;itc:0;sec:content-canvas\" class=\"link \">Delphine Delrue <\/a>et Thom Gicquel, tous qualifi\u00e9s pour les huiti\u00e8mes de final de ces Mondiaux \u00e0 domicile. Historique pour le simple hommes, qui n\u2019avait jamais r\u00e9ussi \u00e0 mettre trois Fran\u00e7ais \u00e0 ce stade-l\u00e0 de la comp\u00e9tition. Pas une fin en soi pour Toma Jr Popov :<\/p>\n<p class=\"mb-4 text-lg md:leading-8 break-words\">\u00ab C\u2019est la confirmation qu\u2019on est top 15 tous, a expliqu\u00e9 l\u2019a\u00een\u00e9 de la fratrie apr\u00e8s sa qualification. Et que, m\u00eame avec des tirages compliqu\u00e9s, on arrive \u00e0 passer des tours et \u00e0 prouver notre statut de top 15. On y va \u00e0 fond. Et j\u2019esp\u00e8re que demain, on passera tous les trois en quarts et qu\u2019on cr\u00e9era encore l\u2019histoire. On y va et on a peur de rien. Et puis avec la foule derri\u00e8re, c\u2019est parfait. \u00bb<\/p>\n<p>Christo Popov face au n\u00b01 mondial<\/p>\n<p class=\"mb-4 text-lg md:leading-8 break-words\">Si la salle habituelle du Paris Basket s\u2019est bien chauff\u00e9e ce mercredi, il faudra encore augmenter les d\u00e9cibels pour la suite de la comp\u00e9tition, tant les prochaines marches vont \u00eatre diffi(&#8230;)<\/p>\n<p class=\"mb-4 text-lg md:leading-8 break-words\"><a href=\"https:\/\/www.20minutes.fr\/sport\/4169810-20250827-mondiaux-badminton-paris-peur-rien-francais-revent-grand-portes-public?at_medium=RSS%20feed&amp;at_campaign=ynews&amp;utm_source=yahoo&amp;utm_medium=rss&amp;utm_campaign=news_feed&amp;utm_content=read_more_link\" rel=\"nofollow noopener\" target=\"_blank\" data-ylk=\"slk:Lire la suite sur 20minutes;elm:context_link;itc:0;sec:content-canvas\" class=\"link \">Lire la suite sur 20minutes<\/a><\/p>\n<p>\u00c0 lire aussi :<br \/><a href=\"https:\/\/www.20minutes.fr\/sport\/4169660-20250827-mondiaux-badminton-paris-kif-etre-petite-star-asie-folie-autour-joueurs-francais?at_medium=RSS%20feed&amp;at_campaign=ynews&amp;utm_source=yahoo&amp;utm_medium=rss&amp;utm_campaign=news_feed&amp;utm_content=related_content_link\" rel=\"nofollow noopener\" target=\"_blank\" data-ylk=\"slk:Mondiaux de badminton \u00e0 Paris : \u00ab Le kif d\u2019\u00eatre une petite star \u00bb\u2026 En Asie, la folie autour des joueurs fran\u00e7ais;elm:context_link;itc:0;sec:content-canvas\" class=\"link \">Mondiaux de badminton \u00e0 Paris : \u00ab Le kif d\u2019\u00eatre une petite star \u00bb\u2026 En Asie, la folie autour des joueurs fran\u00e7ais<\/a><br \/><a href=\"https:\/\/www.20minutes.fr\/sport\/4169583-20250826-mondiaux-badminton-paris-cauchemar-climatisation-salles-ennemi-public-badistes?at_medium=RSS%20feed&amp;at_campaign=ynews&amp;utm_source=yahoo&amp;utm_medium=rss&amp;utm_campaign=news_feed&amp;utm_content=related_content_link\" rel=\"nofollow noopener\" target=\"_blank\" data-ylk=\"slk:Mondiaux de badminton \u00e0 Paris : \u00ab C\u2019est un cauchemar \u00bb\u2026 La climatisation des salles, l\u2019ennemi public des badistes;elm:context_link;itc:0;sec:content-canvas\" class=\"link \">Mondiaux de badminton \u00e0 Paris : \u00ab C\u2019est un cauchemar \u00bb\u2026 La climatisation des salles, l\u2019ennemi public des badistes<\/a><\/p>\n","protected":false},"excerpt":{"rendered":"Alors peut-\u00eatre &#8211; La France a encore quatre chances de m\u00e9dailles aux championnats du monde apr\u00e8s les qualifications&hellip;\n","protected":false},"author":2,"featured_media":348219,"comment_status":"","ping_status":"","sticky":false,"template":"","format":"standard","meta":{"footnotes":""},"categories":[1888],"tags":[11,48433,22448,48430,48434,48431,1777,674,1011,27,12,626,48429,25,48432],"class_list":{"0":"post-348218","1":"post","2":"type-post","3":"status-publish","4":"format-standard","5":"has-post-thumbnail","7":"category-paris","8":"tag-actualites","9":"tag-alex-lanier","10":"tag-championnats-du-monde","11":"tag-championnats-du-monde-de-badminton","12":"tag-christo","13":"tag-delphine-delrue","14":"tag-eu","15":"tag-europe","16":"tag-fr","17":"tag-france","18":"tag-news","19":"tag-paris","20":"tag-porte-de-la-chapelle","21":"tag-republique-francaise","22":"tag-thom-gicquel"},"share_on_mastodon":{"url":"https:\/\/pubeurope.com\/@fr\/115102187974864364","error":""},"_links":{"self":[{"href":"https:\/\/www.europesays.com\/fr\/wp-json\/wp\/v2\/posts\/348218","targetHints":{"allow":["GET"]}}],"collection":[{"href":"https:\/\/www.europesays.com\/fr\/wp-json\/wp\/v2\/posts"}],"about":[{"href":"https:\/\/www.europesays.com\/fr\/wp-json\/wp\/v2\/types\/post"}],"author":[{"embeddable":true,"href":"https:\/\/www.europesays.com\/fr\/wp-json\/wp\/v2\/users\/2"}],"replies":[{"embeddable":true,"href":"https:\/\/www.europesays.com\/fr\/wp-json\/wp\/v2\/comments?post=348218"}],"version-history":[{"count":0,"href":"https:\/\/www.europesays.com\/fr\/wp-json\/wp\/v2\/posts\/348218\/revisions"}],"wp:featuredmedia":[{"embeddable":true,"href":"https:\/\/www.europesays.com\/fr\/wp-json\/wp\/v2\/media\/348219"}],"wp:attachment":[{"href":"https:\/\/www.europesays.com\/fr\/wp-json\/wp\/v2\/media?parent=348218"}],"wp:term":[{"taxonomy":"category","embeddable":true,"href":"https:\/\/www.europesays.com\/fr\/wp-json\/wp\/v2\/categories?post=348218"},{"taxonomy":"post_tag","embeddable":true,"href":"https:\/\/www.europesays.com\/fr\/wp-json\/wp\/v2\/tags?post=348218"}],"curies":[{"name":"wp","href":"https:\/\/api.w.org\/{rel}","templated":true}]}}