{"id":348220,"date":"2025-08-27T18:39:17","date_gmt":"2025-08-27T18:39:17","guid":{"rendered":"https:\/\/www.europesays.com\/fr\/348220\/"},"modified":"2025-08-27T18:39:17","modified_gmt":"2025-08-27T18:39:17","slug":"le-kremlin-ne-veut-pas-de-soldats-europeens-tandis-que-larmee-russe-attaque-fort","status":"publish","type":"post","link":"https:\/\/www.europesays.com\/fr\/348220\/","title":{"rendered":"Le Kremlin ne veut pas de soldats europ\u00e9ens, tandis que l&rsquo;arm\u00e9e russe attaque fort"},"content":{"rendered":"<p>Vous avez rat\u00e9 les derniers \u00e9v\u00e9nements sur la <a href=\"https:\/\/www.20minutes.fr\/monde\/ukraine\/\" class=\"c-link c-link--is-underlined\" target=\"_blank\" rel=\"noopener\">guerre en Ukraine<\/a>\u00a0? 20 Minutes fait le point pour vous tous les soirs. Voici l\u2019essentiel de ce mercredi 27\u00a0ao\u00fbt, 1.281e jour du conflit.<\/p>\n<p>Le fait du jour<\/p>\n<p>Il ne change pas d\u2019avis, m\u00eame dans une hypoth\u00e8se de tr\u00eave. Le <a href=\"https:\/\/www.20minutes.fr\/dossier\/kremlin\" class=\"c-link c-link--is-underlined\" target=\"_blank\" rel=\"noopener\">Kremlin<\/a> s\u2019est dit \u00ab\u00a0d\u00e9favorable\u00a0\u00bb mercredi \u00e0 un \u00e9ventuel envoi de troupes europ\u00e9ennes en Ukraine dans le cadre d\u2019un potentiel accord de paix. L\u2019Ukraine conditionne tout accord \u00e0 l\u2019obtention de solides garanties de s\u00e9curit\u00e9 de ses alli\u00e9s pour se prot\u00e9ger d\u2019un nouvel assaut russe \u00e0 l\u2019avenir, que Kiev voit comme quasiment in\u00e9vitable. Parmi les pistes \u00e9voqu\u00e9es, le d\u00e9ploiement de troupes europ\u00e9ennes en Ukraine, <a href=\"https:\/\/www.20minutes.fr\/dossier\/donald_trump\" class=\"c-link c-link--is-underlined\" target=\"_blank\" rel=\"noopener\">Donald Trump<\/a> ayant exclu l\u2019envoi de soldats am\u00e9ricains au sol.<\/p>\n<p>Le porte-parole du Kremlin, Dmitri Peskov, a d\u00e9clar\u00e9 que la Russie voyait ces discussions d\u2019un oeil \u00ab\u00a0d\u00e9favorable\u00a0\u00bb. \u00ab\u00a0Il n\u2019y a pas d\u2019arm\u00e9e europ\u00e9enne, il n\u2019y a que des arm\u00e9es de pays sp\u00e9cifiques, qui sont pour la plupart membres de l\u2019Otan\u00a0\u00bb, appuie-t-il La Russie consid\u00e8re l\u2019expansion de l\u2019Otan \u00e0 ses fronti\u00e8res comme l\u2019une des \u00ab\u00a0causes profondes\u00a0\u00bb ayant men\u00e9 \u00e0 son offensive contre l\u2019Ukraine.<\/p>\n<p>Dmitri Peskov a, par ailleurs, soulign\u00e9 mercredi que tout contact entre Volodymyr Zelenskky et Vladimir Poutine \u00ab\u00a0doit \u00eatre bien pr\u00e9par\u00e9, afin d\u2019\u00eatre fructueux\u00a0\u00bb, fa\u00e7on de sugg\u00e9rer que cette rencontre n\u2019est pas \u00e0 l\u2019ordre du jour pour Moscou.<\/p>\n<p>Le chiffre du jour<\/p>\n<p>3. C\u2019est le nombre de morts recens\u00e9s \u00e0 l\u2019issue d\u2019attaques russes dans le sud de l\u2019Ukraine ce mercredi, ont annonc\u00e9 des responsables de la r\u00e9gion de Kherson. Un tir d\u2019artillerie russe a ainsi tu\u00e9 dans la matin\u00e9e deux employ\u00e9s d\u2019une ferme \u00e0 Novovorontsovka, village de la r\u00e9gion de Kherson, sur les rives du fleuve Dniepr. Dans la nuit, d\u2019autres attaques russes ont fait un mort et des bless\u00e9s dans la capitale r\u00e9gionale, \u00e9galement nomm\u00e9e Kherson.<\/p>\n<p>Cette ville avait \u00e9t\u00e9 occup\u00e9e par l\u2019arm\u00e9e russe pendant plusieurs mois en\u00a02022, puis lib\u00e9r\u00e9e par les forces ukrainiennes lors d\u2019une contre-offensive. Elle borde aussi le Dniepr, et est presque constamment bombard\u00e9e par les soldats russes post\u00e9s de l\u2019autre c\u00f4t\u00e9 du fleuve.<\/p>\n<p>Le minist\u00e8re ukrainien de l\u2019Energie a, lui, affirm\u00e9 que des \u00ab\u00a0infrastructures \u00e9nerg\u00e9tiques et de transport de gaz\u00a0\u00bb avaient \u00e9t\u00e9 touch\u00e9es par d\u2019autres attaques dans six r\u00e9gions du pays.<\/p>\n<\/p>\n<p>La d\u00e9claration du jour<\/p>\n<blockquote class=\"mx-m@xs mx-xxl@md color-ultramarine c-citation\">\n<p class=\"font-weight-regular@xs text-italic font-source-serif-pro text-l@xs c-citation__content\">\u00ab\u00a0La porte de l\u2019Union europ\u00e9enne est ouverte \u00e0 la Moldavie\u00a0\u00bb<\/p>\n<\/blockquote>\n<p>Les paroles sont sign\u00e9es Friedrich Merz. Le chancelier allemand \u00e9tait ce mercredi \u00e0 Chisinau avec Emmanuel Macron et Donald Tusk pour apporter un \u00ab\u00a0soutien d\u00e9termin\u00e9\u00a0\u00bb \u00e0 la Moldavie en vue de son adh\u00e9sion \u00e0 l\u2019Union europ\u00e9enne face aux \u00ab\u00a0mensonges\u00a0\u00bb et aux \u00ab\u00a0ing\u00e9rences\u00a0\u00bb de <a href=\"https:\/\/www.20minutes.fr\/monde\/moscou\/\" class=\"c-link c-link--is-underlined\" target=\"_blank\" rel=\"noopener\">Moscou<\/a>, \u00e0 la veille d\u2019une campagne \u00e9lectorale cruciale.<\/p>\n<p>La France va \u00ab\u00a0apporter un soutien d\u00e9termin\u00e9 \u00e0 la Moldavie au cours des prochaines \u00e9tapes de son parcours vers l\u2019adh\u00e9sion\u00a0\u00bb \u00e0 l\u2019Union europ\u00e9enne, a promis Emmanuel Macron. Le pr\u00e9sident fran\u00e7ais a \u00e9voqu\u00e9 une \u00ab\u00a0chance historique\u00a0\u00bb pour cette ex-r\u00e9publique sovi\u00e9tique de 2,6\u00a0millions d\u2019habitants frontali\u00e8re de l\u2019Ukraine en guerre.<\/p>\n<p>Les \u00e9lections l\u00e9gislatives pr\u00e9vues fin septembre en Moldavie seraient <a href=\"https:\/\/www.20minutes.fr\/monde\/russie\/4164666-20250723-moldavie-fakes-news-cascade-pourquoi-presidente-maia-sandu-viseur-russie\" class=\"c-link c-link--is-underlined\" target=\"_blank\" rel=\"noopener\">troubl\u00e9es par des interventions russes<\/a> pour faire basculer cet Etat dans son camp. Friedrich Merz y a fait directement r\u00e9f\u00e9rence en affirmant que, d\u2019ores et d\u00e9j\u00e0, \u00ab\u00a0pas un jour ne se passe sans des attaques hybrides massives de la part de la Russie\u00a0\u00bb. \u00ab\u00a0La d\u00e9mocratie moldave est sur la sellette\u00a0\u00bb, a-t-il accus\u00e9.<\/p>\n<p>La tendance<\/p>\n<p>Les alli\u00e9s de l\u2019Otan avaient ce mercredi les yeux tourn\u00e9s vers la bourgade d\u2019Unterl\u00fcss, au nord de l\u2019Allemagne, o\u00f9 une gigantesque usine de munitions construite par l\u2019Allemand <a href=\"https:\/\/www.rheinmetall.com\/en\" rel=\"nofollow noopener\" target=\"_blank\" class=\"c-link c-link--is-underlined\">Rheinmetall<\/a> a \u00e9t\u00e9 inaugur\u00e9e, symbole des efforts europ\u00e9ens pour renforcer son industrie de d\u00e9fense.<\/p>\n<p>Cet ouvrage refl\u00e8te le tournant vers le r\u00e9armement engag\u00e9 par l\u2019Allemagne apr\u00e8s l\u2019invasion de l\u2019Ukraine par la Russie en\u00a02022, qui a mis fin \u00e0 des ann\u00e9es de sous-investissement.<\/p>\n<p>\u00ab\u00a0C\u2019est tr\u00e8s important d\u2019\u00eatre ici, car l\u2019industrie de la d\u00e9fense en Allemagne, en Europe et en Am\u00e9rique du Nord compte plus que jamais\u00a0\u00bb au moment o\u00f9 \u00ab\u00a0la Russie et la Chine d\u00e9veloppent rapidement et massivement leurs arm\u00e9es et leurs capacit\u00e9s, avec tr\u00e8s peu de transparence\u00a0\u00bb, a d\u00e9clar\u00e9 le secr\u00e9taire g\u00e9n\u00e9ral de l\u2019OTAN, Mark Rutte.<\/p>\n<p>Construite en quinze mois, l\u2019usine d\u2019Unterl\u00fcss doit fabriquer d\u00e8s cette ann\u00e9e dans des halles largement robotis\u00e9es jusqu\u2019\u00e0 25.000 obus de 155 mm, d\u2019une port\u00e9e allant jusqu\u2019\u00e0 40 kilom\u00e8tres. La production devrait atteindre rapidement 350.000 unit\u00e9s par an d\u2019ici\u00a02027, sur un site de la taille de cinq terrains de football. En pleine capacit\u00e9, il s\u2019agira de la plus grande usine de munitions d\u2019Europe, selon Rheinmetall.<\/p>\n","protected":false},"excerpt":{"rendered":"Vous avez rat\u00e9 les derniers \u00e9v\u00e9nements sur la guerre en Ukraine\u00a0? 20 Minutes fait le point pour vous&hellip;\n","protected":false},"author":2,"featured_media":348221,"comment_status":"","ping_status":"","sticky":false,"template":"","format":"standard","meta":{"footnotes":""},"categories":[1591],"tags":[47,11,672,1887,4710,131,28370,4998,11095,74,12,1885,1886,132,555,135],"class_list":{"0":"post-348220","1":"post","2":"type-post","3":"status-publish","4":"format-standard","5":"has-post-thumbnail","7":"category-russie","8":"tag-actualite","9":"tag-actualites","10":"tag-allemagne","11":"tag-federation-de-russie","12":"tag-friedrich-merz","13":"tag-guerre-en-ukraine","14":"tag-kherson","15":"tag-kremlin","16":"tag-moldavie","17":"tag-monde","18":"tag-news","19":"tag-russia","20":"tag-russian-federation","21":"tag-russie","22":"tag-union-europeenne-ue","23":"tag-vladimir-poutine"},"share_on_mastodon":{"url":"https:\/\/pubeurope.com\/@fr\/115102191808807627","error":""},"_links":{"self":[{"href":"https:\/\/www.europesays.com\/fr\/wp-json\/wp\/v2\/posts\/348220","targetHints":{"allow":["GET"]}}],"collection":[{"href":"https:\/\/www.europesays.com\/fr\/wp-json\/wp\/v2\/posts"}],"about":[{"href":"https:\/\/www.europesays.com\/fr\/wp-json\/wp\/v2\/types\/post"}],"author":[{"embeddable":true,"href":"https:\/\/www.europesays.com\/fr\/wp-json\/wp\/v2\/users\/2"}],"replies":[{"embeddable":true,"href":"https:\/\/www.europesays.com\/fr\/wp-json\/wp\/v2\/comments?post=348220"}],"version-history":[{"count":0,"href":"https:\/\/www.europesays.com\/fr\/wp-json\/wp\/v2\/posts\/348220\/revisions"}],"wp:featuredmedia":[{"embeddable":true,"href":"https:\/\/www.europesays.com\/fr\/wp-json\/wp\/v2\/media\/348221"}],"wp:attachment":[{"href":"https:\/\/www.europesays.com\/fr\/wp-json\/wp\/v2\/media?parent=348220"}],"wp:term":[{"taxonomy":"category","embeddable":true,"href":"https:\/\/www.europesays.com\/fr\/wp-json\/wp\/v2\/categories?post=348220"},{"taxonomy":"post_tag","embeddable":true,"href":"https:\/\/www.europesays.com\/fr\/wp-json\/wp\/v2\/tags?post=348220"}],"curies":[{"name":"wp","href":"https:\/\/api.w.org\/{rel}","templated":true}]}}