{"id":348224,"date":"2025-08-27T18:41:14","date_gmt":"2025-08-27T18:41:14","guid":{"rendered":"https:\/\/www.europesays.com\/fr\/348224\/"},"modified":"2025-08-27T18:41:14","modified_gmt":"2025-08-27T18:41:14","slug":"les-usa-poursuivent-leur-cooperation-militaire-avec-le-faso-sous-ces-priorites","status":"publish","type":"post","link":"https:\/\/www.europesays.com\/fr\/348224\/","title":{"rendered":"Les USA poursuivent leur coop\u00e9ration militaire avec le Faso sous ces priorit\u00e9s"},"content":{"rendered":"<p><strong>Washington (\u00a9 2025 Afriquinfos)- Alors que les \u00c9tats-Unis avaient suspendu une grande partie de leur aide au d\u00e9veloppement et de leur coop\u00e9ration militaire apr\u00e8s les coups d\u2019\u00c9tat successifs dans les trois pays entre 2020 et 2023, l\u2019administration Trump affiche d\u00e9sormais une nouvelle approche. C\u2019est en ce sens queDu 29 juillet au 1er ao\u00fbt 2025, une d\u00e9l\u00e9gation militaire burkinab\u00e8 a pris part \u00e0 une s\u00e9rie d\u2019\u00e9changes \u00e0 Washington avec la DCGuard1802 sur les enqu\u00eates criminelles, la gestion des urgences et les strat\u00e9gies de mission.<\/strong><\/p>\n<p>Formations, \u00e9tudes de cas, d\u00e9monstrations de mat\u00e9riel, visites de tribunaux, de centres de d\u00e9tention, du syst\u00e8me judiciaire am\u00e9ricain, des U.S. Marshals et de la Maison Blanche ont enrichi la compr\u00e9hension mutuelle. Cette exp\u00e9rience a permis de partager des techniques innovantes, de renforcer les savoir-faire et de consolider la confiance pour une coop\u00e9ration bilat\u00e9rale plus efficace.<\/p>\n<p>En amont \u00e0 cette rencontre, l\u2019ambassadeur du Burkina Faso pr\u00e8s les Etats-Unis d\u2019Am\u00e9rique, le g\u00e9n\u00e9ral Kassoum Coulibaly, a pr\u00e9sent\u00e9 ses lettres de cr\u00e9ances, le 24 juillet 2025, au Pr\u00e9sident am\u00e9ricain, Donald Trump.<\/p>\n<p>La c\u00e9r\u00e9monie s\u2019est d\u00e9roul\u00e9e \u00e0 la Maison Blanche o\u00f9 le diplomate burkinab\u00e8, v\u00eatu de \u00ab tenue de combat \u00bb, a pu remettre main \u00e0 main ses lettres de cr\u00e9ances sign\u00e9es du capitaine Ibrahim Traor\u00e9, Pr\u00e9sident du Faso, chef de l\u2019Etat burkinab\u00e8. Dans sa lettre envoy\u00e9e au D\u00e9partement d\u2019Etat dans le cadre de cette c\u00e9r\u00e9monie, Kassoum Coulibaly a relev\u00e9 la qualit\u00e9 remarquable des relations entre nos deux pays, malgr\u00e9 le contexte terroriste sur le territoire burkinab\u00e8. Il n\u2019a pas manqu\u00e9 de relever la question \u00e9pineuse relative \u00e0 cette actualit\u00e9 qui endeuille au quotidien des familles burkinab\u00e8 et de l\u2019Alliance des Etats du Sahel (AES).<\/p>\n<p>\u00ab Mon pays fait face, depuis une d\u00e9cennie, \u00e0 une crise s\u00e9curitaire et humanitaire sans pr\u00e9c\u00e9dent, aliment\u00e9e par des actions terroristes du Groupe de soutien \u00e0 l\u2019Islam et aux musulmans et ses satellites (GSIM\/JNIM\/RVIM, des ramifications d\u2019Al Qaeda) et de l\u2019Etat islamique au Grand Sahara et ses connexions (EIGS\/PSEI\/WSEI, alli\u00e9 \u00e0 Daech) qui menacent notre existence par le massacre des populations et les vell\u00e9it\u00e9s de d\u00e9stabilisation de la r\u00e9gion \u00bb, a-t-il notifi\u00e9. Toutefois, l\u2019expert en logistique et en maintien de la paix, en s\u00e9curit\u00e9 et en logistique militaire a soulign\u00e9 que depuis l\u2019av\u00e8nement du capitaine Ibrahim Traor\u00e9, la lutte contre l\u2019ins\u00e9curit\u00e9 a pris une tournure.<\/p>\n<p>\u00ab Sous le leadership du Pr\u00e9sident du Faso, le capitaine Ibrahim Traor\u00e9 et gr\u00e2ce \u00e0 la mobilisation des forces vives de la Nation, des avanc\u00e9es significatives ont \u00e9t\u00e9 enregistr\u00e9es, notamment dans la reconqu\u00eate du territoire et le retour progressif de milliers de personnes d\u00e9plac\u00e9es internes dans leurs localit\u00e9s d\u2019origine. Le Burkina Faso s\u2019emploie \u00e0 b\u00e2tir un Etat plus s\u00fbr, plus souverain et plus r\u00e9silient, en comptant sur ses propres ressources mais \u00e9galement sur des partenariats strat\u00e9giques fond\u00e9s sur l\u2019\u00e9galit\u00e9 et la confiance mutuelle \u00bb. En r\u00e9ponse, le Pr\u00e9sident Donald Trump a laiss\u00e9 entendre que nos deux Etats partagent un int\u00e9r\u00eat pour l\u2019am\u00e9lioration de la prosp\u00e9rit\u00e9 de nos nations. \u00ab Nous avons des opportunit\u00e9s de collaboration dans des domaines tels que le commerce, l\u2019\u00e9nergie, les mines et les t\u00e9l\u00e9communications \u00bb, a-t-il conclu.<\/p>\n<p><strong>V.A.<\/strong><\/p>\n","protected":false},"excerpt":{"rendered":"Washington (\u00a9 2025 Afriquinfos)- Alors que les \u00c9tats-Unis avaient suspendu une grande partie de leur aide au d\u00e9veloppement&hellip;\n","protected":false},"author":2,"featured_media":348225,"comment_status":"","ping_status":"","sticky":false,"template":"","format":"standard","meta":{"footnotes":""},"categories":[1589],"tags":[11,73,1866,12,1864,1865,1863,308],"class_list":{"0":"post-348224","1":"post","2":"type-post","3":"status-publish","4":"format-standard","5":"has-post-thumbnail","7":"category-etats-unis","8":"tag-actualites","9":"tag-etats-unis","10":"tag-etats-unis-damerique","11":"tag-news","12":"tag-united-states","13":"tag-united-states-of-america","14":"tag-us","15":"tag-usa"},"share_on_mastodon":{"url":"https:\/\/pubeurope.com\/@fr\/115102199564129012","error":""},"_links":{"self":[{"href":"https:\/\/www.europesays.com\/fr\/wp-json\/wp\/v2\/posts\/348224","targetHints":{"allow":["GET"]}}],"collection":[{"href":"https:\/\/www.europesays.com\/fr\/wp-json\/wp\/v2\/posts"}],"about":[{"href":"https:\/\/www.europesays.com\/fr\/wp-json\/wp\/v2\/types\/post"}],"author":[{"embeddable":true,"href":"https:\/\/www.europesays.com\/fr\/wp-json\/wp\/v2\/users\/2"}],"replies":[{"embeddable":true,"href":"https:\/\/www.europesays.com\/fr\/wp-json\/wp\/v2\/comments?post=348224"}],"version-history":[{"count":0,"href":"https:\/\/www.europesays.com\/fr\/wp-json\/wp\/v2\/posts\/348224\/revisions"}],"wp:featuredmedia":[{"embeddable":true,"href":"https:\/\/www.europesays.com\/fr\/wp-json\/wp\/v2\/media\/348225"}],"wp:attachment":[{"href":"https:\/\/www.europesays.com\/fr\/wp-json\/wp\/v2\/media?parent=348224"}],"wp:term":[{"taxonomy":"category","embeddable":true,"href":"https:\/\/www.europesays.com\/fr\/wp-json\/wp\/v2\/categories?post=348224"},{"taxonomy":"post_tag","embeddable":true,"href":"https:\/\/www.europesays.com\/fr\/wp-json\/wp\/v2\/tags?post=348224"}],"curies":[{"name":"wp","href":"https:\/\/api.w.org\/{rel}","templated":true}]}}