{"id":348230,"date":"2025-08-27T18:44:14","date_gmt":"2025-08-27T18:44:14","guid":{"rendered":"https:\/\/www.europesays.com\/fr\/348230\/"},"modified":"2025-08-27T18:44:14","modified_gmt":"2025-08-27T18:44:14","slug":"face-a-trump-une-nouvelle-puissance-leurope-a-remporte-sa-premiere-bataille-par-bernard-guetta-liberation","status":"publish","type":"post","link":"https:\/\/www.europesays.com\/fr\/348230\/","title":{"rendered":"Face \u00e0 Trump, une nouvelle puissance, l\u2019Europe, a remport\u00e9 sa premi\u00e8re bataille, par Bernard Guetta \u2013 Lib\u00e9ration"},"content":{"rendered":"<p class=\"sc-ksZaOG ehjQrN text-element\">L\u2019\u00e9v\u00e9nement \u00e9tait absolument sans pr\u00e9c\u00e9dent. Ce n\u2019est pas pour se concerter avec les Etats-Unis et moins encore les soutenir que ces sept Europ\u00e9ens s\u2019y \u00e9taient rendus lundi 18 ao\u00fbt. Ils y avaient accompagn\u00e9 Volodymyr Zelensky pour faire front contre Donald Trump, car trois jours apr\u00e8s qu\u2019il eut si chaleureusement re\u00e7u Vladimir Poutine \u00e0 Anchorage, tout leur laissait craindre qu\u2019il ne veuille faire accepter \u00e0 l\u2019Ukraine la reddition que le Kremlin exigeait d\u2019elle.<\/p>\n<p class=\"sc-ksZaOG ehjQrN text-element\">Ils n\u2019\u00e9taient pas l\u00e0 en alli\u00e9s des Etats-Unis, mais de l\u2019Ukraine, et c\u2019\u00e9tait, oui, du jamais vu, car lorsque des Europ\u00e9ens, France en t\u00eate, avaient tent\u00e9 d\u2019emp\u00eacher, en 2003, les Etats-Unis de se lancer dans leur aventure irakienne, l\u2019Union europ\u00e9enne s\u2019\u00e9tait fractur\u00e9e.<\/p>\n<p class=\"sc-ksZaOG ehjQrN text-element\">Grande-Bretagne en t\u00eate, une moiti\u00e9 de l\u2019Union s\u2019\u00e9tait tenue aux c\u00f4t\u00e9s des Am\u00e9ricains, mais aujourd\u2019hui, c\u2019est tout diff\u00e9rent. Brexit ou pas, Londres et Paris sont en premi\u00e8re ligne de la double bataille europ\u00e9enne contre les nostalgies imp\u00e9riales du Kremlin et contre la tentation trumpienne de s\u2019entendre avec la Russie sur le dos de l\u2019Ukraine et de l\u2019Europe enti\u00e8re. De la Baltique \u00e0 la M\u00e9diterran\u00e9e, de l\u2019Irlande au Donbass, l\u2019Europe est unie comme elle ne l\u2019a jamais \u00e9t\u00e9, pas plus sous Rome que sous Charlemagne, car au nord comme au sud, \u00e0 l\u2019est comme \u00e0 l\u2019ouest, les marches de l\u2019Union font bloc avec elle.<\/p>\n<p class=\"sc-ksZaOG ehjQrN text-element\">Cette unit\u00e9 des Europ\u00e9ens ne garantit rien, mais elle a chang\u00e9 la donne. Elle est l\u2019\u00e9v\u00e9nement car, sans elle, Am\u00e9ricains et Europ\u00e9ens ne plancheraient <\/p>\n","protected":false},"excerpt":{"rendered":"L\u2019\u00e9v\u00e9nement \u00e9tait absolument sans pr\u00e9c\u00e9dent. Ce n\u2019est pas pour se concerter avec les Etats-Unis et moins encore les&hellip;\n","protected":false},"author":2,"featured_media":348231,"comment_status":"","ping_status":"","sticky":false,"template":"","format":"standard","meta":{"footnotes":""},"categories":[1586],"tags":[11,75,1777,674,1011,27,12,25,220,364,135,134],"class_list":{"0":"post-348230","1":"post","2":"type-post","3":"status-publish","4":"format-standard","5":"has-post-thumbnail","7":"category-europe","8":"tag-actualites","9":"tag-donald-trump","10":"tag-eu","11":"tag-europe","12":"tag-fr","13":"tag-france","14":"tag-news","15":"tag-republique-francaise","16":"tag-ukraine","17":"tag-union-europeenne","18":"tag-vladimir-poutine","19":"tag-volodymyr-zelensky"},"share_on_mastodon":{"url":"https:\/\/pubeurope.com\/@fr\/115102211337515791","error":""},"_links":{"self":[{"href":"https:\/\/www.europesays.com\/fr\/wp-json\/wp\/v2\/posts\/348230","targetHints":{"allow":["GET"]}}],"collection":[{"href":"https:\/\/www.europesays.com\/fr\/wp-json\/wp\/v2\/posts"}],"about":[{"href":"https:\/\/www.europesays.com\/fr\/wp-json\/wp\/v2\/types\/post"}],"author":[{"embeddable":true,"href":"https:\/\/www.europesays.com\/fr\/wp-json\/wp\/v2\/users\/2"}],"replies":[{"embeddable":true,"href":"https:\/\/www.europesays.com\/fr\/wp-json\/wp\/v2\/comments?post=348230"}],"version-history":[{"count":0,"href":"https:\/\/www.europesays.com\/fr\/wp-json\/wp\/v2\/posts\/348230\/revisions"}],"wp:featuredmedia":[{"embeddable":true,"href":"https:\/\/www.europesays.com\/fr\/wp-json\/wp\/v2\/media\/348231"}],"wp:attachment":[{"href":"https:\/\/www.europesays.com\/fr\/wp-json\/wp\/v2\/media?parent=348230"}],"wp:term":[{"taxonomy":"category","embeddable":true,"href":"https:\/\/www.europesays.com\/fr\/wp-json\/wp\/v2\/categories?post=348230"},{"taxonomy":"post_tag","embeddable":true,"href":"https:\/\/www.europesays.com\/fr\/wp-json\/wp\/v2\/tags?post=348230"}],"curies":[{"name":"wp","href":"https:\/\/api.w.org\/{rel}","templated":true}]}}