{"id":348240,"date":"2025-08-27T18:49:17","date_gmt":"2025-08-27T18:49:17","guid":{"rendered":"https:\/\/www.europesays.com\/fr\/348240\/"},"modified":"2025-08-27T18:49:17","modified_gmt":"2025-08-27T18:49:17","slug":"martin-couvra-si-jarrive-a-gagner-la-carte-pour-le-pga-tour-cest-que-je-serai-pret","status":"publish","type":"post","link":"https:\/\/www.europesays.com\/fr\/348240\/","title":{"rendered":"Martin Couvra : \u00ab Si j\u2019arrive \u00e0 gagner la carte pour le PGA Tour, c\u2019est que je serai pr\u00eat \u00bb"},"content":{"rendered":"<p>\t\t\t\t\t\t<img width=\"770\" height=\"556\" src=\"https:\/\/www.europesays.com\/fr\/wp-content\/uploads\/2025\/06\/martincouvravideo-770x556.jpg\" class=\"img-responsive wp-post-image\" alt=\"\" decoding=\"async\" fetchpriority=\"high\"  \/>\t\t\t\t\t<\/p>\n<p>\t\t\t\t\t\t Partager cet article <\/p>\n<p class=\"screen-reader-text juiz_sps_maybe_hidden_text\">Partager la publication \u00ab\u00a0Martin Couvra : \u00ab Si j\u2019arrive \u00e0 gagner la carte pour le PGA Tour, c\u2019est que je serai pr\u00eat \u00bb\u00a0\u00bb<\/p>\n<p><strong>Martin Couvra d\u00e9couvre cette semaine l\u2019Omega European Masters et son parcours de Crans-sur-Sierre. Le jeune Fran\u00e7ais, actuellement huiti\u00e8me de la Race to Duba\u00ef, compte bien \u00e9voluer sur le PGA Tour l\u2019an prochain. Avant cela, il a coch\u00e9 le FedEx Open de France (18-21 septembre) comme un gros objectif.<\/strong><\/p>\n<p>\t\t\t\t\t<a id=\"172238\" href=\"https:\/\/www.proambiarritz.com\/\" target=\"_blank\" rel=\"sponsorised nofollow noopener\"><img decoding=\"async\" src=\"data:image\/svg+xml,%3Csvg%20xmlns=\" http:=\"\" class=\"img-responsive\" alt=\"\" data-lazy-src=\"https:\/\/www.europesays.com\/fr\/wp-content\/uploads\/2025\/05\/golffirst_e03-proam-biarritz-1170x275-1.gif\"\/><\/a><\/p>\n<p><strong>Nathan CARDET, \u00e0 Crans-Montana<\/strong><\/p>\n<p><strong>Martin Couvra<\/strong> a retrouv\u00e9 les fairways du <strong>DP World Tour<\/strong> la semaine pass\u00e9e au <strong>Belfry<\/strong> apr\u00e8s pr\u00e8s d\u2019un mois de pause. Si tout ne s\u2019est pas pass\u00e9 comme pr\u00e9vu en Angleterre (cut manqu\u00e9), le jeune homme de 20 ans a pu recharger les batteries durant l\u2019\u00e9t\u00e9.<\/p>\n<p>\u00ab J\u2019\u00e9tais avec tous mes amis qui ne sont pas forc\u00e9ment golfeurs, on a pris des vacances ensemble, un peu de temps en famille et \u00e0 la maison, \u00e7a a fait vraiment du bien, raconte le vainqueur du <strong>Turkish Open 2025<\/strong>. J\u2019ai beaucoup pens\u00e9 au golf ces derniers mois. Penser \u00e0 autre chose, \u00e7a fait du bien aussi. Il fallait avoir un peu ce moment pour soi. \u00bb<\/p>\n<p>\t\t\t\t\t<a id=\"183294\" href=\"https:\/\/golfplus.fr\/kit-1-2-serie-graphite-p4785.html\" target=\"_blank\" rel=\"sponsorised nofollow noopener\"><img decoding=\"async\" src=\"data:image\/svg+xml,%3Csvg%20xmlns=\" http:=\"\" class=\"img-responsive\" alt=\"\" data-lazy-src=\"https:\/\/www.europesays.com\/fr\/wp-content\/uploads\/2025\/08\/golfplus-e22-kits-greens-1170x275-1.jpg\"\/><\/a><br \/>\nUne premi\u00e8re \u00e0 Crans<\/p>\n<p>L\u2019ancien membre de l\u2019\u00c9quipe de France esp\u00e8re repartir sur de bonnes bases \u00e0 <strong>Crans-Montana<\/strong>. Il d\u00e9couvre d\u2019ailleurs ce tournoi et savoure le trac\u00e9 du <strong>Crans-sur-Sierre<\/strong>. \u00ab C\u2019est magnifique, l\u2019endroit est juste superbe. J\u2019esp\u00e8re que la m\u00e9t\u00e9o va tenir car les premiers jours, c\u2019\u00e9tait vraiment parfait. Je suis super content d\u2019\u00eatre ici. \u00bb<\/p>\n<p>Le rookie appr\u00e9cie \u00e9galement l\u2019ambiance qui r\u00e8gne dans la station de ski des Alpes suisses, avec ce parcours de golf situ\u00e9 en plein c\u0153ur du village. \u00ab C\u2019est beaucoup plus familial que les autres tournois, confirme-t-il. Beaucoup de joueurs sont avec leur famille ou leurs amis. Tout le monde est dans un tr\u00e8s bon \u201cmood\u201d. \u00bb<\/p>\n<p>\t\t\t\t\t<a id=\"181417\" href=\"https:\/\/cabotbordeaux.com\/fr\/booking\/training-golf\" target=\"_blank\" rel=\"sponsorised nofollow noopener\"><img decoding=\"async\" src=\"data:image\/svg+xml,%3Csvg%20xmlns=\" http:=\"\" class=\"img-responsive\" alt=\"\" data-lazy-src=\"https:\/\/www.europesays.com\/fr\/wp-content\/uploads\/2025\/08\/cabot-e04-stage-septembre-1170x275-1.gif\"\/><\/a><br \/>\nLe PGA Tour en ligne de mire<\/p>\n<p>Pour sa premi\u00e8re saison sur le DP World Tour, Martin Couvra fait d\u00e9j\u00e0 tr\u00e8s forte impression entre sa victoire en Turquie d\u00e9but mai, sa deuxi\u00e8me place en Italie fin juin, qui lui a permis de prendre part mi-juillet \u00e0 <strong>The Open<\/strong> au <strong>Royal Portrush<\/strong>, et ses cinq autres top 10. Des r\u00e9sultats qui le positionnent aujourd\u2019hui \u00e0 la huiti\u00e8me place provisoire de la <strong>Race to Duba\u00ef<\/strong>\u00a0et qui le qualifient pour l\u2019instant pour le <strong>PGA Tour 2026<\/strong>.<\/p>\n<p>\u00ab L\u2019objectif d\u2019abord, c\u2019est de finir la saison correctement, il y a encore une dizaine de tournois \u00e0 jouer, il faut faire de bonnes semaines, temp\u00e8re-t-il. Mais oui, forc\u00e9ment, l\u2019objectif est de jouer le PGA Tour l\u2019ann\u00e9e prochaine. Si j\u2019arrive \u00e0 gagner la carte pour y aller, c\u2019est que je serai pr\u00eat pour ce circuit. \u00c0 l\u2019inverse, si je ne l\u2019obtiens pas, \u00e7a voudra dire que je ne le suis pas encore. \u00bb<\/p>\n<blockquote><p>\nJe vais jouer mon premier Open national en tant que professionnel, \u00e7a va \u00eatre particulier\n<\/p><\/blockquote>\n<p>L\u2019autre grand objectif de cette fin d\u2019ann\u00e9e, c\u2019est le <strong>FedEx Open de France<\/strong>. Le Tricolore sera bien pr\u00e9sent du 18 au 21 septembre prochain \u00e0 <strong>Saint-Nom-la-Bret\u00e8che (78)<\/strong>. \u00ab C\u2019est un vrai objectif pour moi, confirme le vainqueur du <strong>Challenge de Espa\u00f1a 2023<\/strong>. Je vais jouer mon premier Open national en tant que professionnel. \u00c7a va \u00eatre particulier, j\u2019ai h\u00e2te d\u2019y \u00eatre. Jouer dans son pays, avec les spectateurs fran\u00e7ais, surtout \u00e0 Saint-Nom-la-Bret\u00e8che o\u00f9 j\u2019ai beaucoup de bons souvenirs, \u00e7a va \u00eatre exceptionnel. \u00bb<\/p>\n<p>Malgr\u00e9 son jeune \u00e2ge, il ne d\u00e9couvrira pas le trac\u00e9 de l\u2019ouest parisien. \u00ab J\u2019y ai jou\u00e9 les Championnats du monde et la Gounouilhou. C\u2019est un endroit vraiment particulier pour moi. J\u2019aime beaucoup l\u2019ambiance de ce club, les joueurs et les membres. Il y aura du monde, \u00e7a va \u00eatre tr\u00e8s sympa. \u00bb<\/p>\n<p>\u00a0<\/p>\n<p>\u00a0<\/p>\n<p>\u00a0<\/p>\n<p>\u00a9JAN KRUGER \/ GETTY IMAGES EUROPE \/ Getty Images via AFP)<\/p>\n","protected":false},"excerpt":{"rendered":"Partager cet article Partager la publication \u00ab\u00a0Martin Couvra : \u00ab Si j\u2019arrive \u00e0 gagner la carte pour le&hellip;\n","protected":false},"author":2,"featured_media":213840,"comment_status":"","ping_status":"","sticky":false,"template":"","format":"standard","meta":{"footnotes":""},"categories":[1418],"tags":[1011,27,1472,60],"class_list":{"0":"post-348240","1":"post","2":"type-post","3":"status-publish","4":"format-standard","5":"has-post-thumbnail","7":"category-golf","8":"tag-fr","9":"tag-france","10":"tag-golf","11":"tag-sports"},"share_on_mastodon":{"url":"https:\/\/pubeurope.com\/@fr\/115102231148621401","error":""},"_links":{"self":[{"href":"https:\/\/www.europesays.com\/fr\/wp-json\/wp\/v2\/posts\/348240","targetHints":{"allow":["GET"]}}],"collection":[{"href":"https:\/\/www.europesays.com\/fr\/wp-json\/wp\/v2\/posts"}],"about":[{"href":"https:\/\/www.europesays.com\/fr\/wp-json\/wp\/v2\/types\/post"}],"author":[{"embeddable":true,"href":"https:\/\/www.europesays.com\/fr\/wp-json\/wp\/v2\/users\/2"}],"replies":[{"embeddable":true,"href":"https:\/\/www.europesays.com\/fr\/wp-json\/wp\/v2\/comments?post=348240"}],"version-history":[{"count":0,"href":"https:\/\/www.europesays.com\/fr\/wp-json\/wp\/v2\/posts\/348240\/revisions"}],"wp:featuredmedia":[{"embeddable":true,"href":"https:\/\/www.europesays.com\/fr\/wp-json\/wp\/v2\/media\/213840"}],"wp:attachment":[{"href":"https:\/\/www.europesays.com\/fr\/wp-json\/wp\/v2\/media?parent=348240"}],"wp:term":[{"taxonomy":"category","embeddable":true,"href":"https:\/\/www.europesays.com\/fr\/wp-json\/wp\/v2\/categories?post=348240"},{"taxonomy":"post_tag","embeddable":true,"href":"https:\/\/www.europesays.com\/fr\/wp-json\/wp\/v2\/tags?post=348240"}],"curies":[{"name":"wp","href":"https:\/\/api.w.org\/{rel}","templated":true}]}}