{"id":348241,"date":"2025-08-27T18:51:10","date_gmt":"2025-08-27T18:51:10","guid":{"rendered":"https:\/\/www.europesays.com\/fr\/348241\/"},"modified":"2025-08-27T18:51:10","modified_gmt":"2025-08-27T18:51:10","slug":"top-14-un-nouveau-consultant-tout-juste-retraite-debarque-sur-canal","status":"publish","type":"post","link":"https:\/\/www.europesays.com\/fr\/348241\/","title":{"rendered":"Top 14 \u2013 Un nouveau consultant tout juste retrait\u00e9 d\u00e9barque sur Canal +"},"content":{"rendered":"<p>\n                Fra\u00eechement retrait\u00e9, Nans Ducuing rejoint l\u2019\u00e9quipe du \u00ab\u00a0Canal Rugby Club\u00a0\u00bb pour la rentr\u00e9e du Top 14 \u00e0 venir. L\u2019ancien Bordelais s\u2019ajoute \u00e0 la liste des consultants d\u00e9j\u00e0 pr\u00e9sents et apportera son exp\u00e9rience r\u00e9cente de joueur en activit\u00e9 dans le championnat.\n            <\/p>\n<p>Dans une mise en sc\u00e8ne aux couleurs de sa personnalit\u00e9, Nans Ducuing vient d\u2019annoncer en vid\u00e9o son arriv\u00e9e au sein de la cha\u00eene Canal +. D\u00e8s la rentr\u00e9e, il \u00e9voluera en tant que consultant dans l\u2019\u00e9mission du \u00ab\u00a0Canal Rugby Club\u00a0\u00bb pr\u00e9sent\u00e9e par Astrid Bard et Guilhem Garrigues. Pour rappel, il avait d\u00e9j\u00e0 \u00e9t\u00e9 consultant sur la cha\u00eene M6 en 2023, \u00e0 l\u2019occasion de la Coupe du monde qui se d\u00e9roulait en France.<\/p>\n<p>Pour ses premiers pas sur la cha\u00eene crypt\u00e9e, l\u2019ancien international fran\u00e7ais aux quatre s\u00e9lections\u00a0rejoint une \u00e9quipe d\u00e9j\u00e0 bien ficel\u00e9e au c\u00f4t\u00e9 de\u00a0noms du rugby tels que S\u00e9bastien Chabal, Marie-Alice Yah\u00e9, Marc Li\u00e8vremont ou encore Thierry Dusautoir. L\u2019ancien arri\u00e8re\u00a0apportera son exp\u00e9rience et surtout son point de vue de joueur <strong><a href=\"https:\/\/www.rugbyrama.fr\/2025\/01\/21\/top-14-je-ferme-le-rideau-dans-une-video-hilarante-nans-ducuing-annonce-la-fin-sa-carriere-a-lissue-de-la-saison-12460741.php\" target=\"_self\" rel=\"nofollow noopener\">tout juste retrait\u00e9<\/a><\/strong> qui \u00e9voluait encore en Top 14 la saison derni\u00e8re avec son club de l\u2019Union Bordeaux B\u00e8gles.<\/p>\n","protected":false},"excerpt":{"rendered":"Fra\u00eechement retrait\u00e9, Nans Ducuing rejoint l\u2019\u00e9quipe du \u00ab\u00a0Canal Rugby Club\u00a0\u00bb pour la rentr\u00e9e du Top 14 \u00e0 venir.&hellip;\n","protected":false},"author":2,"featured_media":348242,"comment_status":"","ping_status":"","sticky":false,"template":"","format":"standard","meta":{"footnotes":""},"categories":[1416],"tags":[1011,27,479,1468,60],"class_list":{"0":"post-348241","1":"post","2":"type-post","3":"status-publish","4":"format-standard","5":"has-post-thumbnail","7":"category-rugby","8":"tag-fr","9":"tag-france","10":"tag-rugby","11":"tag-rugby-football","12":"tag-sports"},"share_on_mastodon":{"url":"https:\/\/pubeurope.com\/@fr\/115102238911237064","error":""},"_links":{"self":[{"href":"https:\/\/www.europesays.com\/fr\/wp-json\/wp\/v2\/posts\/348241","targetHints":{"allow":["GET"]}}],"collection":[{"href":"https:\/\/www.europesays.com\/fr\/wp-json\/wp\/v2\/posts"}],"about":[{"href":"https:\/\/www.europesays.com\/fr\/wp-json\/wp\/v2\/types\/post"}],"author":[{"embeddable":true,"href":"https:\/\/www.europesays.com\/fr\/wp-json\/wp\/v2\/users\/2"}],"replies":[{"embeddable":true,"href":"https:\/\/www.europesays.com\/fr\/wp-json\/wp\/v2\/comments?post=348241"}],"version-history":[{"count":0,"href":"https:\/\/www.europesays.com\/fr\/wp-json\/wp\/v2\/posts\/348241\/revisions"}],"wp:featuredmedia":[{"embeddable":true,"href":"https:\/\/www.europesays.com\/fr\/wp-json\/wp\/v2\/media\/348242"}],"wp:attachment":[{"href":"https:\/\/www.europesays.com\/fr\/wp-json\/wp\/v2\/media?parent=348241"}],"wp:term":[{"taxonomy":"category","embeddable":true,"href":"https:\/\/www.europesays.com\/fr\/wp-json\/wp\/v2\/categories?post=348241"},{"taxonomy":"post_tag","embeddable":true,"href":"https:\/\/www.europesays.com\/fr\/wp-json\/wp\/v2\/tags?post=348241"}],"curies":[{"name":"wp","href":"https:\/\/api.w.org\/{rel}","templated":true}]}}