{"id":348245,"date":"2025-08-27T18:54:13","date_gmt":"2025-08-27T18:54:13","guid":{"rendered":"https:\/\/www.europesays.com\/fr\/348245\/"},"modified":"2025-08-27T18:54:13","modified_gmt":"2025-08-27T18:54:13","slug":"vers-une-cession-de-ktm-racing-ag-a-des-investisseurs-americains","status":"publish","type":"post","link":"https:\/\/www.europesays.com\/fr\/348245\/","title":{"rendered":"vers une cession de KTM Racing AG \u00e0 des investisseurs am\u00e9ricains"},"content":{"rendered":"<p>Selon plusieurs sources, KTM pourrait isoler sa filiale suisse KTM Racing AG, v\u00e9ritable pilier logistique et sportif de son programme MotoGP, pour ensuite la c\u00e9der \u00e0 des investisseurs disposant d\u2019une puissance financi\u00e8re cons\u00e9quente. Cette man\u0153uvre viserait \u00e0 renforcer la stabilit\u00e9 \u00e9conomique de la marque, tout en assurant la p\u00e9rennit\u00e9 de son engagement en comp\u00e9tition.<\/p>\n<p><b>Une situation paradoxale<\/b><\/p>\n<p>Sur la piste, KTM affiche pourtant une sant\u00e9 \u00e9clatante : Pedro Acosta s\u2019est illustr\u00e9 par une deuxi\u00e8me place \u00e0 Balaton Park, tandis que Brad Binder et Pol Espargar\u00f3 se maintiennent dans le top 10. En Moto3, la domination des machines autrichiennes est totale avec une large avance au classement. Malgr\u00e9 ce succ\u00e8s sportif, la direction semble vouloir revoir sa strat\u00e9gie autour de la division course.<\/p>\n<p>\u00a0<\/p>\n<p><b>Des investisseurs am\u00e9ricains \u00e0 l\u2019horizon<\/b><\/p>\n<p>La perspective d\u2019une prise de contr\u00f4le par des fonds am\u00e9ricains interroge : entre injection de capitaux frais et volont\u00e9 de garder l\u2019ADN europ\u00e9en de KTM, l\u2019\u00e9quilibre s\u2019annonce d\u00e9licat pour l\u2019\u00e9curie Autrichienne. Ce transfert pourrait toutefois garantir une nouvelle impulsion financi\u00e8re et organisationnelle pour rester comp\u00e9titif face aux g\u00e9ants japonais et italiens.<\/p>\n<p>Le contraste est saisissant entre l\u2019\u00e9lan sportif de KTM et l\u2019incertitude de sa gouvernance. Si la cession de KTM Racing AG se confirme, le MotoGP pourrait voir \u00e9merger une \u00e8re in\u00e9dite, o\u00f9 la marque orange \u00e9voluerait sous une influence am\u00e9ricaine sans pr\u00e9c\u00e9dent.<\/p>\n<p>    Partagez cette info avec vos amis et vos proches en cliquant ici  <\/p>\n<p> Podcasts \u00e0 la une MEN LIFE <\/p>\n<p>    KTM : vers une cession choc de KTM Racing AG en MotoGP ?<\/p>\n<p>Malgr\u00e9 de solides r\u00e9sultats en piste, KTM traverse une zone de turbulences en coulisses. Pierer et Bajaj envisageraient de c\u00e9der KTM Racing AG, la structure centrale du programme MotoGP, \u00e0 des investisseurs am\u00e9ricains. Une man\u0153uvre qui pourrait bouleverser l\u2019avenir de l\u2019\u00e9curie autrichienne.<\/p>\n<p>R\u00e9dacteur<\/p>\n<p><img decoding=\"async\" width=\"76\" height=\"76\" loading=\"lazy\" src=\"https:\/\/www.europesays.com\/fr\/wp-content\/uploads\/2025\/04\/avatar-sport-am.png\" alt=\"Victor Teyssier\"\/><\/p>\n","protected":false},"excerpt":{"rendered":"Selon plusieurs sources, KTM pourrait isoler sa filiale suisse KTM Racing AG, v\u00e9ritable pilier logistique et sportif de&hellip;\n","protected":false},"author":2,"featured_media":348246,"comment_status":"","ping_status":"","sticky":false,"template":"","format":"standard","meta":{"footnotes":""},"categories":[1413],"tags":[1011,27,1457,1456,60],"class_list":{"0":"post-348245","1":"post","2":"type-post","3":"status-publish","4":"format-standard","5":"has-post-thumbnail","7":"category-moto","8":"tag-fr","9":"tag-france","10":"tag-moto","11":"tag-motocycle","12":"tag-sports"},"share_on_mastodon":{"url":"https:\/\/pubeurope.com\/@fr\/115102250921221526","error":""},"_links":{"self":[{"href":"https:\/\/www.europesays.com\/fr\/wp-json\/wp\/v2\/posts\/348245","targetHints":{"allow":["GET"]}}],"collection":[{"href":"https:\/\/www.europesays.com\/fr\/wp-json\/wp\/v2\/posts"}],"about":[{"href":"https:\/\/www.europesays.com\/fr\/wp-json\/wp\/v2\/types\/post"}],"author":[{"embeddable":true,"href":"https:\/\/www.europesays.com\/fr\/wp-json\/wp\/v2\/users\/2"}],"replies":[{"embeddable":true,"href":"https:\/\/www.europesays.com\/fr\/wp-json\/wp\/v2\/comments?post=348245"}],"version-history":[{"count":0,"href":"https:\/\/www.europesays.com\/fr\/wp-json\/wp\/v2\/posts\/348245\/revisions"}],"wp:featuredmedia":[{"embeddable":true,"href":"https:\/\/www.europesays.com\/fr\/wp-json\/wp\/v2\/media\/348246"}],"wp:attachment":[{"href":"https:\/\/www.europesays.com\/fr\/wp-json\/wp\/v2\/media?parent=348245"}],"wp:term":[{"taxonomy":"category","embeddable":true,"href":"https:\/\/www.europesays.com\/fr\/wp-json\/wp\/v2\/categories?post=348245"},{"taxonomy":"post_tag","embeddable":true,"href":"https:\/\/www.europesays.com\/fr\/wp-json\/wp\/v2\/tags?post=348245"}],"curies":[{"name":"wp","href":"https:\/\/api.w.org\/{rel}","templated":true}]}}