{"id":348251,"date":"2025-08-27T18:57:11","date_gmt":"2025-08-27T18:57:11","guid":{"rendered":"https:\/\/www.europesays.com\/fr\/348251\/"},"modified":"2025-08-27T18:57:11","modified_gmt":"2025-08-27T18:57:11","slug":"lom-tient-sa-7e-recrue-estivale","status":"publish","type":"post","link":"https:\/\/www.europesays.com\/fr\/348251\/","title":{"rendered":"L\u2019OM tient sa 7e recrue estivale"},"content":{"rendered":"<p><strong>L\u2019OM a valid\u00e9 ce mercredi le<br \/>\nrecrutement d\u2019un septi\u00e8me joueur en cet \u00e9t\u00e9<br \/>\nmouvement\u00e9.<\/strong><\/p>\n<p>\u00ab\u00a0Here we go\u00a0\u00bb, selon la formule consacr\u00e9e et<br \/>\nattribu\u00e9e au sp\u00e9cialiste du mercato Fabrizio Romano. Dans un<br \/>\ntumulte assourdissant provoqu\u00e9 par un revirement inattendu dans le<br \/>\ndossier Dani Ceballos (*), l\u2019OM est tout de m\u00eame parvenu \u00e0<br \/>\nboucler <strong><a href=\"https:\/\/www.sports.fr\/football\/mercato\" rel=\"nofollow noopener\" target=\"_blank\">un<br \/>\nrenfort devenu n\u00e9cessaire<\/a><\/strong> au vu de l\u2019actualit\u00e9<br \/>\nincandescente du club.<\/p>\n<p>Dans le cadre d\u2019un transfert \u00e0 7 millions d\u2019euros assorti d\u2019un<br \/>\nint\u00e9ressement \u00e0 la revente de 50% en faveur de Bournemouth, Hamed<br \/>\nJunior Traor\u00e8 va bel et bien devenir la septi\u00e8me recrue estivale<br \/>\ndes Phoc\u00e9ens. Apr\u00e8s Angel Gomes, CJ Egan-Riley, Facundo Medina,<br \/>\nPierre-Emerick Aubameyang, Igor Paixao et Timothy Weah.<\/p>\n<p>Encore trois \u00e0 quatre recrues attendues<\/p>\n<p>Sp\u00e9cialiste du flanc gauche, l\u2019international ivoirien de 25 ans<br \/>\nva signer un contrat de cinq ans, rempla\u00e7ant ainsi dans l\u2019effectif<br \/>\nde Roberto De Zerbi un Jonathan Rowe fra\u00eechement transf\u00e9r\u00e9 \u00e0<br \/>\nBologne. Pass\u00e9 sous les ordres du technicien italien suscit\u00e9 \u00e0<br \/>\nSassuolo entre 2021 et 2023, l\u2019int\u00e9ress\u00e9 s\u2019\u00e9tait distingu\u00e9 en pr\u00eat<br \/>\n\u00e0 Auxerre la saison pass\u00e9e, avec \u00e0 son cr\u00e9dit 10 buts et 2 passes<br \/>\nd\u00e9cisives en 26 matches de Ligue 1.<\/p>\n<blockquote class=\"twitter-tweet\"><p><a class=\"twitter-link\" rel=\"noindex, nofollow noopener\" href=\"https:\/\/twitter.com\/sports_fr\/status\/1960757403168780578\" target=\"_blank\"><\/p><\/blockquote>\n<p>Le mercato marseillais n\u2019est par clos pour autant. Sont encore<br \/>\nattendus un d\u00e9fenseur axial et un lat\u00e9ral gauche, qui pourraient<br \/>\n\u00eatre l\u2019Equatorien du Club Bruges Joel Ordonez et l\u2019Italo-Br\u00e9silien<br \/>\nde West Ham Emerson Palmieri. Un voire deux milieux de terrain sont<br \/>\npar ailleurs esp\u00e9r\u00e9s d\u2019ici le 1er septembre 20h.<\/p>\n<p>\u00a0(*) La direction marseillaise a mis fin ce mercredi<br \/>\naux discussions avec le milieu de terrain espagnol de 29 ans tandis<br \/>\nque ce dernier demandait un d\u00e9lai de r\u00e9flexion. Ce malgr\u00e9 l\u2019accord<br \/>\nalors trouv\u00e9 entre l\u2019OM et le Real Madrid pour un pr\u00eat avec option<br \/>\nd\u2019achat.<\/p>\n<p><script async src=\"https:\/\/platform.twitter.com\/widgets.js\" charset=\"utf-8\"><\/script><\/p>\n","protected":false},"excerpt":{"rendered":"L\u2019OM a valid\u00e9 ce mercredi le recrutement d\u2019un septi\u00e8me joueur en cet \u00e9t\u00e9 mouvement\u00e9. \u00ab\u00a0Here we go\u00a0\u00bb, selon&hellip;\n","protected":false},"author":2,"featured_media":348252,"comment_status":"","ping_status":"","sticky":false,"template":"","format":"standard","meta":{"footnotes":""},"categories":[1410],"tags":[63,1011,27,60],"class_list":{"0":"post-348251","1":"post","2":"type-post","3":"status-publish","4":"format-standard","5":"has-post-thumbnail","7":"category-football","8":"tag-football","9":"tag-fr","10":"tag-france","11":"tag-sports"},"share_on_mastodon":{"url":"https:\/\/pubeurope.com\/@fr\/115102262596200688","error":""},"_links":{"self":[{"href":"https:\/\/www.europesays.com\/fr\/wp-json\/wp\/v2\/posts\/348251","targetHints":{"allow":["GET"]}}],"collection":[{"href":"https:\/\/www.europesays.com\/fr\/wp-json\/wp\/v2\/posts"}],"about":[{"href":"https:\/\/www.europesays.com\/fr\/wp-json\/wp\/v2\/types\/post"}],"author":[{"embeddable":true,"href":"https:\/\/www.europesays.com\/fr\/wp-json\/wp\/v2\/users\/2"}],"replies":[{"embeddable":true,"href":"https:\/\/www.europesays.com\/fr\/wp-json\/wp\/v2\/comments?post=348251"}],"version-history":[{"count":0,"href":"https:\/\/www.europesays.com\/fr\/wp-json\/wp\/v2\/posts\/348251\/revisions"}],"wp:featuredmedia":[{"embeddable":true,"href":"https:\/\/www.europesays.com\/fr\/wp-json\/wp\/v2\/media\/348252"}],"wp:attachment":[{"href":"https:\/\/www.europesays.com\/fr\/wp-json\/wp\/v2\/media?parent=348251"}],"wp:term":[{"taxonomy":"category","embeddable":true,"href":"https:\/\/www.europesays.com\/fr\/wp-json\/wp\/v2\/categories?post=348251"},{"taxonomy":"post_tag","embeddable":true,"href":"https:\/\/www.europesays.com\/fr\/wp-json\/wp\/v2\/tags?post=348251"}],"curies":[{"name":"wp","href":"https:\/\/api.w.org\/{rel}","templated":true}]}}