{"id":348253,"date":"2025-08-27T18:58:10","date_gmt":"2025-08-27T18:58:10","guid":{"rendered":"https:\/\/www.europesays.com\/fr\/348253\/"},"modified":"2025-08-27T18:58:10","modified_gmt":"2025-08-27T18:58:10","slug":"limpression-de-perdre-sa-femme","status":"publish","type":"post","link":"https:\/\/www.europesays.com\/fr\/348253\/","title":{"rendered":"L\u2019impression de perdre sa femme"},"content":{"rendered":"<p>Pour beaucoup, Adriana Karembeu repr\u00e9sente l\u2019id\u00e9al f\u00e9minin. Il<br \/>\nfaut dire que la jolie blonde a \u00e9t\u00e9 particuli\u00e8rement g\u00e2t\u00e9e par la<br \/>\nnature. D\u2019ailleurs, plusieurs hommes ont succomb\u00e9 \u00e0 son charme. Il<br \/>\ny a bien \u00e9videmment Christian Karembeu, champion du monde 98 avec<br \/>\nqui elle est rest\u00e9e mari\u00e9e plus de dix ans. C\u2019est ensuite aupr\u00e8s<br \/>\nd\u2019Aram Ohanian qu\u2019Adriana trouve du r\u00e9confort. La sculpturale<br \/>\nblonde \u00e9pouse l\u2019homme d\u2019affaires en 2014 et une adorable petite<br \/>\nfille pr\u00e9nomm\u00e9e Nina vient se greffer \u00e0 leur bonheur.<\/p>\n<p>Adriana Karembeu se confie sur sa grossesse tardive<\/p>\n<p>Une grossesse tardive pour Adriana Karembeu qui a connu<br \/>\n<strong>les joies de la maternit\u00e9 pour la premi\u00e8re fois \u00e0 l\u2019\u00e2ge de<br \/>\n46 ans<\/strong>. Un accouchement qu\u2019elle qualifie d\u2019ailleurs de<br \/>\n<strong>\u00ab\u00a0miracle\u00a0\u00bb<\/strong>. Aujourd\u2019hui, la cinquantenaire<br \/>\nest tr\u00e8s proche de sa fille, voire fusionnelle avec elle, si bien<br \/>\nqu\u2019elle admet \u00eatre une \u00ab\u00a0maman louve\u00a0\u00bb. \u00ab\u00a0J\u2019esp\u00e8re ne pas<br \/>\n\u00eatre trop protectrice. <strong>J\u2019essaie de me<br \/>\nma\u00eetriser\u00a0\u00bb<\/strong>, d\u00e9voilait-elle pr\u00e9c\u00e9demment aupr\u00e8s de<br \/>\nT\u00e9l\u00e9 Star.<\/p>\n<p>Dans les colonnes de Gala cette fois-ci, <a href=\"https:\/\/www.melty.fr\/people\/en-couple-adriana-karembeu-balance-sur-son-intimite-il-dort-dans-une-autre-piece-2257491.html\" target=\"_blank\" rel=\"noopener\"><br \/>\nAdriana avouait qu\u2019elle dormait encore avec Nina<\/a> : \u00ab\u00a0\u00c0<br \/>\nMarrakech, je vis \u00e0 l\u00a0\u00bbh\u00f4tel et l\u00e0, <strong>je partage une immense<br \/>\nchambre avec ma fille<\/strong> &#8211; dans laquelle j&rsquo;ai m\u00eame fait<br \/>\ninstaller un toboggan pour qu&rsquo;elle joue. <strong>Aram, lui, dort<br \/>\ndans une autre pi\u00e8ce<\/strong>. Dans le nord (de l&rsquo;Europe, NDLR),<br \/>\nles enfants dorment avec leur maman en co-sleeping jusqu&rsquo;\u00e0<br \/>\ntard\u00a0\u00bb.<\/p>\n<p>Cette \u00e9preuve travers\u00e9e durant son mariage avec Aram<br \/>\nOhanian<\/p>\n<p>De toute \u00e9vidence, <strong>la petite Nina prend beaucoup de<br \/>\nplace dans la vie de l\u2019ancien mannequin<\/strong>. Tellement qu\u2019Aram<br \/>\nOhanian s\u2019est \u00e0 un moment donn\u00e9 <strong>senti d\u00e9laiss\u00e9<\/strong>.<br \/>\n<strong>\u00ab\u00a0Lorsque Nina est n\u00e9e, Aram a eu l\u2019impression de perdre<br \/>\nsa femme\u00a0\u00bb<\/strong>, confiait-elle ainsi en toute transparence<br \/>\naupr\u00e8s de nos confr\u00e8res de Paris Match en 2020, soit deux ans apr\u00e8s<br \/>\nla naissance de sa fille.<\/p>\n<p>Et de poursuivre sans d\u00e9tour : \u00ab\u00a0Un b\u00e9b\u00e9 demande tant<br \/>\nd\u2019attention ! <strong>Au d\u00e9but, c\u2019\u00e9tait difficile pour<br \/>\nlui<\/strong>. Il a fallu beaucoup parler. <strong>Toutes les<br \/>\nattentions que je lui portais avant lui manquaient<\/strong>.<br \/>\nAujourd\u2019hui, notre fille est plus grande, alors je partage mieux<br \/>\nmon temps\u00a0\u00bb.<\/p>\n<p>Adriana Karembeu s\u00e9par\u00e9e mais en bons<br \/>\ntermes avec le p\u00e8re de sa fille<\/p>\n<p>Si le couple a finalement r\u00e9ussi \u00e0 se retrouver apr\u00e8s l\u2019arriv\u00e9e<br \/>\nde leur petite fille au sein du foyer, <strong>Adriana Karembeu et<br \/>\nAram Ohanian n\u2019\u00e9chappent pas \u00e0 la rupture<\/strong> quelques ann\u00e9es<br \/>\nplus tard. <strong>\u00ab\u00a0Le Covid a chang\u00e9 beaucoup de choses dans<br \/>\nmon couple\u00a0\u00bb<\/strong>, avouait-elle pr\u00e9c\u00e9demment lors d\u2019une<br \/>\ninterview accord\u00e9e \u00e0 Cin\u00e9 T\u00e9l\u00e9 Revue.<\/p>\n<p>Malgr\u00e9 <a href=\"https:\/\/www.melty.fr\/people\/apres-sa-separation-adriana-karembeu-balance-sur-cette-difficulte-ce-nest-jamais-agreable-2258024.html\" target=\"_blank\" rel=\"noopener\"><br \/>\ncette s\u00e9paration difficile<\/a>, <strong>les deux parents de Nina<br \/>\nont su rester proches<\/strong>. Aujourd\u2019hui encore, <strong>le trio<br \/>\npasse des vacances ensemble<\/strong> dans le but de<br \/>\n<strong>pr\u00e9server au mieux cette harmonie familiale<\/strong>. De<br \/>\nson c\u00f4t\u00e9, Adriana Karembeu a <strong>retrouv\u00e9 l\u2019amour dans les bras<br \/>\nde Marc Lavoine<\/strong> depuis plus d\u2019un an. Un bonheur qui lui<br \/>\nfait le plus grand bien. Idem pour le chanteur qui a lanc\u00e9<br \/>\nfi\u00e8rement : \u00ab\u00a0Je crois que <strong>j\u2019ai trouv\u00e9 avec Adriana la<br \/>\npersonne qu\u2019il me fallait<\/strong>. C\u2019est-\u00e0-dire que quand je me<br \/>\ndemande si je suis heureux, la r\u00e9ponse est franchement oui.<br \/>\n<strong>Je n\u2019ai jamais \u00e9t\u00e9 aussi bien\u00a0\u00bb<\/strong>. Une idylle<br \/>\ncomme on les aime.<\/p>\n","protected":false},"excerpt":{"rendered":"Pour beaucoup, Adriana Karembeu repr\u00e9sente l\u2019id\u00e9al f\u00e9minin. Il faut dire que la jolie blonde a \u00e9t\u00e9 particuli\u00e8rement g\u00e2t\u00e9e&hellip;\n","protected":false},"author":2,"featured_media":348254,"comment_status":"","ping_status":"","sticky":false,"template":"","format":"standard","meta":{"footnotes":""},"categories":[1359],"tags":[905,6382,58,59,1011,27,973],"class_list":{"0":"post-348253","1":"post","2":"type-post","3":"status-publish","4":"format-standard","5":"has-post-thumbnail","7":"category-people","8":"tag-a-la-une-melty","9":"tag-adriana-karembeu","10":"tag-divertissement","11":"tag-entertainment","12":"tag-fr","13":"tag-france","14":"tag-people"},"share_on_mastodon":{"url":"https:\/\/pubeurope.com\/@fr\/115102266464915356","error":""},"_links":{"self":[{"href":"https:\/\/www.europesays.com\/fr\/wp-json\/wp\/v2\/posts\/348253","targetHints":{"allow":["GET"]}}],"collection":[{"href":"https:\/\/www.europesays.com\/fr\/wp-json\/wp\/v2\/posts"}],"about":[{"href":"https:\/\/www.europesays.com\/fr\/wp-json\/wp\/v2\/types\/post"}],"author":[{"embeddable":true,"href":"https:\/\/www.europesays.com\/fr\/wp-json\/wp\/v2\/users\/2"}],"replies":[{"embeddable":true,"href":"https:\/\/www.europesays.com\/fr\/wp-json\/wp\/v2\/comments?post=348253"}],"version-history":[{"count":0,"href":"https:\/\/www.europesays.com\/fr\/wp-json\/wp\/v2\/posts\/348253\/revisions"}],"wp:featuredmedia":[{"embeddable":true,"href":"https:\/\/www.europesays.com\/fr\/wp-json\/wp\/v2\/media\/348254"}],"wp:attachment":[{"href":"https:\/\/www.europesays.com\/fr\/wp-json\/wp\/v2\/media?parent=348253"}],"wp:term":[{"taxonomy":"category","embeddable":true,"href":"https:\/\/www.europesays.com\/fr\/wp-json\/wp\/v2\/categories?post=348253"},{"taxonomy":"post_tag","embeddable":true,"href":"https:\/\/www.europesays.com\/fr\/wp-json\/wp\/v2\/tags?post=348253"}],"curies":[{"name":"wp","href":"https:\/\/api.w.org\/{rel}","templated":true}]}}