{"id":348275,"date":"2025-08-27T19:09:14","date_gmt":"2025-08-27T19:09:14","guid":{"rendered":"https:\/\/www.europesays.com\/fr\/348275\/"},"modified":"2025-08-27T19:09:14","modified_gmt":"2025-08-27T19:09:14","slug":"cest-quoi-ces-missiles-eram-que-donald-trump-va-envoyer-a-kiev","status":"publish","type":"post","link":"https:\/\/www.europesays.com\/fr\/348275\/","title":{"rendered":"C\u2019est quoi ces missiles ERAM que Donald Trump va envoyer \u00e0 Kiev\u00a0?"},"content":{"rendered":"<p>Derri\u00e8re la diplomatie, les missiles. Selon un article du <a href=\"https:\/\/www.wsj.com\/politics\/national-security\/pentagon-has-quietly-blocked-ukraines-long-range-missile-strikes-on-russia-432a12e1\" rel=\"nofollow noopener\" target=\"_blank\" class=\"c-link c-link--is-underlined\">Wall Street Journal<\/a> (WSJ), cit\u00e9 par de nombreux m\u00e9dias fran\u00e7ais, <a href=\"https:\/\/www.20minutes.fr\/monde\/etats-unis\/\" class=\"c-link c-link--is-underlined\" target=\"_blank\" rel=\"noopener\">les Etats-Unis<\/a> ont approuv\u00e9 un plan de 780\u00a0millions d\u2019euros pour envoyer, d\u2019ici six semaines, 3.350 missiles <a href=\"https:\/\/www.20minutes.fr\/monde\/ukraine\/\" class=\"c-link c-link--is-underlined\" target=\"_blank\" rel=\"noopener\">\u00e0 l\u2019Ukraine<\/a>. Il s\u2019agit plus pr\u00e9cis\u00e9ment de missile a\u00e9rien ERAM, Extended Range Active Missile en VO.<\/p>\n<\/p>\n<p>Selon le site <a href=\"https:\/\/www.armyrecognition.com\/news\/aerospace-news\/2025\/breaking-news-u-s-approves-delivery-of-3-350-eram-air-launched-guided-missiles-to-ukraine-with-450-km-range\" rel=\"nofollow noopener\" target=\"_blank\" class=\"c-link c-link--is-underlined\">Army Recognition<\/a>, ce missile sol-air guid\u00e9 a une port\u00e9e de 240 \u00e0 450 kilom\u00e8tres. Il permet ainsi de toucher des cibles situ\u00e9es \u00e0 une longue distance, mais avec pr\u00e9cision de dix m\u00e8tres. Il peut \u00eatre transport\u00e9 sur divers avions, notamment <a href=\"https:\/\/www.20minutes.fr\/monde\/ukraine\/4100736-20240710-guerre-ukraine-transfert-f-16-commence-legion-ukrainienne-lancee\" class=\"c-link c-link--is-underlined\" target=\"_blank\" rel=\"noopener\">les F-16<\/a> que re\u00e7oit actuellement l\u2019Ukraine de la part de ses alli\u00e9s.<\/p>\n<p>Faible co\u00fbt de production<\/p>\n<p>L\u2019ERAM, mix entre une bombe et un missile, selon le m\u00e9dia ukrainien <a href=\"https:\/\/united24media.com\/war-in-ukraine\/what-are-the-new-us-eram-missiles-ukraine-just-got-that-threaten-every-russian-base-400-km-away-11024\" target=\"_blank\" class=\"c-link c-link--is-underlined\" rel=\"noopener\">United24<\/a>, est \u00e9quip\u00e9 d\u2019un moteur dont la vitesse de vol est sup\u00e9rieure \u00e0 700 kilom\u00e8tres par heure. Il p\u00e8se plus de 200 kilogrammes, selon les crit\u00e8res demand\u00e9s par l\u2019US Air Force. Son arriv\u00e9e sur le march\u00e9 est tr\u00e8s r\u00e9cente, pr\u00e9cise <a href=\"https:\/\/air-cosmos.com\/article\/les-etats-unis-devraient-envoyer-3350-missiles-eram-en-ukraine-quel-est-ce-missile-ses-capacites-quelle-efficacite-en-ukraine-70408\" rel=\"nofollow noopener\" target=\"_blank\" class=\"c-link c-link--is-underlined\">Air &amp; Cosmos<\/a>, sa phase de d\u00e9veloppement ayant seulement d\u00e9but\u00e9 le 30\u00a0janvier 2024. Il aurait \u00e9t\u00e9 d\u00e9velopp\u00e9 sp\u00e9cialement pour ce conflit, avec une production exig\u00e9e de 1.000 unit\u00e9s par an, \u00e0 faible co\u00fbt, toujours selon le magazine sp\u00e9cialis\u00e9.<\/p>\n<p><a href=\"https:\/\/www.20minutes.fr\/monde\/ukraine\/\" class=\"c-link c-btn c-btn--primary\" target=\"_blank\" rel=\"noopener\">Retrouvez ici tous nos articles sur l&rsquo;Ukraine<\/a><\/p>\n<p>L\u2019Ukraine avait d\u00e9j\u00e0 re\u00e7u de ses alli\u00e9s des missiles longue port\u00e9e, comme <a href=\"https:\/\/www.20minutes.fr\/monde\/ukraine\/4071242-20240119-guerre-ukraine-scalp-missile-frappe-profondeur-france-va-livrer-kiev\" class=\"c-link c-link--is-underlined\" target=\"_blank\" rel=\"noopener\">les Storm Shadows\/SCALP<\/a> ou encore <a href=\"https:\/\/www.20minutes.fr\/monde\/ukraine\/4121868-20241118-guerre-ukraine-missile-atacms-pourrait-servir-frapper-profondeur-russie\" class=\"c-link c-link--is-underlined\" target=\"_blank\" rel=\"noopener\">les ATACMS am\u00e9ricains<\/a>, mais sans pouvoir les utiliser pour des frappes en profondeur contre le territoire russe. Par ailleurs, selon le WSJ, Washington a interdit \u00e0 Kiev d\u2019utiliser des armes \u00e0 longue port\u00e9e sur la Russie depuis la fin du printemps\u00a02025. Quid des missiles ERAM, dans ce contexte\u00a0? Leur utilisation pourrait \u00eatre limit\u00e9e aux territoires ukrainiens occup\u00e9s ou soumise \u00e0 autorisation des \u00c9tats-Unis.<\/p>\n","protected":false},"excerpt":{"rendered":"Derri\u00e8re la diplomatie, les missiles. Selon un article du Wall Street Journal (WSJ), cit\u00e9 par de nombreux m\u00e9dias&hellip;\n","protected":false},"author":2,"featured_media":348276,"comment_status":"","ping_status":"","sticky":false,"template":"","format":"standard","meta":{"footnotes":""},"categories":[5],"tags":[47,11,6376,75,73,1011,27,131,14,3343,74,12,132,28],"class_list":{"0":"post-348275","1":"post","2":"type-post","3":"status-publish","4":"format-standard","5":"has-post-thumbnail","7":"category-international","8":"tag-actualite","9":"tag-actualites","10":"tag-armes","11":"tag-donald-trump","12":"tag-etats-unis","13":"tag-fr","14":"tag-france","15":"tag-guerre-en-ukraine","16":"tag-international","17":"tag-missile","18":"tag-monde","19":"tag-news","20":"tag-russie","21":"tag-world"},"share_on_mastodon":{"url":"https:\/\/pubeurope.com\/@fr\/115102309804336554","error":""},"_links":{"self":[{"href":"https:\/\/www.europesays.com\/fr\/wp-json\/wp\/v2\/posts\/348275","targetHints":{"allow":["GET"]}}],"collection":[{"href":"https:\/\/www.europesays.com\/fr\/wp-json\/wp\/v2\/posts"}],"about":[{"href":"https:\/\/www.europesays.com\/fr\/wp-json\/wp\/v2\/types\/post"}],"author":[{"embeddable":true,"href":"https:\/\/www.europesays.com\/fr\/wp-json\/wp\/v2\/users\/2"}],"replies":[{"embeddable":true,"href":"https:\/\/www.europesays.com\/fr\/wp-json\/wp\/v2\/comments?post=348275"}],"version-history":[{"count":0,"href":"https:\/\/www.europesays.com\/fr\/wp-json\/wp\/v2\/posts\/348275\/revisions"}],"wp:featuredmedia":[{"embeddable":true,"href":"https:\/\/www.europesays.com\/fr\/wp-json\/wp\/v2\/media\/348276"}],"wp:attachment":[{"href":"https:\/\/www.europesays.com\/fr\/wp-json\/wp\/v2\/media?parent=348275"}],"wp:term":[{"taxonomy":"category","embeddable":true,"href":"https:\/\/www.europesays.com\/fr\/wp-json\/wp\/v2\/categories?post=348275"},{"taxonomy":"post_tag","embeddable":true,"href":"https:\/\/www.europesays.com\/fr\/wp-json\/wp\/v2\/tags?post=348275"}],"curies":[{"name":"wp","href":"https:\/\/api.w.org\/{rel}","templated":true}]}}