{"id":348279,"date":"2025-08-27T19:11:12","date_gmt":"2025-08-27T19:11:12","guid":{"rendered":"https:\/\/www.europesays.com\/fr\/348279\/"},"modified":"2025-08-27T19:11:12","modified_gmt":"2025-08-27T19:11:12","slug":"une-page-du-cinema-francais-se-ferme-apres-jean-paul-belmondo-un-autre-membre-du-clan-est-decede","status":"publish","type":"post","link":"https:\/\/www.europesays.com\/fr\/348279\/","title":{"rendered":"\u00ab\u00a0Une page du cin\u00e9ma fran\u00e7ais se ferme\u00a0\u00bb : apr\u00e8s Jean-Paul Belmondo, un autre membre du clan est d\u00e9c\u00e9d\u00e9"},"content":{"rendered":"<p>      R\u00e9sum\u00e9<\/p>\n<p>Alain Belmondo, producteur influent et fr\u00e8re de Jean-Paul, est d\u00e9c\u00e9d\u00e9, marquant la fin d&rsquo;une \u00e9poque pour le cin\u00e9ma fran\u00e7ais, selon un hommage \u00e9mouvant de sa famille.<\/p>\n<p>        Sommaire<\/p>\n<p><strong>Un autre membre du clan s\u2019en est all\u00e9.<\/strong> Ce mercredi 27 ao\u00fbt 2025, Alain a rejoint <a href=\"https:\/\/www.public.fr\/mort-de-jean-paul-belmondo-sa-fille-florence-brise-le-silence\" target=\"_blank\" rel=\"noopener\">son fr\u00e8re Jean-Paul Belmondo<\/a> comme l\u2019a annonc\u00e9 le fils de ce dernier, Paul, sur son compte Instagram. En plus d\u2019\u00eatre le fr\u00e8re de \u00ab\u00a0B\u00e9b\u00e9l\u00a0\u00bb, Alain \u00e9tait connu en tant que producteur de cin\u00e9ma.\u00a0<\/p>\n<p>C\u2019est \u00e0 Neuilly-sur-Seine qu\u2019il a vu le jour, le 24 octobre 1931, fruit de l\u2019amour entre le sculpteur <a href=\"https:\/\/vsd.fr\/tag\/paul-belmondo\/\" target=\"_blank\" rel=\"noopener\">Paul Belmondo<\/a> et de Sarah Raynaud-Richard. S\u2019il a fait sa carri\u00e8re dans le 7e art, contrairement \u00e0 son fr\u00e8re Jean-Paul, Alain a pr\u00e9f\u00e9r\u00e9 agir dans l\u2019ombre des cam\u00e9ras.<\/p>\n<p>Comme \u00e9voqu\u00e9, il \u00e9tait connu en tant que producteur de cin\u00e9ma apr\u00e8s avoir fait ses gammes en tant que r\u00e9gisseur au Th\u00e9\u00e2tre dans les ann\u00e9es 1960. Ce n\u2019est que quelques ann\u00e9es plus tard qu\u2019il se dirige vers la production.<\/p>\n<p>Il a travaill\u00e9 sur les plus grands films de son fr\u00e8re<\/p>\n<p>Nous lui devons notamment <strong>\u00ab\u00a0Le Vieux Fusil\u00a0\u00bb, \u00ab\u00a0Indochine\u00a0\u00bb,<\/strong> <strong>\u00ab\u00a0La Veuve Couderc\u00a0\u00bb<\/strong>, ainsi que<strong> \u00ab\u00a0L\u2019Argent des autres\u00a0\u00bb<\/strong>. Mais il a \u00e9galement collabor\u00e9 avec son fr\u00e8re Jean-Paul Belmondo. En plus d\u2019avoir \u00e9t\u00e9 enfant de ch\u0153ur pendant la Seconde Guerre mondiale aux c\u00f4t\u00e9s de ce dernier, Alain Belmondo a \u00e9galement oeuvr\u00e9 pour plusieurs films cultes de son fr\u00e8re.<\/p>\n<p>Il a par exemple travaill\u00e9 avec \u00ab\u00a0B\u00e9bel\u00a0\u00bb pour le <strong>\u00ab\u00a0Professionnel\u00a0\u00bb, \u00ab\u00a0Borsalino\u00a0\u00bb<\/strong>\u00a0ou encore\u00a0<strong>\u00ab\u00a0l\u2019As des as\u00a0\u00bb<\/strong>. Paul Belmondo, fils de l\u2019ancien monstre sacr\u00e9 du cin\u00e9ma fran\u00e7ais d\u00e9c\u00e9d\u00e9 <a href=\"https:\/\/www.public.fr\/mort-de-jean-paul-belmondo-premieres-tensions-autour-de-l-heritage-toute-la-verite\" target=\"_blank\" rel=\"noopener\">\u00e0 l\u2019\u00e2ge de 88 ans<\/a> le 6 septembre 2021, \u00e9tait proche de son oncle. De fait, il a souhait\u00e9 lui rendre un bel hommage sur son compte Instagram, quelques heures apr\u00e8s avoir appris sa disparition. \u00a0\u00a0<\/p>\n<p>Paul Belmondo rend un vibrant hommage \u00e0 son oncle <\/p>\n<p>\u00ab\u00a0<strong>Mon oncle Alain est parti ce matin rejoindre mon p\u00e8re<\/strong>, ils \u00e9taient deux fr\u00e8res ins\u00e9parables. Pendant la guerre ils \u00e9taient enfants de coeur, ils partageaient la m\u00eame passion du cin\u00e9ma et du Th\u00e9\u00e2tre\u00a0\u00bb, a rappel\u00e9 dans un premier temps le fils de Jean-Paul Belmondo.<\/p>\n<p>Avant de poursuivre : \u00ab\u00a0Mon oncle a \u00e9t\u00e9 r\u00e9gisseur puis directeur de production de nombreux films comme Le Vieux fusil, Indochine, le Professionnel, La Veuve Couderc, L\u2019argent des autres, Borsalino, l\u2019As des As ou encore producteur de Chocolat et Tom et Lola. Il a \u00e9t\u00e9 le directeur g\u00e9n\u00e9ral du Th\u00e9\u00e2tre des vari\u00e9t\u00e9s aux c\u00f4t\u00e9s mon p\u00e8re pendant plus dix ans\u00a0\u00bb.\u00a0<\/p>\n<p>Paul Belmondo rappelle \u00e9galement que son oncle a su \u00ab\u00a0<strong>rester pr\u00e9sent jusqu\u2019\u00e0 la fin de la vie de [son] p\u00e8re et les voil\u00e0 maintenant r\u00e9unis pour l\u2019\u00e9ternit\u00e9<\/strong>\u00ab\u00a0. \u00ab\u00a0Je pense \u00e0 Muriel leur s\u0153ur qui les a accompagn\u00e9s jusqu\u2019\u00e0 la fin et \u00e0 mon cousin Olivier et ses enfants. Avec toi Alain encore une page du cin\u00e9ma fran\u00e7ais se ferme. Repose en paix Alain\u00a0\u00bb, a-t-il tendrement conclu.\u00a0<\/p>\n<p>      Mentionn\u00e9s dans cet article<\/p>\n<p>      Sur le m\u00eame sujet<\/p>\n","protected":false},"excerpt":{"rendered":"R\u00e9sum\u00e9 Alain Belmondo, producteur influent et fr\u00e8re de Jean-Paul, est d\u00e9c\u00e9d\u00e9, marquant la fin d&rsquo;une \u00e9poque pour le&hellip;\n","protected":false},"author":2,"featured_media":348280,"comment_status":"","ping_status":"","sticky":false,"template":"","format":"standard","meta":{"footnotes":""},"categories":[2],"tags":[11,2715,1011,27,24532,18,12,23632],"class_list":{"0":"post-348279","1":"post","2":"type-post","3":"status-publish","4":"format-standard","5":"has-post-thumbnail","7":"category-actualites","8":"tag-actualites","9":"tag-disparition","10":"tag-fr","11":"tag-france","12":"tag-jean-paul-belmondo","13":"tag-mort","14":"tag-news","15":"tag-paul-belmondo"},"share_on_mastodon":{"url":"https:\/\/pubeurope.com\/@fr\/115102317590905686","error":""},"_links":{"self":[{"href":"https:\/\/www.europesays.com\/fr\/wp-json\/wp\/v2\/posts\/348279","targetHints":{"allow":["GET"]}}],"collection":[{"href":"https:\/\/www.europesays.com\/fr\/wp-json\/wp\/v2\/posts"}],"about":[{"href":"https:\/\/www.europesays.com\/fr\/wp-json\/wp\/v2\/types\/post"}],"author":[{"embeddable":true,"href":"https:\/\/www.europesays.com\/fr\/wp-json\/wp\/v2\/users\/2"}],"replies":[{"embeddable":true,"href":"https:\/\/www.europesays.com\/fr\/wp-json\/wp\/v2\/comments?post=348279"}],"version-history":[{"count":0,"href":"https:\/\/www.europesays.com\/fr\/wp-json\/wp\/v2\/posts\/348279\/revisions"}],"wp:featuredmedia":[{"embeddable":true,"href":"https:\/\/www.europesays.com\/fr\/wp-json\/wp\/v2\/media\/348280"}],"wp:attachment":[{"href":"https:\/\/www.europesays.com\/fr\/wp-json\/wp\/v2\/media?parent=348279"}],"wp:term":[{"taxonomy":"category","embeddable":true,"href":"https:\/\/www.europesays.com\/fr\/wp-json\/wp\/v2\/categories?post=348279"},{"taxonomy":"post_tag","embeddable":true,"href":"https:\/\/www.europesays.com\/fr\/wp-json\/wp\/v2\/tags?post=348279"}],"curies":[{"name":"wp","href":"https:\/\/api.w.org\/{rel}","templated":true}]}}