{"id":348303,"date":"2025-08-27T19:24:29","date_gmt":"2025-08-27T19:24:29","guid":{"rendered":"https:\/\/www.europesays.com\/fr\/348303\/"},"modified":"2025-08-27T19:24:29","modified_gmt":"2025-08-27T19:24:29","slug":"grenoble-veut-faire-de-la-requisition-de-logements-une-politique-publique","status":"publish","type":"post","link":"https:\/\/www.europesays.com\/fr\/348303\/","title":{"rendered":"Grenoble veut faire de la r\u00e9quisition de logements \u00ab\u00a0une politique publique\u00a0\u00bb"},"content":{"rendered":"<p><a id=\"f141cdc9e-da64-431e-b73a-37aef6d4d79d\"><\/a><a id=\"grenoble-veut-faire-de-la-requisition-de-logements-une-politique-publique_EJYSjF\"><\/a><\/p>\n<p class=\"eli-article__chapeau\">\n      La municipalit\u00e9 \u00e9cologiste a engag\u00e9 un bras de fer avec l\u2019\u00c9tat dans l\u2019objectif de faire valoir le droit \u00e0 la mise \u00e0 l\u2019abri. Cet \u00e9t\u00e9 a \u00e9t\u00e9 consacr\u00e9 \u00e0 la recherche de logements vacants en pr\u00e9vision d\u2019une rentr\u00e9e sous pression.\n   <\/p>\n<p>R\u00e9guli\u00e8rement, le chiffre, qui serait stable depuis plusieurs ann\u00e9es, de 3\u00a0millions de logements vacants en France est avanc\u00e9, que les associations mettent en balance avec les 203\u00a0000 places d\u2019h\u00e9bergement d\u2019urgence actuellement mises \u00e0 disposition.<\/p>\n<p>Si plusieurs villes se disent pr\u00eates \u00e0 s\u2019engager dans la voie de la r\u00e9quisition, dont le <a class=\"els-url\" href=\"https:\/\/agircontrelelogementvacant.fr\/\" target=\"_blank\" rel=\"noopener\">r\u00e9seau<\/a> des collectivit\u00e9s Agir contre le logement vacant, Grenoble semble la plus engag\u00e9e.<\/p>\n<p><a id=\"grenoble-veut-faire-de-la-requisition-de-logements-une-politique-publique_EJYSjF#fl-50fa5dff-3305-6e87-26be-edf6c4bb9c38\"><\/a>\u00ab\u00a0Carence fautive\u00a0\u00bb<\/p>\n<p>Dans cette bataille face \u00e0 l\u2019\u00c9tat, la municipalit\u00e9 is\u00e9roise (157\u00a0000 hab.) peut s\u2019appuyer sur une premi\u00e8re victoire connexe, m\u00eame si elle n\u2019est pas encore totalement acquise.<\/p>\n<p>En effet, en mars\u00a02025, la municipalit\u00e9 a obtenu devant le tribunal administratif de la ville <a class=\"els-url\" href=\"https:\/\/www.lemediasocial.fr\/hebergement-d-urgence-l-etat-condamne-a-rembourser-la-ville-de-grenoble_9E9kJ7\" target=\"_blank\" rel=\"noopener\">la condamnation de l\u2019\u00c9tat<\/a> pour \u00ab\u00a0carence fautive\u00a0\u00bb en mati\u00e8re d\u2019h\u00e9bergement des sans-abri, ainsi que le remboursement des frais qu\u2019elle avait engag\u00e9s pour h\u00e9berger \u00e0 l\u2019h\u00f4tel une m\u00e8re isol\u00e9e et ses cinq enfants pendant plus de deux ans.<\/p>\n<p>Cette d\u00e9cision est la premi\u00e8re rendue \u00e0 la suite de recours en justice engag\u00e9s en f\u00e9vrier\u00a02024 en m\u00eame temps que quatre autres municipalit\u00e9s \u00e9cologistes ou socialistes (Strasbourg, Lyon, Bordeaux et Rennes) qui avaient h\u00e9berg\u00e9 des sans-abri \u00e0 leurs frais.<\/p>\n<p>\u00ab\u00a0Pour justifier de notre int\u00e9r\u00eat \u00e0 agir (en justice), il a fallu pr\u00e9senter des factures d\u2019h\u00e9bergement, en rappelant qu\u2019il aurait d\u00fb \u00eatre assur\u00e9 par les pr\u00e9fectures\u00a0\u00bb, avait expliqu\u00e9 la maire \u00e9cologiste de Strasbourg, Jeanne Barseghian.<\/p>\n","protected":false},"excerpt":{"rendered":"La municipalit\u00e9 \u00e9cologiste a engag\u00e9 un bras de fer avec l\u2019\u00c9tat dans l\u2019objectif de faire valoir le droit&hellip;\n","protected":false},"author":2,"featured_media":348304,"comment_status":"","ping_status":"","sticky":false,"template":"","format":"standard","meta":{"footnotes":""},"categories":[9566],"tags":[1111,11,2430,1777,674,1011,27,2731,12,25],"class_list":{"0":"post-348303","1":"post","2":"type-post","3":"status-publish","4":"format-standard","5":"has-post-thumbnail","7":"category-grenoble","8":"tag-actu","9":"tag-actualites","10":"tag-auvergne-rhone-alpes","11":"tag-eu","12":"tag-europe","13":"tag-fr","14":"tag-france","15":"tag-grenoble","16":"tag-news","17":"tag-republique-francaise"},"share_on_mastodon":{"url":"https:\/\/pubeurope.com\/@fr\/115102368940750941","error":""},"_links":{"self":[{"href":"https:\/\/www.europesays.com\/fr\/wp-json\/wp\/v2\/posts\/348303","targetHints":{"allow":["GET"]}}],"collection":[{"href":"https:\/\/www.europesays.com\/fr\/wp-json\/wp\/v2\/posts"}],"about":[{"href":"https:\/\/www.europesays.com\/fr\/wp-json\/wp\/v2\/types\/post"}],"author":[{"embeddable":true,"href":"https:\/\/www.europesays.com\/fr\/wp-json\/wp\/v2\/users\/2"}],"replies":[{"embeddable":true,"href":"https:\/\/www.europesays.com\/fr\/wp-json\/wp\/v2\/comments?post=348303"}],"version-history":[{"count":0,"href":"https:\/\/www.europesays.com\/fr\/wp-json\/wp\/v2\/posts\/348303\/revisions"}],"wp:featuredmedia":[{"embeddable":true,"href":"https:\/\/www.europesays.com\/fr\/wp-json\/wp\/v2\/media\/348304"}],"wp:attachment":[{"href":"https:\/\/www.europesays.com\/fr\/wp-json\/wp\/v2\/media?parent=348303"}],"wp:term":[{"taxonomy":"category","embeddable":true,"href":"https:\/\/www.europesays.com\/fr\/wp-json\/wp\/v2\/categories?post=348303"},{"taxonomy":"post_tag","embeddable":true,"href":"https:\/\/www.europesays.com\/fr\/wp-json\/wp\/v2\/tags?post=348303"}],"curies":[{"name":"wp","href":"https:\/\/api.w.org\/{rel}","templated":true}]}}