{"id":348310,"date":"2025-08-27T19:28:22","date_gmt":"2025-08-27T19:28:22","guid":{"rendered":"https:\/\/www.europesays.com\/fr\/348310\/"},"modified":"2025-08-27T19:28:22","modified_gmt":"2025-08-27T19:28:22","slug":"a-strasbourg-lafges-propose-des-logements-provisoires","status":"publish","type":"post","link":"https:\/\/www.europesays.com\/fr\/348310\/","title":{"rendered":"\u00e0 Strasbourg, l\u2019AFGES propose des logements provisoires !"},"content":{"rendered":"<p>    <img loading=\"lazy\" width=\"1800\" height=\"900\" src=\"https:\/\/www.europesays.com\/fr\/wp-content\/uploads\/2025\/04\/jeanne-callthepolice.jpg\" class=\"attachment-full size-full\" alt=\"\" id=\"imageLove\" decoding=\"async\"  \/><\/p>\n<p id=\"breadcrumbs\"><a href=\"https:\/\/pokaa.fr\/\" target=\"_blank\" rel=\"noopener\">Accueil<\/a> \/ <a href=\"https:\/\/pokaa.fr\/categories\/strasbourg-solidaire\/\" target=\"_blank\" rel=\"noopener\">Strasbourg Solidaire<\/a> \/ \u00c9tudiant(e)s en gal\u00e8re : \u00e0 Strasbourg, l\u2019AFGES propose des logements provisoires !<\/p>\n<p>                    Strasbourg Solidaire<\/p>\n<p><strong>Depuis plusieurs ann\u00e9es, la crise du logement \u00e9tudiant frappe Strasbourg de plein fouet. Alors que la rentr\u00e9e arrive \u00e0 grands pas, nombreux\/ses sont celles et ceux qui se retrouvent sans solution d\u2019h\u00e9bergement. Pour soutenir les \u00e9tudiant(e)s en gal\u00e8re, l\u2019AFGES a lanc\u00e9 depuis ce mercredi 27 ao\u00fbt son dispositif de logement provisoire. Explication.\u00a0<\/strong><\/p>\n<p>Comme chaque ann\u00e9e depuis maintenant sept ans, <strong><a href=\"https:\/\/www.instagram.com\/afges_officiel\/\" target=\"_blank\" rel=\"noopener\">l\u2019AFGES<\/a><\/strong> (l\u2019Association f\u00e9d\u00e9rative g\u00e9n\u00e9rale des \u00e9tudiants de Strasbourg) vient d\u2019ouvrir<strong> son dispositif de logement provisoire.<\/strong> Le principe est simple :<strong> proposer aux \u00e9tudiant(e)s<\/strong> qui n\u2019ont pas encore trouv\u00e9 de chambre ou d\u2019appartement <strong>de les loger temporairement.\u00a0<\/strong><\/p>\n<p>Il s\u2019adresse \u00e0 celles et ceux qui n\u2019ont aucune autre solution et qui risqueraient de se retrouver \u00e0 la rue. La <strong>dur\u00e9e maximale d\u2019h\u00e9bergement est fix\u00e9e \u00e0 11 jours,<\/strong> une p\u00e9riode durant laquelle l\u2019\u00e9tudiant(e) pourra poursuivre ses recherches. Les membres de l\u2019association accompagnent au mieux les b\u00e9n\u00e9ficiaires et les orientent vers des personnes comp\u00e9tentes dans un objectif : am\u00e9liorer leurs chances de<strong> trouver un logement rapidement.<\/strong><\/p>\n<p>    <img width=\"800\" height=\"600\" src=\"https:\/\/www.europesays.com\/fr\/wp-content\/uploads\/2025\/08\/interieur-cafe-bretelles-scaled-e1632223196949.jpeg\" class=\"attachment-image-size-L size-image-size-L\" alt=\"\u00e9tudiant pr\u00e9carit\u00e9\" decoding=\"async\" loading=\"lazy\"\/>         \u00a9 Bastien Pietronave \/ Pokaa <\/p>\n<p>Pour proposer des chambres aux \u00e9tudiant(e)s en difficult\u00e9, l\u2019AFGES <strong>collabore avec les h\u00f4teliers\/\u00e8res de la ville.<\/strong> Le dispositif sera, quant \u00e0 lui, <strong>ouvert jusqu\u2019au 5 octobre.<\/strong> Pour faire la demande, <strong><a href=\"https:\/\/dlp.afges.org\/\" target=\"_blank\" rel=\"noopener\">il faut remplir ce formulaire d\u00e9di\u00e9.<\/a><\/strong> Les membres de l\u2019AFGES <strong>recontactent ensuite l\u2019\u00e9tudiant(e)<\/strong> pour organiser une rencontre avant d\u2019attribuer ou non le logement.<\/p>\n<p>Il est possible de <strong>faire une demande pendant toute la dur\u00e9e du dispositif.<\/strong> Si toutes les places disponibles sont prises au moment de la demande, l\u2019\u00e9quipe reprendra contact avec l\u2019\u00e9tudiant(e) d\u00e8s qu\u2019une nouvelle place se lib\u00e9rera.<\/p>\n<p>    <img width=\"800\" height=\"600\" src=\"https:\/\/www.europesays.com\/fr\/wp-content\/uploads\/2025\/08\/campus-etudiants-fac-esplanade-universite22.jpeg\" class=\"attachment-image-size-L size-image-size-L\" alt=\"campus e\u0301tudiants fac esplanade universite\u030122\" decoding=\"async\" loading=\"lazy\"  \/>         \u00a9 Samuel Compion \/ Pokaa <\/p>\n<p><script async src=\"\/\/www.instagram.com\/embed.js\"><\/script><\/p>\n","protected":false},"excerpt":{"rendered":"Accueil \/ Strasbourg Solidaire \/ \u00c9tudiant(e)s en gal\u00e8re : \u00e0 Strasbourg, l\u2019AFGES propose des logements provisoires ! Strasbourg&hellip;\n","protected":false},"author":2,"featured_media":348311,"comment_status":"","ping_status":"","sticky":false,"template":"","format":"standard","meta":{"footnotes":""},"categories":[2820],"tags":[1111,11,48443,4081,1777,674,1011,27,775,39586,12,25,640],"class_list":{"0":"post-348310","1":"post","2":"type-post","3":"status-publish","4":"format-standard","5":"has-post-thumbnail","7":"category-strasbourg","8":"tag-actu","9":"tag-actualites","10":"tag-afges","11":"tag-etudiant","12":"tag-eu","13":"tag-europe","14":"tag-fr","15":"tag-france","16":"tag-grand-est","17":"tag-logement-etudiant","18":"tag-news","19":"tag-republique-francaise","20":"tag-strasbourg"},"share_on_mastodon":{"url":"https:\/\/pubeurope.com\/@fr\/115102384758958414","error":""},"_links":{"self":[{"href":"https:\/\/www.europesays.com\/fr\/wp-json\/wp\/v2\/posts\/348310","targetHints":{"allow":["GET"]}}],"collection":[{"href":"https:\/\/www.europesays.com\/fr\/wp-json\/wp\/v2\/posts"}],"about":[{"href":"https:\/\/www.europesays.com\/fr\/wp-json\/wp\/v2\/types\/post"}],"author":[{"embeddable":true,"href":"https:\/\/www.europesays.com\/fr\/wp-json\/wp\/v2\/users\/2"}],"replies":[{"embeddable":true,"href":"https:\/\/www.europesays.com\/fr\/wp-json\/wp\/v2\/comments?post=348310"}],"version-history":[{"count":0,"href":"https:\/\/www.europesays.com\/fr\/wp-json\/wp\/v2\/posts\/348310\/revisions"}],"wp:featuredmedia":[{"embeddable":true,"href":"https:\/\/www.europesays.com\/fr\/wp-json\/wp\/v2\/media\/348311"}],"wp:attachment":[{"href":"https:\/\/www.europesays.com\/fr\/wp-json\/wp\/v2\/media?parent=348310"}],"wp:term":[{"taxonomy":"category","embeddable":true,"href":"https:\/\/www.europesays.com\/fr\/wp-json\/wp\/v2\/categories?post=348310"},{"taxonomy":"post_tag","embeddable":true,"href":"https:\/\/www.europesays.com\/fr\/wp-json\/wp\/v2\/tags?post=348310"}],"curies":[{"name":"wp","href":"https:\/\/api.w.org\/{rel}","templated":true}]}}