{"id":348312,"date":"2025-08-27T19:29:11","date_gmt":"2025-08-27T19:29:11","guid":{"rendered":"https:\/\/www.europesays.com\/fr\/348312\/"},"modified":"2025-08-27T19:29:11","modified_gmt":"2025-08-27T19:29:11","slug":"franck-cannata-a-la-ref-2025-explorer-durgence-dautres-pistes-pour-retrouver-les-chemins-de-la-croissance","status":"publish","type":"post","link":"https:\/\/www.europesays.com\/fr\/348312\/","title":{"rendered":"Franck Cannata \u00e0 la REF 2025 : \u00ab\u00a0explorer d&rsquo;urgence d&rsquo;autres pistes pour retrouver les chemins de la croissance\u00a0\u00bb"},"content":{"rendered":"<p>\t\t\t\t\t\t\t\tToute premi\u00e8re REF (Rencontres des Entrepreneurs de France \/ Medef) pour Franck Cannata en qualit\u00e9 de pr\u00e9sident de l&rsquo;UPE 06, avec une solide d\u00e9l\u00e9gation en garde rapproch\u00e9e. Questions \u00e0 l&rsquo;issue du discours inaugural de Patrick Martin, pr\u00e9sident du Medef, ce 27 ao\u00fbt \u00e0 Roland Garros.\t\t\t\t\t\t\t<\/p>\n<p>\u00a0<\/p>\n<p><strong>Vous \u00eates \u00e0 la t\u00eate de la d\u00e9l\u00e9gation du 06 \u00e0 Roland-Garros, quel est votre ressenti sur <a href=\"https:\/\/tribuca.net\/actualites_150640394-ref-2025-les-turbulences-a-venir-exigent-que-lon-soit-encore-plus-forts\" target=\"_blank\" rel=\"nofollow noopener\">ce que vient de dire Patrick Martin<\/a>\u00a0en ouverture de la REF 2025 ?<\/strong><\/p>\n<p>\u00a0<\/p>\n<p>Pour moi, le pr\u00e9sident du MEDEF a \u00e9t\u00e9 tr\u00e8s clair. Il y a une inqui\u00e9tude r\u00e9elle des chefs d&rsquo;entreprise, et une situation pr\u00e9occupante de l&rsquo;\u00e9conomie \u00e0 bien des niveaux. Dans les branches, d&rsquo;une part, beaucoup d&rsquo;entre elles sont impact\u00e9es, pour ne pas dire la quasi-totalit\u00e9. Le BTP,\u00a0la restauration, l&rsquo;int\u00e9rim, la chimie&#8230; Vient s&rsquo;ajouter \u00e0 cette situation plus que pr\u00e9occupante l&rsquo;annonce de notre Premier ministre, qui, \u00e9videmment, inqui\u00e8te encore un peu plus le monde \u00e9conomique, en d\u00e9stabilisant encore le jeu. Consid\u00e9rer que si dissolution il y a, ce qui permettrait d&rsquo;attendre jusqu&rsquo;\u00e0 2027 et les nouvelles \u00e9lections cela a \u00e9t\u00e9 dit tr\u00e8s clairement, c&rsquo;est \u00e9videmment une strat\u00e9gie&#8230; qu&rsquo;il ne faut surtout pas retenir. Parce que nos amis europ\u00e9ens ne nous attendront pas. Au contraire, ils continuent de prendre de l&rsquo;avance, \u00e0 performer, \u00e0 surperformer m\u00eame, l\u00e0 o\u00f9 nous, nous encha\u00eenons les difficult\u00e9s. L&rsquo;Espagne a \u00e9t\u00e9 nomm\u00e9e. Le Portugal, l&rsquo;Italie, la Gr\u00e8ce, la Pologne ont \u00e9t\u00e9 nomm\u00e9s. Des pays qui,\u00a0historiquement, \u00e9taient plut\u00f4t \u00e0 la tra\u00eene, sont pass\u00e9es devant nous, et de fa\u00e7on significative. Tout simplement parce que la coh\u00e9sion entre le monde \u00e9conomique et le monde politique est plus performante que la n\u00f4tre.<\/p>\n<p>\u00a0<\/p>\n<p><strong>On peut aussi parler de l&rsquo;Allemagne&#8230;<\/strong><\/p>\n<p>\u00a0<\/p>\n<p>Les Allemands ont, tout comme nous, une difficult\u00e9 \u00e0 se remettre \u00e0 niveau. Ils essayent de trouver des solutions, mais a priori, c&rsquo;est sans doute un peu moins performant, les chiffres le prouvent, que les solutions qui sont mises en place en Italie, en Espagne ou\u00a0au Portugal.<\/p>\n<p>\u00a0<\/p>\n<p>Qu&rsquo;est-ce qui bloque en France ?<\/p>\n<p>\u00a0<\/p>\n<p>Toujours la m\u00eame facilit\u00e9, la m\u00eame logique, \u00e0 taxer toujours plus. Plut\u00f4t que r\u00e9duire les d\u00e9penses&#8230;\u00a0 Force est de constater que \u00e7a ne s&rsquo;am\u00e9liore pas ;\u00a0pire, la dette\u00a0s&rsquo;aggrave toujours plus, au fil des ans, et m\u00eame des mois, et on n&rsquo;inverse pas la tendance. C&rsquo;est \u00e0 mon sens extr\u00eamement inqui\u00e9tant.\u00a0<\/p>\n<p>Evoqu\u00e9e aussi par Patrick Martin, la confiance des Fran\u00e7ais, qui se r\u00e9sume en r\u00e9alit\u00e9 \u00e0\u00a0la confiance des entreprises. C&rsquo;est une tr\u00e8s bonne chose, mais l&rsquo;entreprise, pour satisfaire cette confiance, doit elle-m\u00eame\u00a0performer. Et pour performer, encore une fois, elle doit en avoir les moyens. Elle doit en avoir la facilit\u00e9, la latitude. Et non pas \u00eatre coinc\u00e9e dans un carcan administratif, fiscal, qui la p\u00e9nalise toujours un peu plus. C&rsquo;est frustrant.<\/p>\n<p>\u00a0<\/p>\n<p>Les signes les plus tangibles de cette d\u00e9gradation ?<\/p>\n<p>\u00a0<\/p>\n<p>D&rsquo;abord le taux de ch\u00f4mage qui ne s&rsquo;am\u00e9liore pas (ou plus), bien au contraire.\u00a0\u00c7a n&rsquo;a pas \u00e9t\u00e9 cit\u00e9, mais je crois que le dernier taux donn\u00e9\u00a0est \u00e0\u00a0 7,5%, et m\u00eame 19% chez les jeunes. C&rsquo;est particuli\u00e8rement inqui\u00e9tant, c&rsquo;est un sujet sur lequel il faut prioriser l&rsquo;action. D&rsquo;autant plus quand on sait que 63% des jeunes, et \u00e7a, c&rsquo;est une information importante \u00e0 retenir, se disent pr\u00eats \u00e0 devenir chefs d&rsquo;entreprise, \u00e0 cr\u00e9er leur bo\u00eete&#8230; On doit surfer, on doit faciliter, on doit favoriser ce vivier de\u00a0nouvelles cr\u00e9ations de soci\u00e9t\u00e9s, pour cr\u00e9er des emplois par ricochets.\u00a0<\/p>\n<p>Il y a aussi des difficult\u00e9s avec nos partenaires historiques. Les Etats-Unis, la Chine, la Russie&#8230; On l&rsquo;a dit plusieurs fois, mais il faut absolument, urgemment, se tourner vers d&rsquo;autres horizons : l&rsquo;Inde, l&rsquo;Indon\u00e9sie, la Malaisie notamment, sont des pistes qu&rsquo;il faut absolument creuser pour encourager les entreprises \u00e0 s&rsquo;ouvrir davantage, pour contrebalancer les\u00a0difficult\u00e9s que l&rsquo;on rencontre aujourd&rsquo;hui sur nos march\u00e9s historiques, devenus instables ces derniers temps, avec des d\u00e9cisions qu&rsquo;on ne pouvait pas forc\u00e9ment anticiper, et \u00e7a ne se limite pas aux droits de douane. C&rsquo;est beaucoup plus global&#8230;\u00a0\u00a0Il faut que nos entreprises exportatrices puissent \u00eatre aiguill\u00e9es sur d&rsquo;autres pistes de d\u00e9veloppement pour arriver \u00e0 trouver un \u00e9quilibre, sans\u00a0mettre tous leurs oeufs dans le m\u00eame panier.<\/p>\n<p>\u00a0<\/p>\n<p><strong>M\u00eames causes, m\u00eames effets dans le 06 ?<\/strong><\/p>\n<p>\u00a0<\/p>\n<p>Sur les Alpes-Maritimes, c&rsquo;est un \u00e9cosyst\u00e8me un petit peu diff\u00e9rent. Sur l&rsquo;industrie notamment,\u00a0 nous sommes sans doute plus prot\u00e9g\u00e9s qu&rsquo;ailleurs, gr\u00e2ce \u00e0 des fili\u00e8res tr\u00e8s sp\u00e9cifiques, parfum, sant\u00e9, v\u00e9to, qui peut-\u00eatre sont un petit peu moins impact\u00e9es par la crise que d&rsquo;autres segments.<\/p>\n<p>Le BTP, par contre, comme ailleurs en France, souffre, c&rsquo;est \u00e9vident, comme le commerce non alimentaire et le retail.<\/p>\n<p>Sur le territoire des Alpes-Maritimes, ce qu&rsquo;il faut absolument, c&rsquo;est arriver \u00e0 proposer du logement, encore plus qu&rsquo;ailleurs. Les entreprises ont besoin de loger leurs salari\u00e9s, qui aujourd&rsquo;hui\u00a0quittent\u00a0notre d\u00e9partement. Et \u00e7a, c&rsquo;est inqui\u00e9tant, pour toutes les fili\u00e8res.\u00a0Attirer des comp\u00e9tences aujourd&rsquo;hui, c&rsquo;est compliqu\u00e9. Les conserver, c&rsquo;est encore plus compliqu\u00e9.\u00a0<\/p>\n<p>\u00a0<\/p>\n<p>Le moral des troupes, vu de l&rsquo;UPE 06 ?<\/p>\n<p>\u00a0<\/p>\n<p>Au fond de nous, chefs d&rsquo;entreprise, nous restons positifs.Pour autant, il y a une r\u00e9alit\u00e9. La rentr\u00e9e est brutale, d&rsquo;autant plus devant l&rsquo;annonce d&rsquo;un gouvernement qui a de grandes chances de se crasher.\u00a0\u00a0\u00c7a perturbe \u00e0 nouveau. L&rsquo;ann\u00e9e derni\u00e8re, \u00e0 la m\u00eame date, on n&rsquo;avait &#8230;personne, pas de gouvernement. Un an plus tard, toujours pas de stabilit\u00e9 politique, ce n&rsquo;est pas de nature \u00e0 nous plonger dans une visibilit\u00e9 qui nous permet d&rsquo;investir,\u00a0d&rsquo;avancer de fa\u00e7on sereine. Une entreprise, je l&rsquo;ai souvent dit, quelle qu&rsquo;elle soit, et quelles que soient ses priorit\u00e9s, doit d&rsquo;abord savoir o\u00f9 aller, avoir la capacit\u00e9 de se projeter.\u00a0<\/p>\n<p>\u00a0<\/p>\n<p>\u00ab\u00a0Il faut lib\u00e9rer le travail. Laisser bosser les gens. Favoriser la cr\u00e9ation de richesses plut\u00f4t que taxer la cr\u00e9ation de richesses.\u00a0\u00bb<\/p>\n<p>\u00a0<\/p>\n<p>\u00a0<\/p>\n<p><img decoding=\"async\" alt=\"\" src=\"https:\/\/www.europesays.com\/fr\/wp-content\/uploads\/2025\/08\/20250827185510-20250827-134401.jpg\"\/>La d\u00e9l\u00e9gation UPE 06, ce 27 ao\u00fbt, sur le stand du Medef Sud Corsica<\/p>\n<p>\u00a0<\/p>\n<p>\u00a0Une solution \u00e0 court (moyen, on est en France&#8230;) terme ?<\/p>\n<p>Il faut avoir le courage de d\u00e9penser moins. La solution, c&rsquo;est de r\u00e9duire -vraiment- les d\u00e9penses publiques. Ce n&rsquo;est pas la seule solution, mais c&rsquo;est l&rsquo;une des priorit\u00e9s. Si on veut faire 44 milliards d&rsquo;\u00e9conomies, automatiquement, se d\u00e9gagent deux hypoth\u00e8ses : soit r\u00e9duire les d\u00e9penses, soit augmenter les recettes. Augmenter les recettes, \u00e7a n&rsquo;est plus possible, nous sommes d\u00e9j\u00e0 les leaders mondiaux en termes de taxes. Donc il faut r\u00e9duire les d\u00e9penses. Encore une fois, c&rsquo;est math\u00e9matique.<\/p>\n<p>\u00a0<\/p>\n<p>\u00ab\u00a0Le chef d&rsquo;entreprise joue avec son portefeuille. Il d\u00e9pense l&rsquo;argent qu&rsquo;il a transpir\u00e9, pas celui des autres\u00a0\u00bb<\/p>\n<p>\u00a0<\/p>\n<p>\u00a0<\/p>\n<p>Une conclusion sur la REF. Premi\u00e8res impressions 2025 ?<\/p>\n<p>\u00a0<\/p>\n<p>La REF pour moi, c&rsquo;est le maximum de rendez-vous pour s&rsquo;inspirer de ce que font d&rsquo;autres territoires&#8230; C&rsquo;est tr\u00e8s important de pouvoir\u00a0identifier les pistes, quelles qu&rsquo;elles soient, mises en place ailleurs, celles qui fonctionnent. C&rsquo;est tout l&rsquo;int\u00e9r\u00eat\u00a0de la REF :\u00a0\u00e9changer avec d&rsquo;autres territoires, d&rsquo;autres dirigeants, hors \u00e9cosyst\u00e8me azur\u00e9en,\u00a0sur des probl\u00e9matiques qui, en r\u00e8gle g\u00e9n\u00e9rale, sont communes, mais qui sont parfois per\u00e7ues -ou trait\u00e9es diff\u00e9remment. Enrichissant.<\/p>\n<p>\u00a0<\/p>\n","protected":false},"excerpt":{"rendered":"Toute premi\u00e8re REF (Rencontres des Entrepreneurs de France \/ Medef) pour Franck Cannata en qualit\u00e9 de pr\u00e9sident de&hellip;\n","protected":false},"author":2,"featured_media":348313,"comment_status":"","ping_status":"","sticky":false,"template":"","format":"standard","meta":{"footnotes":""},"categories":[2819],"tags":[1111,11,1777,674,1011,27,12,2401,882,25],"class_list":{"0":"post-348312","1":"post","2":"type-post","3":"status-publish","4":"format-standard","5":"has-post-thumbnail","7":"category-nice","8":"tag-actu","9":"tag-actualites","10":"tag-eu","11":"tag-europe","12":"tag-fr","13":"tag-france","14":"tag-news","15":"tag-nice","16":"tag-provence-alpes-cote-dazur","17":"tag-republique-francaise"},"share_on_mastodon":{"url":"https:\/\/pubeurope.com\/@fr\/115102388463180359","error":""},"_links":{"self":[{"href":"https:\/\/www.europesays.com\/fr\/wp-json\/wp\/v2\/posts\/348312","targetHints":{"allow":["GET"]}}],"collection":[{"href":"https:\/\/www.europesays.com\/fr\/wp-json\/wp\/v2\/posts"}],"about":[{"href":"https:\/\/www.europesays.com\/fr\/wp-json\/wp\/v2\/types\/post"}],"author":[{"embeddable":true,"href":"https:\/\/www.europesays.com\/fr\/wp-json\/wp\/v2\/users\/2"}],"replies":[{"embeddable":true,"href":"https:\/\/www.europesays.com\/fr\/wp-json\/wp\/v2\/comments?post=348312"}],"version-history":[{"count":0,"href":"https:\/\/www.europesays.com\/fr\/wp-json\/wp\/v2\/posts\/348312\/revisions"}],"wp:featuredmedia":[{"embeddable":true,"href":"https:\/\/www.europesays.com\/fr\/wp-json\/wp\/v2\/media\/348313"}],"wp:attachment":[{"href":"https:\/\/www.europesays.com\/fr\/wp-json\/wp\/v2\/media?parent=348312"}],"wp:term":[{"taxonomy":"category","embeddable":true,"href":"https:\/\/www.europesays.com\/fr\/wp-json\/wp\/v2\/categories?post=348312"},{"taxonomy":"post_tag","embeddable":true,"href":"https:\/\/www.europesays.com\/fr\/wp-json\/wp\/v2\/tags?post=348312"}],"curies":[{"name":"wp","href":"https:\/\/api.w.org\/{rel}","templated":true}]}}