{"id":348314,"date":"2025-08-27T19:30:13","date_gmt":"2025-08-27T19:30:13","guid":{"rendered":"https:\/\/www.europesays.com\/fr\/348314\/"},"modified":"2025-08-27T19:30:13","modified_gmt":"2025-08-27T19:30:13","slug":"je-veux-retablir-lordre-dans-la-rue-et-dans-les-comptes-officiellement-candidat-a-nice-eric-ciotti-detaille-son-projet","status":"publish","type":"post","link":"https:\/\/www.europesays.com\/fr\/348314\/","title":{"rendered":"\u00ab\u00a0Je veux r\u00e9tablir l\u2019ordre dans la rue et dans les comptes\u00a0\u00bb: officiellement candidat \u00e0 Nice, Eric Ciotti d\u00e9taille son projet"},"content":{"rendered":"<p>\u00ab\u00a0Je veux devenir maire de toutes les Ni\u00e7oises et de tous les Ni\u00e7ois\u00a0\u00bb. \u00c9ric Ciotti a officiellement annonc\u00e9 \u00eatre candidat \u00e0 l\u2019\u00e9lection municipale dans la 5e ville de France lors des scrutins des 15 et 22 mars 2026, lors d\u2019une intervention en direct depuis la place Saint-Roch \u00e0 Nice \u00e0 la fin du journal de 13 heures de TF1.<\/p>\n<p>Une annonce de candidature que le d\u00e9put\u00e9 des Alpes-Maritimes et pr\u00e9sident de l\u2019UDR (Union des droites pour la R\u00e9publique) accompagne d\u2019un slogan \u00ab\u00a0le meilleur est \u00e0 venir\u00a0\u00bb, et d\u2019une \u00ab\u00a0Lettre aux Ni\u00e7ois\u00a0\u00bb de vingt pages pour d\u00e9tailler sa d\u00e9marche. Elle est diffus\u00e9e depuis ce mercredi sur son site Internet ciotti2026.fr et les r\u00e9seaux sociaux. Elle sera distribu\u00e9e \u00e0 partir de ce jeudi matin aux Ni\u00e7ois. Le duel entre le maire actuel Christian Estrosi, candidat \u00e0 un quatri\u00e8me mandat, et \u00c9ric Ciotti est donc officiellement lanc\u00e9. Une bataille qui fera partie des plus regard\u00e9es au plan national.<\/p>\n<p><strong>Vous aviez h\u00e9sit\u00e9 \u00e0 vous pr\u00e9senter en 2020. Qu\u2019est-ce qui, cette fois, vous pousse \u00e0 briguer la mairie de Nice en 2026?<\/strong><\/p>\n<p>Je pensais, \u00e0 l\u2019\u00e9poque, que le moment n\u2019\u00e9tait pas venu d\u2019ouvrir frontalement ce d\u00e9bat. La situation politique \u00e9tait diff\u00e9rente. Avec Christian Estrosi, nous appartenions \u00e0 la m\u00eame famille politique, m\u00eame si, en r\u00e9alit\u00e9, tout en restant \u00e0 LR, il avait bascul\u00e9 dans le camp macroniste depuis 2017. J\u2019ai voulu donner peut-\u00eatre une derni\u00e8re chance de r\u00e9parer certaines erreurs. Mais surtout, je dirais que le dernier mandat sur les trois qu\u2019a exerc\u00e9 Christian Estrosi est celui du d\u00e9rapage budg\u00e9taire, de la fuite en avant. C\u2019est le mandat des destructions d\u2019\u00e9quipements publics (Acropolis, le th\u00e9\u00e2tre, le bowling, la cin\u00e9math\u00e8que), dont j\u2019\u00e9value le co\u00fbt \u00e0 500 millions d\u2019euros, qui ont \u00e9t\u00e9 financ\u00e9s par l\u2019imp\u00f4t des Ni\u00e7ois. C\u2019est la marque d\u2019un pouvoir qui ne dispose plus de limites, plus de garde-fous. C\u2019est aussi une forme de d\u00e9rive dans un pouvoir personnel, qui a fait que le culte de l\u2019\u00eatre supr\u00eame s\u2019est substitu\u00e9 \u00e0 une politique de proximit\u00e9, de solidarit\u00e9, de fraternit\u00e9, d\u2019\u00e9coute, d\u2019humilit\u00e9 avec les Ni\u00e7ois.<\/p>\n<p><strong>Vous adressez une lettre aux Ni\u00e7ois. Pourquoi cette forme? Que leur dites-vous?<\/strong><\/p>\n<p>Je veux \u00eatre le candidat de la proximit\u00e9 des Ni\u00e7ois et des Ni\u00e7ois. C\u2019est pour \u00e7a que je veux ce lien direct avec eux, sans interm\u00e9diaire, sans page de publicit\u00e9, sans brochure de communication. Il y a eu un maire qui a d\u00e9truit. Moi, je veux \u00eatre le candidat qui construit et qui construit une nouvelle esp\u00e9rance. Je formule, dans la lettre, des propositions nouvelles.<\/p>\n<p><strong>Quelles sont vos priorit\u00e9s pour Nice?<\/strong><\/p>\n<p>Restaurer la s\u00e9curit\u00e9, respecter l\u2019argent des Ni\u00e7ois, agir pour la proximit\u00e9, porter un vrai d\u00e9veloppement \u00e9conomique, avoir une politique environnementale responsable, promouvoir et refaire de Nice un phare de la culture. Cela passe par le th\u00e9\u00e2tre national de Nice \u00e0 la Gare du Sud, un nouveau palais des congr\u00e8s et d\u2019exposition, une nouvelle prison, le doublement des effectifs de la police municipale. Je porte l\u2019engagement d\u2019effacer la derni\u00e8re hausse de la taxe fonci\u00e8re de 20%, intervenue \u00e0 l\u2019automne 2024. Ce sont des propositions concr\u00e8tes, des propositions sur la gratuit\u00e9 du stationnement sur deux heures, un plan de climatisation pour les \u00e9coles, un plan de d\u00e9veloppement des cr\u00e8ches pour les familles.<\/p>\n<p><strong>Si vous \u00eates \u00e9lu, quelles mesures de Christian Estrosi allez-vous annuler d\u00e8s le d\u00e9but de votre mandat?<\/strong><\/p>\n<p>Effacer la derni\u00e8re hausse de la taxe fonci\u00e8re de 20%.<\/p>\n<p><strong>Vous avez b\u00e2ti votre notori\u00e9t\u00e9 sur un discours national de fermet\u00e9 et de coupes budg\u00e9taires. Comment traduire ce discours localement?<\/strong><\/p>\n<p>R\u00e9tablir l\u2019ordre dans la rue et dans les comptes constituera la ligne directrice de ma campagne. C\u2019est totalement compatible. On l\u2019a fait au D\u00e9partement. On s\u2019est d\u00e9sendett\u00e9, on a baiss\u00e9 par deux fois la taxe fonci\u00e8re d\u00e9partementale et on a continu\u00e9 \u00e0 investir. Quand on g\u00e8re bien l\u2019argent public, qu\u2019on ne le gaspille pas, on y arrive. C\u2019est cette politique que je veux conduire. Naturellement, je suis candidat \u00e0 la mairie de Nice, mais aussi \u00e0 la pr\u00e9sidence de la M\u00e9tropole. Aujourd\u2019hui, l\u2019essentiel des comp\u00e9tences pour changer la vie des Ni\u00e7oises et des Ni\u00e7oises est \u00e0 la M\u00e9tropole.<\/p>\n<p><strong>Vous souhaitez baisser les imp\u00f4ts. Comment financerez-vous les projets municipaux dans une ville que vous d\u00eetes tr\u00e8s endett\u00e9e?<\/strong><\/p>\n<p>Il y a des \u00e9conomies de gestion qu\u2019il faudra faire. Nous l\u2019avons fait au d\u00e9partement sans que la qualit\u00e9 du service n\u00bbait \u00e9t\u00e9 alt\u00e9r\u00e9e. Les grands \u00e9v\u00e9nements qui co\u00fbtent des millions, voire des dizaines de millions d\u2019euros r\u00e9p\u00e9titifs pour une journ\u00e9e ne seront plus ma priorit\u00e9. Sans parler des gaspillages de 10 \u00e0 15 millions d\u2019euros pour financer un Grand Prix de Formule 1, des millions d\u2019euros pour financer des \u00e9missions de t\u00e9l\u00e9, tout \u00e7a sera abandonn\u00e9.<\/p>\n<p><strong>Comment comptez-vous rassembler une \u00e9quipe municipale alors que la droite ni\u00e7oise est fragment\u00e9e?<\/strong><\/p>\n<p>Ma liste est en grande partie d\u00e9j\u00e0 constitu\u00e9e. C\u2019est une liste d\u2019hommes et de femmes que je choisirai en fonction de leur talent, de leur comp\u00e9tence, de leur enracinement, au-del\u00e0 des \u00e9tiquettes politiques. N\u00e9anmoins je suis un homme de droite et je suis un homme qui souhaite l\u2019union des droites. Le moment n\u2019est pas venu d\u2019annoncer des noms. Mais il y aura naturellement les parlementaires ni\u00e7ois, les deux d\u00e9put\u00e9s ni\u00e7ois [Christelle d\u2019Intorni et Bernard Chaix] et le d\u00e9put\u00e9 europ\u00e9en [Laurent Castillo]. Ils incarnent une l\u00e9gitimit\u00e9 qui est la plus r\u00e9cente.<\/p>\n<p><strong>Quelle place donnez-vous aux alliances locales, notamment avec le RN?<\/strong><\/p>\n<p>Tous les hommes et les femmes de bonne volont\u00e9 qui me soutiennent auront leur place sur cette liste. Il y aura bien \u00e9videmment des personnes du RN. Il n\u2019y a pas d\u2019accord, les choses se font naturellement.<\/p>\n<p><strong>Comment allez-vous concilier vos responsabilit\u00e9s de d\u00e9put\u00e9 et de pr\u00e9sident de l\u2019UDR avec une campagne locale?<\/strong><\/p>\n<p>Nous aurons six mois de campagne. Je concilierai, comme je l\u2019ai toujours fait, mes responsabilit\u00e9s locales et nationales dans les six mois qui viennent. Et bien s\u00fbr, lorsque je serai maire de Nice, je quitterai mon mandat \u00e0 l\u2019Assembl\u00e9e nationale.<\/p>\n<p><strong>En cas de chute du gouvernement et de nouvelle dissolution de l\u2019Assembl\u00e9e nationale, abandonnerez-vous la 1re circonscription que vous d\u00e9tenez depuis 18 ans?<\/strong><\/p>\n<p>Le 8 septembre, je voterai sans aucune h\u00e9sitation contre ce gouvernement. Aussi bien contre le Premier ministre que contre le Pr\u00e9sident de la R\u00e9publique qui l\u2019a nomm\u00e9. Apr\u00e8s, je ne suis pas Madame Irma. Bien malin celui qui peut savoir ce que fera Emmanuel Macron. Ce que je souhaite, c\u2019est qu\u2019il d\u00e9missionne pour redonner la parole au peuple. Je ne suis pas certain qu\u2019il ait la hauteur ou le courage qu\u2019a eu le g\u00e9n\u00e9ral de Gaulle.<\/p>\n<p><strong>Si des \u00e9lections l\u00e9gislatives anticip\u00e9es ont lieu, elles interviendront avant les \u00e9lections municipales. Vous avez d\u00e9j\u00e0 r\u00e9fl\u00e9chi \u00e0 ce que vous allez faire?<\/strong><\/p>\n<p>Si tel est le cas, je prendrai mes responsabilit\u00e9s pour qu\u2019on ait une alternance au plan national.<\/p>\n<p><strong>Vous vous repr\u00e9senterez donc dans la 1re circonscription?<\/strong><\/p>\n<p>Je suis aujourd\u2019hui candidat \u00e0 l\u2019\u00e9lection municipale \u00e0 Nice. Et si les Ni\u00e7oises et les Ni\u00e7ois, ce dont je suis certain, me font confiance, je serai le maire \u00e0 plein temps de tous les Ni\u00e7ois et les Ni\u00e7ois.<\/p>\n<p><strong>Qu\u2019est-ce que Nice repr\u00e9sente pour vous personnellement et politiquement?<\/strong><\/p>\n<p>Nice, c\u2019est ma ville. C\u2019est l\u00e0 o\u00f9 je suis n\u00e9. Ce sont mes racines personnelles, familiales. C\u2019est ma terre. C\u2019est mon enfance. C\u2019est ma scolarit\u00e9. C\u2019est ma formation universitaire. Ce sont mes amis, ma famille. Et puis, politiquement, c\u2019est Nice qui m\u2019a tout donn\u00e9. Mon premier mandat \u00e9lectif, je l\u2019ai obtenu des Ni\u00e7oises et des Ni\u00e7ois en 2007.<\/p>\n<p><strong>Quelle ville voulez-vous laisser aux Ni\u00e7ois en 2032, au terme d\u2019un \u00e9ventuel mandat?<\/strong><\/p>\n<p>Je veux laisser une ville plus fraternelle, o\u00f9 les Ni\u00e7ois s\u2019\u00e9panouissent, o\u00f9 nos anciens vivent heureux avec la certitude que leurs enfants et leurs petits-enfants vivront heureux. Je veux r\u00e9installer un lien de proximit\u00e9 avec les Ni\u00e7ois, qu\u2019ils soient l\u2019objectif central de ma politique. Qu\u2019on pr\u00e9serve leur pouvoir d\u2019achat, donc leur argent. Qu\u2019ils aient les services publics qu\u2019ils m\u00e9ritent.<\/p>\n","protected":false},"excerpt":{"rendered":"\u00ab\u00a0Je veux devenir maire de toutes les Ni\u00e7oises et de tous les Ni\u00e7ois\u00a0\u00bb. \u00c9ric Ciotti a officiellement annonc\u00e9&hellip;\n","protected":false},"author":2,"featured_media":348315,"comment_status":"","ping_status":"","sticky":false,"template":"","format":"standard","meta":{"footnotes":""},"categories":[2819],"tags":[1111,11,1777,674,1011,27,12,2401,316,882,25],"class_list":{"0":"post-348314","1":"post","2":"type-post","3":"status-publish","4":"format-standard","5":"has-post-thumbnail","7":"category-nice","8":"tag-actu","9":"tag-actualites","10":"tag-eu","11":"tag-europe","12":"tag-fr","13":"tag-france","14":"tag-news","15":"tag-nice","16":"tag-politique","17":"tag-provence-alpes-cote-dazur","18":"tag-republique-francaise"},"share_on_mastodon":{"url":"https:\/\/pubeurope.com\/@fr\/115102392341221718","error":""},"_links":{"self":[{"href":"https:\/\/www.europesays.com\/fr\/wp-json\/wp\/v2\/posts\/348314","targetHints":{"allow":["GET"]}}],"collection":[{"href":"https:\/\/www.europesays.com\/fr\/wp-json\/wp\/v2\/posts"}],"about":[{"href":"https:\/\/www.europesays.com\/fr\/wp-json\/wp\/v2\/types\/post"}],"author":[{"embeddable":true,"href":"https:\/\/www.europesays.com\/fr\/wp-json\/wp\/v2\/users\/2"}],"replies":[{"embeddable":true,"href":"https:\/\/www.europesays.com\/fr\/wp-json\/wp\/v2\/comments?post=348314"}],"version-history":[{"count":0,"href":"https:\/\/www.europesays.com\/fr\/wp-json\/wp\/v2\/posts\/348314\/revisions"}],"wp:featuredmedia":[{"embeddable":true,"href":"https:\/\/www.europesays.com\/fr\/wp-json\/wp\/v2\/media\/348315"}],"wp:attachment":[{"href":"https:\/\/www.europesays.com\/fr\/wp-json\/wp\/v2\/media?parent=348314"}],"wp:term":[{"taxonomy":"category","embeddable":true,"href":"https:\/\/www.europesays.com\/fr\/wp-json\/wp\/v2\/categories?post=348314"},{"taxonomy":"post_tag","embeddable":true,"href":"https:\/\/www.europesays.com\/fr\/wp-json\/wp\/v2\/tags?post=348314"}],"curies":[{"name":"wp","href":"https:\/\/api.w.org\/{rel}","templated":true}]}}