{"id":348326,"date":"2025-08-27T19:36:12","date_gmt":"2025-08-27T19:36:12","guid":{"rendered":"https:\/\/www.europesays.com\/fr\/348326\/"},"modified":"2025-08-27T19:36:12","modified_gmt":"2025-08-27T19:36:12","slug":"video-tfc-le-club-de-la-ville-rose-annonce-un-stadium-a-guichets-fermes-pour-la-reception-du-psg-ce-samedi","status":"publish","type":"post","link":"https:\/\/www.europesays.com\/fr\/348326\/","title":{"rendered":"VIDEO. TFC\u00a0: le club de la Ville rose annonce un Stadium \u00e0 guichets ferm\u00e9s pour la r\u00e9ception du PSG ce samedi"},"content":{"rendered":"<p>\n                                                                    l&rsquo;essentiel<br \/>\n                                                                Le match face au PSG ce samedi suscite un engouement des plus forts \u00e0 Toulouse. Le TFC vient en effet d\u2019annoncer que le Stadium sera \u00e0 guichets ferm\u00e9s pour la r\u00e9ception du champion de France en titre.\n                            <\/p>\n<p>Un soutien qui aura son importance. Le TFC pourra compter sur le soutien de son public ce samedi 30\u00a0ao\u00fbt \u00e0 l\u2019occasion de la r\u00e9ception du PSG pour le compte de la 3e journ\u00e9e de Ligue 1. Le club de la Ville rose a annonc\u00e9 ce 27\u00a0juillet que le Stadium serait \u00e0 guichets ferm\u00e9s pour accueillir le champion de France en titre, ce qui n\u2019est pas arriv\u00e9 depuis\u2026 <a href=\"https:\/\/www.ladepeche.fr\/2025\/02\/10\/tfc-psg-ca-y-est-le-stadium-sera-a-guichets-fermes-samedi-soir-pour-la-reception-des-stars-parisiennes-12503899.php\" target=\"_self\" rel=\"nofollow noopener\">La r\u00e9ception du PSG au mois de f\u00e9vrier<\/a>.<\/p>\n<p class=\"std-elt__inline\">\n        <strong>\u00c0 lire aussi :<\/strong><br \/>\n        <a href=\"https:\/\/www.ladepeche.fr\/2025\/08\/26\/tfc-et-si-dayann-methalie-etait-la-meilleure-recrue-des-violets-le-jeune-pitchoun-creve-lecran-depuis-le-debut-de-la-saison-12894266.php\" rel=\"nofollow noopener\" target=\"_blank\">TFC\u00a0: et si Dayann Methalie \u00e9tait la meilleure \u00ab\u00a0recrue\u00a0\u00bb des Violets\u00a0? Le jeune Pitchoun cr\u00e8ve l\u2019\u00e9cran depuis le d\u00e9but de la saison<\/a>\n    <\/p>\n<p>Ce ne sont donc pas moins de 32\u00a0880 personnes qui chanteront le\u00a0Se Canto\u00a0en avant-match pour encourager les Violets. Apr\u00e8s un d\u00e9but de saison id\u00e9al avec 2 victoires en 2 matchs face \u00e0 Nice (0-1) et Brest (2-0), c\u2019est un tout autre morceau qui attend les hommes de Carles Martinez Novell le week-end prochain. Le PSG a \u00e9galement bien d\u00e9but\u00e9, puisque les joueurs\u00a0de Luis Enrique ont gagn\u00e9 face \u00e0 Nantes (0-1) et Angers (1-0).<\/p>\n<p class=\"std-elt__inline\">\n        <strong>\u00c0 lire aussi :<\/strong><br \/>\n        <a href=\"https:\/\/www.ladepeche.fr\/2025\/08\/26\/tfc-psg-un-duo-inedit-de-commentateurs-sur-ligue-1-pour-le-choc-au-sommet-du-classement-samedi-soir-au-stadium-12894388.php\" rel=\"nofollow noopener\" target=\"_blank\">TFC-PSG\u00a0: un duo in\u00e9dit de commentateurs sur Ligue 1 +\u00a0pour le choc au sommet du classement, samedi soir au Stadium<\/a>\n    <\/p>\n<p>La saison pass\u00e9e, le champion d\u2019Europe en titre avait remport\u00e9 ses deux rencontres face aux Violets, avec un succ\u00e8s ais\u00e9 au Parc des Princes (3-0) et une courte victoire au Stadium (0-1). Cette ann\u00e9e, quelques motifs d\u2019espoir existent pour le TFC, face \u00e0 une \u00e9quipe parisienne encore en reprise et en manque de rythme, qui pourrait se faire surprendre par l\u2019intensit\u00e9 des Violets en ce d\u00e9but de saison. S\u2019il existe un moment o\u00f9 le PSG peut \u00eatre prenable, la rencontre de samedi ressemble \u00e0 l\u2019occasion\u00a0id\u00e9ale.<\/p>\n","protected":false},"excerpt":{"rendered":"l&rsquo;essentiel Le match face au PSG ce samedi suscite un engouement des plus forts \u00e0 Toulouse. Le TFC&hellip;\n","protected":false},"author":2,"featured_media":348327,"comment_status":"","ping_status":"","sticky":false,"template":"","format":"standard","meta":{"footnotes":""},"categories":[2816],"tags":[1111,11,1777,674,1011,27,12,2680,25,2312],"class_list":{"0":"post-348326","1":"post","2":"type-post","3":"status-publish","4":"format-standard","5":"has-post-thumbnail","7":"category-toulouse","8":"tag-actu","9":"tag-actualites","10":"tag-eu","11":"tag-europe","12":"tag-fr","13":"tag-france","14":"tag-news","15":"tag-occitanie","16":"tag-republique-francaise","17":"tag-toulouse"},"share_on_mastodon":{"url":"https:\/\/pubeurope.com\/@fr\/115102415938447520","error":""},"_links":{"self":[{"href":"https:\/\/www.europesays.com\/fr\/wp-json\/wp\/v2\/posts\/348326","targetHints":{"allow":["GET"]}}],"collection":[{"href":"https:\/\/www.europesays.com\/fr\/wp-json\/wp\/v2\/posts"}],"about":[{"href":"https:\/\/www.europesays.com\/fr\/wp-json\/wp\/v2\/types\/post"}],"author":[{"embeddable":true,"href":"https:\/\/www.europesays.com\/fr\/wp-json\/wp\/v2\/users\/2"}],"replies":[{"embeddable":true,"href":"https:\/\/www.europesays.com\/fr\/wp-json\/wp\/v2\/comments?post=348326"}],"version-history":[{"count":0,"href":"https:\/\/www.europesays.com\/fr\/wp-json\/wp\/v2\/posts\/348326\/revisions"}],"wp:featuredmedia":[{"embeddable":true,"href":"https:\/\/www.europesays.com\/fr\/wp-json\/wp\/v2\/media\/348327"}],"wp:attachment":[{"href":"https:\/\/www.europesays.com\/fr\/wp-json\/wp\/v2\/media?parent=348326"}],"wp:term":[{"taxonomy":"category","embeddable":true,"href":"https:\/\/www.europesays.com\/fr\/wp-json\/wp\/v2\/categories?post=348326"},{"taxonomy":"post_tag","embeddable":true,"href":"https:\/\/www.europesays.com\/fr\/wp-json\/wp\/v2\/tags?post=348326"}],"curies":[{"name":"wp","href":"https:\/\/api.w.org\/{rel}","templated":true}]}}