{"id":348328,"date":"2025-08-27T19:37:18","date_gmt":"2025-08-27T19:37:18","guid":{"rendered":"https:\/\/www.europesays.com\/fr\/348328\/"},"modified":"2025-08-27T19:37:18","modified_gmt":"2025-08-27T19:37:18","slug":"11-km-de-bouchons-se-sont-rapidement-crees-ce-mercredi-soir","status":"publish","type":"post","link":"https:\/\/www.europesays.com\/fr\/348328\/","title":{"rendered":"11 km de bouchons se sont rapidement cr\u00e9\u00e9s ce mercredi soir"},"content":{"rendered":"<p>            Par<br \/>\n        <strong><br \/>\n            <a href=\"https:\/\/actu.fr\/auteur\/margot-nicodeme\" title=\"Consulter tous les articles de Margot Nicod\u00e8me\" target=\"_blank\" rel=\"noopener\">Margot Nicod\u00e8me<\/a><br \/>\n        <\/strong><\/p>\n<p>        Publi\u00e9 le<\/p>\n<p>            27 ao\u00fbt 2025 \u00e0 19h09        <\/p>\n<p>Sur un axe comme <a href=\"https:\/\/actu.fr\/tag\/autoroute-1-a1\" target=\"_blank\" rel=\"noopener\"><b>l\u2019autoroute A1<\/b><\/a>, les accidents ne tardent pas \u00e0 g\u00e9n\u00e9rer des <b>kilom\u00e8tres de bouchons<\/b>. C\u2019\u00e9tait le cas, ce mercredi 27 ao\u00fbt 2025 en fin d\u2019apr\u00e8s-midi, au niveau de Seclin (Nord). En direction de Lille, <b>la circulation ne se faisait plus que sur une seule voie<\/b>, peu avant 18\u2009h.<\/p>\n<p>Accident sur l\u2019A1\u2009: 11\u00a0km de bouchons avant Seclin, 8\u00a0km dans l\u2019autre sens<\/p>\n<p class=\" wall-content\">La collision s\u2019est produite entre deux v\u00e9hicules, dans le sens Paris \u2013 Lille. Le trafic s\u2019est fait uniquement sur la voie de gauche, provoquant la cr\u00e9ation d\u2019un<b> embouteillage de 11\u00a0km<\/b>, entre <a href=\"https:\/\/actu.fr\/hauts-de-france\/carvin_62215\" target=\"_blank\" rel=\"noopener\">Carvin<\/a> (Pas-de-Calais) et Seclin.<\/p>\n<p class=\" wall-content\">Dans l\u2019autre sens, un bouchon dit \u00ab\u2009de curiosit\u00e9\u2009\u00bb s\u2019est form\u00e9\u2009; <b>il s\u2019\u00e9tend sur 8\u00a0km<\/b> \u00e0 17\u2009h\u200955.<\/p>\n<p class=\" wall-content\">Vers 19\u2009h, l\u2019accident \u00e9tait termin\u00e9 et t<b>outes les voie<\/b><b>s<\/b><b> sont rouvertes \u00e0 la circulation.\u00a0<\/b>Quelques difficult\u00e9s persistaient toutefois <b>vers\u00a0<\/b><b>Lille<\/b><b>\u00a0entre\u00a0<\/b><b>Libercourt<\/b><b>\u00a0et\u00a0<\/b><b>Phalempin.\u00a0Grande prudence \u00e0 l\u2019approche du secteur.<\/b><\/p>\n<p class=\" wall-content\">Personnalisez votre actualit\u00e9 en ajoutant vos villes et m\u00e9dias en favori avec <a href=\"https:\/\/moncompte.actu.fr\" title=\"D\u00e9couvez Mon Actu\" rel=\"nofollow noopener\" data-trk=\"{&quot;cta&quot;:{&quot;action&quot;:&quot;https:\\\/\\\/moncompte.actu.fr&quot;,&quot;category&quot;:&quot;mon compte&quot;,&quot;from&quot;:&quot;article footer&quot;,&quot;name&quot;:&quot;Mon actu&quot;,&quot;type&quot;:&quot;cta&quot;}}\" target=\"_blank\">Mon Actu<\/a>.<\/p>\n","protected":false},"excerpt":{"rendered":"Par Margot Nicod\u00e8me Publi\u00e9 le 27 ao\u00fbt 2025 \u00e0 19h09 Sur un axe comme l\u2019autoroute A1, les accidents&hellip;\n","protected":false},"author":2,"featured_media":348329,"comment_status":"","ping_status":"","sticky":false,"template":"","format":"standard","meta":{"footnotes":""},"categories":[2815],"tags":[119,1111,11,9904,1777,674,1011,27,811,803,1307,12,25,104],"class_list":{"0":"post-348328","1":"post","2":"type-post","3":"status-publish","4":"format-standard","5":"has-post-thumbnail","7":"category-lille","8":"tag-accident","9":"tag-actu","10":"tag-actualites","11":"tag-autoroute-1-a1","12":"tag-eu","13":"tag-europe","14":"tag-fr","15":"tag-france","16":"tag-hauts-de-france","17":"tag-info-trafic","18":"tag-lille","19":"tag-news","20":"tag-republique-francaise","21":"tag-societe"},"share_on_mastodon":{"url":"https:\/\/pubeurope.com\/@fr\/115102420198334107","error":""},"_links":{"self":[{"href":"https:\/\/www.europesays.com\/fr\/wp-json\/wp\/v2\/posts\/348328","targetHints":{"allow":["GET"]}}],"collection":[{"href":"https:\/\/www.europesays.com\/fr\/wp-json\/wp\/v2\/posts"}],"about":[{"href":"https:\/\/www.europesays.com\/fr\/wp-json\/wp\/v2\/types\/post"}],"author":[{"embeddable":true,"href":"https:\/\/www.europesays.com\/fr\/wp-json\/wp\/v2\/users\/2"}],"replies":[{"embeddable":true,"href":"https:\/\/www.europesays.com\/fr\/wp-json\/wp\/v2\/comments?post=348328"}],"version-history":[{"count":0,"href":"https:\/\/www.europesays.com\/fr\/wp-json\/wp\/v2\/posts\/348328\/revisions"}],"wp:featuredmedia":[{"embeddable":true,"href":"https:\/\/www.europesays.com\/fr\/wp-json\/wp\/v2\/media\/348329"}],"wp:attachment":[{"href":"https:\/\/www.europesays.com\/fr\/wp-json\/wp\/v2\/media?parent=348328"}],"wp:term":[{"taxonomy":"category","embeddable":true,"href":"https:\/\/www.europesays.com\/fr\/wp-json\/wp\/v2\/categories?post=348328"},{"taxonomy":"post_tag","embeddable":true,"href":"https:\/\/www.europesays.com\/fr\/wp-json\/wp\/v2\/tags?post=348328"}],"curies":[{"name":"wp","href":"https:\/\/api.w.org\/{rel}","templated":true}]}}